{"id":50634,"date":"2022-07-08T21:23:59","date_gmt":"2022-07-09T00:23:59","guid":{"rendered":"https:\/\/vocesparalelas.com.ar\/sitio\/?p=50634"},"modified":"2022-07-10T23:00:00","modified_gmt":"2022-07-11T02:00:00","slug":"disfruta-las-vacaciones-de-invierno-en-el-skatepark-de-san-juan","status":"publish","type":"post","link":"https:\/\/vocesparalelas.com.ar\/sitio\/disfruta-las-vacaciones-de-invierno-en-el-skatepark-de-san-juan\/","title":{"rendered":"Disfruta las Vacaciones de invierno en el Skatepark de San Juan"},"content":{"rendered":"<div class=\"itemFullText\">\n<p>Palpitando las vacaciones de invierno que arranca ma\u00f1ana 9 de julio y se extiende hasta el domingo 24 del corriente mes, la Secretar\u00eda de Estado de Deportes te invita a participar de las diferentes actividades que se desarrollan a partir del S\u00e1bado, 9 de Julio, en el Skatepark Ol\u00edmpico de la provincia de San Juan.<\/p>\n<p>Las diversas actividades como BMX, Rollers, Rollers, Quadskate entre otras son totalmente gratuitas y es para todos aquellos que desean participar, solo debes ir al lugar y participar gratuitamente.<\/p>\n<p><span style=\"color: #99cc00;\"><strong>Cronograma de actividades<\/strong><\/span><\/p>\n<p><span style=\"color: #99cc00;\"><strong>Lunes, Mi\u00e9rcoles y Viernes<\/strong><\/span><\/p>\n<ul>\n<li>Skateboarding de 13 a 18 hs.<\/li>\n<\/ul>\n<p><strong><span style=\"color: #99cc00;\">Martes y Jueves, BMX, Rollers y Quadskate<\/span><\/strong><\/p>\n<ul>\n<li>13 a 15 hs BMX (Park).<\/li>\n<li>13 a 15 hs Rollers &#8211; Quadskate (Street).<\/li>\n<li>15 a 16:30 hs BMX (Street).<\/li>\n<li>15 a 16:30 hs Rollers &#8211; Quadskate (Park).<\/li>\n<li>16:30 a 18 hs BMX (Park).<\/li>\n<li>16:30hs a 18hs Rollers &#8211; Quadskate ( Street).<\/li>\n<\/ul>\n<p><strong><span style=\"color: #99cc00;\">S\u00e1bado y Domingo<\/span><\/strong><\/p>\n<p><strong><span style=\"color: #99cc00;\">De 11 a 13 hs<\/span><\/strong><\/p>\n<ul>\n<li>Skate,<\/li>\n<li>Roller,<\/li>\n<li>Quads<\/li>\n<\/ul>\n<p><span style=\"color: #99cc00;\"><strong>De 13 a 15:30 hs<\/strong><\/span><\/p>\n<ul>\n<li>Park\/Skate, Roller, Quads<\/li>\n<li>Street \/ BMX<\/li>\n<\/ul>\n<p><span style=\"color: #99cc00;\"><strong>De 15:30 a 18 hs<\/strong><\/span><\/p>\n<ul>\n<li>Park\/Bmx<\/li>\n<li>Street\/Skate, Roller, Quads<\/li>\n<\/ul>\n<p>Adem\u00e1s de tener diversas actividades se llevaran a cabo diferentes cl\u00ednicas de skate a cargo de Marco Gabriel Funes, Director Skatear, Escuela de Skate, inscripci\u00f3n libre y gratuita con cupos limitados, solo deben asistir al lugar e inscribirse.<\/p>\n<p><span style=\"color: #99cc00;\"><strong>Capacitaci\u00f3n para Profesores del 11 al 15 de Septiembre<\/strong><\/span><\/p>\n<ul>\n<li>De 9 a 11 hs.; en Sal\u00f3n del Colegio M\u00e9dico, curso te\u00f3rico.<\/li>\n<li>De 11 a 13 hs., curso pr\u00e1ctico en el Skatepark.<\/li>\n<\/ul>\n<p><span style=\"color: #99cc00;\"><strong>Cl\u00ednica profesores de skate<\/strong><\/span><\/p>\n<p>1- Introduccion a la ense\u00f1anza.<\/p>\n<p>2- Charla sobre seguridad y riesgos.<\/p>\n<p>3- C\u00f3mo utilizar correctamente las protecciones.<\/p>\n<p>4- T\u00e9cnicas de ense\u00f1anza y pr\u00e1ctica.<\/p>\n<p>5- Niveles de ense\u00f1anza.<\/p>\n<p>6- C\u00f3mo generar conexi\u00f3n con el alumno.<\/p>\n<p>7- Primeros pasos.<\/p>\n<p>8- T\u00e9cnicas de asistencia durante la ense\u00f1anza.<\/p>\n<p>9- T\u00e9nicas de asistencia en diferentes obst\u00e1culos.<\/p>\n<p>10- Primeros auxilios y c\u00f3mo actuar ante diferentes tipos de lesiones.<\/p>\n<p>11- Importacia de la salud f\u00edsica y mental.<\/p>\n<p>12- \u00d3rden y organizaci\u00f3n de clases.<\/p>\n<p>13- Taller de reparaci\u00f3n de skateboarding.<\/p>\n<p>14- Clase pr\u00e1ctica en el Skatepark.<\/p>\n<p><strong><span style=\"color: #99cc00;\">Cl\u00ednica de Ni\u00f1os<\/span><\/strong><\/p>\n<ul>\n<li>Colonia Park del 11 al 15 de Julio, en el Skatepark (modalidad Street) de 11 a 13 hs.<\/li>\n<\/ul>\n<p><span style=\"color: #99cc00;\"><strong>Cl\u00ednica ni\u00f1os (pr\u00e1ctica)<\/strong><\/span><\/p>\n<p>1-Introducci\u00f3n al skatebording.<\/p>\n<p>2- Charla sobre seguridad y riesgos.<\/p>\n<p>3- Primeros pasos.<\/p>\n<p>4- Composici\u00f3n de una tabla de skate.<\/p>\n<p>5- Iniciaci\u00f3n.<\/p>\n<p>6- Formas correctas de utilizar un skate.<\/p>\n<p>7- Nombres de obst\u00e1culos y c\u00f3mo utilizar un skatepark \u2013 reglas b\u00e1sicas.<\/p>\n<p>8- T\u00e9cnicas para empujar y giros.<\/p>\n<\/div>\n<div class=\"clr\">Publicado el Viernes, 08 de Julio de 2022<\/div>\n","protected":false},"excerpt":{"rendered":"<p>Palpitando las vacaciones de invierno que arranca ma\u00f1ana 9 de julio y se extiende hasta el domingo 24 del corriente<\/p>\n","protected":false},"author":3,"featured_media":50636,"comment_status":"closed","ping_status":"closed","sticky":false,"template":"","format":"standard","meta":{"_acf_changed":false,"_seopress_robots_primary_cat":"none","_seopress_titles_title":"","_seopress_titles_desc":"","_seopress_robots_index":"","colormag_page_container_layout":"default_layout","colormag_page_sidebar_layout":"default_layout","footnotes":""},"categories":[20],"tags":[],"class_list":["post-50634","post","type-post","status-publish","format-standard","has-post-thumbnail","hentry","category-cartelera"],"acf":[],"_links":{"self":[{"href":"https:\/\/vocesparalelas.com.ar\/sitio\/wp-json\/wp\/v2\/posts\/50634","targetHints":{"allow":["GET"]}}],"collection":[{"href":"https:\/\/vocesparalelas.com.ar\/sitio\/wp-json\/wp\/v2\/posts"}],"about":[{"href":"https:\/\/vocesparalelas.com.ar\/sitio\/wp-json\/wp\/v2\/types\/post"}],"author":[{"embeddable":true,"href":"https:\/\/vocesparalelas.com.ar\/sitio\/wp-json\/wp\/v2\/users\/3"}],"replies":[{"embeddable":true,"href":"https:\/\/vocesparalelas.com.ar\/sitio\/wp-json\/wp\/v2\/comments?post=50634"}],"version-history":[{"count":1,"href":"https:\/\/vocesparalelas.com.ar\/sitio\/wp-json\/wp\/v2\/posts\/50634\/revisions"}],"predecessor-version":[{"id":50637,"href":"https:\/\/vocesparalelas.com.ar\/sitio\/wp-json\/wp\/v2\/posts\/50634\/revisions\/50637"}],"wp:featuredmedia":[{"embeddable":true,"href":"https:\/\/vocesparalelas.com.ar\/sitio\/wp-json\/wp\/v2\/media\/50636"}],"wp:attachment":[{"href":"https:\/\/vocesparalelas.com.ar\/sitio\/wp-json\/wp\/v2\/media?parent=50634"}],"wp:term":[{"taxonomy":"category","embeddable":true,"href":"https:\/\/vocesparalelas.com.ar\/sitio\/wp-json\/wp\/v2\/categories?post=50634"},{"taxonomy":"post_tag","embeddable":true,"href":"https:\/\/vocesparalelas.com.ar\/sitio\/wp-json\/wp\/v2\/tags?post=50634"}],"curies":[{"name":"wp","href":"https:\/\/api.w.org\/{rel}","templated":true}]}}