{"id":50623,"date":"2022-07-08T01:29:34","date_gmt":"2022-07-08T04:29:34","guid":{"rendered":"https:\/\/vocesparalelas.com.ar\/sitio\/?p=50623"},"modified":"2022-07-10T23:00:33","modified_gmt":"2022-07-11T02:00:33","slug":"festivales-de-las-asociaciones-musicales-de-san-juan","status":"publish","type":"post","link":"https:\/\/vocesparalelas.com.ar\/sitio\/festivales-de-las-asociaciones-musicales-de-san-juan\/","title":{"rendered":"Festivales de las Asociaciones Musicales de San Juan"},"content":{"rendered":"<p>En el marco de la mesa de di\u00e1logo del Acuerdo San Juan, nace un trabajo en conjunto entre asociaciones musicales de San Juan y el Ministerio de Turismo y Cultura del Gobierno de San Juan.<\/p>\n<p>Esta iniciativa tiene por objetivo poner en valor los sectores de las industrias culturales, posibilitando as\u00ed un amplio espacio de comunicaci\u00f3n y contenci\u00f3n para el sector musical de<br \/>\nla provincia.<\/p>\n<p>En esta l\u00ednea de acci\u00f3n, los referentes de las organizaciones<\/p>\n<ul>\n<li>Asociaci\u00f3n M\u00fasicos Unidos Sanjuaninos &#8211; OMUS<\/li>\n<li>Organizaci\u00f3n de M\u00fasicos Autoconvocados de San Juan &#8211; OMA<\/li>\n<li>Asociaci\u00f3n Civil de M\u00fasicos Independientes Sanjuaninos- ACMIS<\/li>\n<li>Asociaci\u00f3n M\u00fasicas de San Juan<\/li>\n<\/ul>\n<p>Lanzaron con el apoyo de las autoridades de Turismo y Cultura, un calendario oficial de Festivales de las Asociaciones Musicales.<\/p>\n<p>En el marco del programa \u201cSan Juan y su M\u00fasica\u201d, estos encuentros musicales son ocho<br \/>\nen total a desarrollarse en diferentes departamentos, con dos ediciones, iniciando ahora en<br \/>\nJulio y hasta mediados de Noviembre, con la participaci\u00f3n de m\u00e1s de 250 m\u00fasicos,<br \/>\nexpositores y referentes del sector musical local.<\/p>\n<p>Este acuerdo de cooperaci\u00f3n, tambi\u00e9n incluye programas art\u00edsticos de formaci\u00f3n, conversatorios y diferentes muestras.<\/p>\n<p>El p\u00fablico puede disfrutar de un amplio repertorio de g\u00e9neros a cargo de los artistas<br \/>\nsanjuaninos con entrada libre y gratuita. Todos los festivales se desarrollan de 16 a 20 hs.<\/p>\n<p><strong><span style=\"color: #ff9900;\">Programa<\/span><\/strong><\/p>\n<p><strong><span style=\"color: #ff9900;\">Domingo, 10 de Julio, Festival de la OMA en la plaza departamental de Pocito. Conducci\u00f3n a cargo de Yanina Llamas.<\/span><\/strong><\/p>\n<ul>\n<li>16hs: Conversatorio de Gesti\u00f3n Musical, destinado para gestores culturales<\/li>\n<li>17hs: Actuaci\u00f3n de bandas en vivo: Echega -Fabricio montilla &#8211; Fondo de bikini &#8211; Trivu y Gen\u00e9tica 3.<\/li>\n<\/ul>\n<p><strong><span style=\"color: #ff9900;\">Domingo, 17 de Julio, Festival ACMIS en Albard\u00f3n, lugar a confirmar<\/span><\/strong><\/p>\n<ul>\n<li>16 hs: Conversatorio de composici\u00f3n musical y canto<\/li>\n<li>17 hs: Actuaci\u00f3n de Ale A, Mili Yacante, Dizzy Pals, Mi a\u00f1o Sab\u00e1tico y \u00c1ngel Porco<\/li>\n<\/ul>\n<p><strong><span style=\"color: #ff9900;\">Domingo 24 de Julio, Festival OMUS en Rawson, lugar a confirmar<\/span><\/strong><\/p>\n<ul>\n<li>16 hs: Apertura con un conversatorio informativo<\/li>\n<li>17 hs: m\u00fasica en vivo de Skaraboom, Marine Aballay, Delmate y Coir\u00f3n<\/li>\n<\/ul>\n<p><span style=\"color: #ff9900;\"><strong>Domingo, 31 de Julio, Asociaci\u00f3n M\u00fasicas San Juan en Caucete, lugar a confirmar<\/strong><\/span><\/p>\n<p>Actuaci\u00f3n en vivo de:<\/p>\n<ul>\n<li>A poncho, m\u00fasica para las infancias y toda la familia,<\/li>\n<li>Mari\u00fa, folklore cuyano<\/li>\n<li>La llaga, tango<\/li>\n<li>Carla Tello,<\/li>\n<li>Mariana<\/li>\n<li>Viera Campbell,<\/li>\n<li>Agustina Cano<\/li>\n<li>Luli Gon,<\/li>\n<li>Zonda Blues<\/li>\n<li>Flor Tomassini como invitada.<\/li>\n<\/ul>\n","protected":false},"excerpt":{"rendered":"<p>En el marco de la mesa de di\u00e1logo del Acuerdo San Juan, nace un trabajo en conjunto entre asociaciones musicales<\/p>\n","protected":false},"author":3,"featured_media":18357,"comment_status":"closed","ping_status":"closed","sticky":false,"template":"","format":"standard","meta":{"_acf_changed":false,"_seopress_robots_primary_cat":"none","_seopress_titles_title":"","_seopress_titles_desc":"","_seopress_robots_index":"","colormag_page_container_layout":"default_layout","colormag_page_sidebar_layout":"default_layout","footnotes":""},"categories":[6],"tags":[],"class_list":["post-50623","post","type-post","status-publish","format-standard","has-post-thumbnail","hentry","category-eventos"],"acf":[],"_links":{"self":[{"href":"https:\/\/vocesparalelas.com.ar\/sitio\/wp-json\/wp\/v2\/posts\/50623","targetHints":{"allow":["GET"]}}],"collection":[{"href":"https:\/\/vocesparalelas.com.ar\/sitio\/wp-json\/wp\/v2\/posts"}],"about":[{"href":"https:\/\/vocesparalelas.com.ar\/sitio\/wp-json\/wp\/v2\/types\/post"}],"author":[{"embeddable":true,"href":"https:\/\/vocesparalelas.com.ar\/sitio\/wp-json\/wp\/v2\/users\/3"}],"replies":[{"embeddable":true,"href":"https:\/\/vocesparalelas.com.ar\/sitio\/wp-json\/wp\/v2\/comments?post=50623"}],"version-history":[{"count":1,"href":"https:\/\/vocesparalelas.com.ar\/sitio\/wp-json\/wp\/v2\/posts\/50623\/revisions"}],"predecessor-version":[{"id":50625,"href":"https:\/\/vocesparalelas.com.ar\/sitio\/wp-json\/wp\/v2\/posts\/50623\/revisions\/50625"}],"wp:featuredmedia":[{"embeddable":true,"href":"https:\/\/vocesparalelas.com.ar\/sitio\/wp-json\/wp\/v2\/media\/18357"}],"wp:attachment":[{"href":"https:\/\/vocesparalelas.com.ar\/sitio\/wp-json\/wp\/v2\/media?parent=50623"}],"wp:term":[{"taxonomy":"category","embeddable":true,"href":"https:\/\/vocesparalelas.com.ar\/sitio\/wp-json\/wp\/v2\/categories?post=50623"},{"taxonomy":"post_tag","embeddable":true,"href":"https:\/\/vocesparalelas.com.ar\/sitio\/wp-json\/wp\/v2\/tags?post=50623"}],"curies":[{"name":"wp","href":"https:\/\/api.w.org\/{rel}","templated":true}]}}