{"id":50613,"date":"2022-07-07T21:07:08","date_gmt":"2022-07-08T00:07:08","guid":{"rendered":"https:\/\/vocesparalelas.com.ar\/sitio\/?p=50613"},"modified":"2022-07-08T23:34:18","modified_gmt":"2022-07-09T02:34:18","slug":"cine-para-chicos-vacaciones-de-invierno-2022","status":"publish","type":"post","link":"https:\/\/vocesparalelas.com.ar\/sitio\/cine-para-chicos-vacaciones-de-invierno-2022\/","title":{"rendered":"Cine para chicos \u00abVacaciones de Invierno 2022\u00bb"},"content":{"rendered":"<p>UPCN Seccional San Juan te invita al Cine para chicos \u00abVacaciones de Invierno 2022\u00bb para que disfrute en familia los Martes y Jueves, a las 16 hs.; con entrada libre y gratuita para el p\u00fablico en general sea afiliado o no al gremio.<\/p>\n<ul>\n<li><span style=\"color: #3366ff;\"><strong>RED<\/strong><\/span>, el Martes, 12 de Julio, a las 16 hs<\/li>\n<\/ul>\n<p><strong><span style=\"color: #3366ff;\">S\u00edntesis<\/span><\/strong><\/p>\n<p>Mei Lee es una ni\u00f1a china-canadiense de trece a\u00f1os que se debate entre ser la hija obediente de su madre y el caos de la adolescencia. Y, por si los cambios en sus intereses, relaciones y cuerpo no fueran suficientes, cada vez que se emociona o estresa demasiado, se convierte en un panda rojo gigante.<\/p>\n<p><iframe loading=\"lazy\" title=\"Red | Tr\u00e1iler Oficial | Doblado\" width=\"800\" height=\"450\" src=\"https:\/\/www.youtube.com\/embed\/upGoAejd7LM?feature=oembed\" frameborder=\"0\" allow=\"accelerometer; autoplay; clipboard-write; encrypted-media; gyroscope; picture-in-picture\" allowfullscreen><\/iframe><\/p>\n<ul>\n<li><strong><span style=\"color: #3366ff;\">ENCANTO<\/span><\/strong>, el\u00a0Jueves, 14 de Julio, a las 16 hs.<\/li>\n<\/ul>\n<p><strong><span style=\"color: #3366ff;\">S\u00edntesis<\/span><\/strong><\/p>\n<p>Mirabel es la \u00fanica integrante de la familia Madrigal sin ning\u00fan tipo de don \u00fanico, pero puede convertirse en la \u00fanica esperanza para ellos.<\/p>\n<p><iframe loading=\"lazy\" title=\"Encanto | Tr\u00e1iler Oficial | Disney @Disney Studios LA\" width=\"800\" height=\"450\" src=\"https:\/\/www.youtube.com\/embed\/E4dCY_DvT-4?feature=oembed\" frameborder=\"0\" allow=\"accelerometer; autoplay; clipboard-write; encrypted-media; gyroscope; picture-in-picture\" allowfullscreen><\/iframe><\/p>\n<ul>\n<li><strong><span style=\"color: #3366ff;\">SING 2 \u00a1VEN Y CANTA DE NUEVO!<\/span><\/strong>, el\u00a0Martes, 19 de Julio, a las 16 hs<\/li>\n<\/ul>\n<p><strong><span style=\"color: #3366ff;\">S\u00edntesis<\/span><\/strong><\/p>\n<p>Buster Moon y su elenco de animales artistas se preparan para lanzar un deslumbrante espect\u00e1culo esc\u00e9nico en la capital mundial del entretenimiento. Solo hay un problema: debe convencer a la estrella de rock m\u00e1s solitaria del mundo de unirse a ellos.<\/p>\n<p><iframe loading=\"lazy\" title=\"Sing 2, Ven Y Canta De Nuevo \u2013 Tr\u00e1iler Oficial (Universal Pictures) HD\" width=\"800\" height=\"450\" src=\"https:\/\/www.youtube.com\/embed\/HREn8iMT2vo?feature=oembed\" frameborder=\"0\" allow=\"accelerometer; autoplay; clipboard-write; encrypted-media; gyroscope; picture-in-picture\" allowfullscreen><\/iframe><\/p>\n<ul>\n<li><strong><span style=\"color: #3366ff;\">LA FAMILIA MONSTER 2<\/span><\/strong>, el\u00a0Jueves, 21 de Julio, a las 16 hs.<\/li>\n<\/ul>\n<p><strong><span style=\"color: #3366ff;\">S\u00edntesis<\/span><\/strong><\/p>\n<p>Para rescatar a Baba Yag\u00e1 y Renfield de las garras de la cazadora de monstruos Mila Starr, la familia Wishbone se transforma una vez m\u00e1s en vampiro, Frankenstein, la momia y el hombre lobo.<\/p>\n<p><iframe loading=\"lazy\" title=\"LA FAMILIA MONSTER 2 Tr\u00e1iler Espa\u00f1ol (2021)\" width=\"800\" height=\"450\" src=\"https:\/\/www.youtube.com\/embed\/sNvz1JoUatM?feature=oembed\" frameborder=\"0\" allow=\"accelerometer; autoplay; clipboard-write; encrypted-media; gyroscope; picture-in-picture\" allowfullscreen><\/iframe><\/p>\n<p><img loading=\"lazy\" decoding=\"async\" class=\"alignnone size-large wp-image-4796\" src=\"https:\/\/vocesparalelas.com.ar\/sitio\/wp-content\/uploads\/2017\/09\/UPCN-FRENTE-02-800x450.jpg\" alt=\"\" width=\"800\" height=\"450\" srcset=\"https:\/\/vocesparalelas.com.ar\/sitio\/wp-content\/uploads\/2017\/09\/UPCN-FRENTE-02-800x450.jpg 800w, https:\/\/vocesparalelas.com.ar\/sitio\/wp-content\/uploads\/2017\/09\/UPCN-FRENTE-02-300x169.jpg 300w, https:\/\/vocesparalelas.com.ar\/sitio\/wp-content\/uploads\/2017\/09\/UPCN-FRENTE-02-768x432.jpg 768w, https:\/\/vocesparalelas.com.ar\/sitio\/wp-content\/uploads\/2017\/09\/UPCN-FRENTE-02.jpg 1024w\" sizes=\"auto, (max-width: 800px) 100vw, 800px\" \/><\/p>\n<p>Publicado el Jueves, 07 de Julio de 2022<\/p>\n","protected":false},"excerpt":{"rendered":"<p>UPCN Seccional San Juan te invita al Cine para chicos \u00abVacaciones de Invierno 2022\u00bb para que disfrute en familia los<\/p>\n","protected":false},"author":3,"featured_media":50621,"comment_status":"closed","ping_status":"closed","sticky":false,"template":"","format":"video","meta":{"_acf_changed":false,"_seopress_robots_primary_cat":"none","_seopress_titles_title":"","_seopress_titles_desc":"","_seopress_robots_index":"","colormag_page_container_layout":"default_layout","colormag_page_sidebar_layout":"default_layout","footnotes":""},"categories":[20],"tags":[],"class_list":["post-50613","post","type-post","status-publish","format-video","has-post-thumbnail","hentry","category-cartelera","post_format-post-format-video"],"acf":[],"_links":{"self":[{"href":"https:\/\/vocesparalelas.com.ar\/sitio\/wp-json\/wp\/v2\/posts\/50613","targetHints":{"allow":["GET"]}}],"collection":[{"href":"https:\/\/vocesparalelas.com.ar\/sitio\/wp-json\/wp\/v2\/posts"}],"about":[{"href":"https:\/\/vocesparalelas.com.ar\/sitio\/wp-json\/wp\/v2\/types\/post"}],"author":[{"embeddable":true,"href":"https:\/\/vocesparalelas.com.ar\/sitio\/wp-json\/wp\/v2\/users\/3"}],"replies":[{"embeddable":true,"href":"https:\/\/vocesparalelas.com.ar\/sitio\/wp-json\/wp\/v2\/comments?post=50613"}],"version-history":[{"count":2,"href":"https:\/\/vocesparalelas.com.ar\/sitio\/wp-json\/wp\/v2\/posts\/50613\/revisions"}],"predecessor-version":[{"id":50622,"href":"https:\/\/vocesparalelas.com.ar\/sitio\/wp-json\/wp\/v2\/posts\/50613\/revisions\/50622"}],"wp:featuredmedia":[{"embeddable":true,"href":"https:\/\/vocesparalelas.com.ar\/sitio\/wp-json\/wp\/v2\/media\/50621"}],"wp:attachment":[{"href":"https:\/\/vocesparalelas.com.ar\/sitio\/wp-json\/wp\/v2\/media?parent=50613"}],"wp:term":[{"taxonomy":"category","embeddable":true,"href":"https:\/\/vocesparalelas.com.ar\/sitio\/wp-json\/wp\/v2\/categories?post=50613"},{"taxonomy":"post_tag","embeddable":true,"href":"https:\/\/vocesparalelas.com.ar\/sitio\/wp-json\/wp\/v2\/tags?post=50613"}],"curies":[{"name":"wp","href":"https:\/\/api.w.org\/{rel}","templated":true}]}}