{"id":50606,"date":"2022-07-07T23:34:10","date_gmt":"2022-07-08T02:34:10","guid":{"rendered":"https:\/\/vocesparalelas.com.ar\/sitio\/?p=50606"},"modified":"2022-07-07T23:34:10","modified_gmt":"2022-07-08T02:34:10","slug":"se-firmo-el-acta-de-articulacion-entre-las-escuelas-secundarias-de-san-juan-y-la-fi-de-la-unsj","status":"publish","type":"post","link":"https:\/\/vocesparalelas.com.ar\/sitio\/se-firmo-el-acta-de-articulacion-entre-las-escuelas-secundarias-de-san-juan-y-la-fi-de-la-unsj\/","title":{"rendered":"Se firm\u00f3 el acta de articulaci\u00f3n entre las Escuelas Secundarias de San Juan y la FI de la UNSJ"},"content":{"rendered":"<p>La Facultad de Ingenier\u00eda de la Universidad Nacional de San Juan hace muchos a\u00f1os brinda a los Docentes y alumnos del Nivel Secundario de San Juan la posibilidad de articular ambos niveles educativos para que ambos trabajen en los contenidos y en la inserci\u00f3n de los aspirantes al ingreso a la Unidad Acad\u00e9mica.<\/p>\n<p>Por ello, en el Sal\u00f3n del Consejo Directivo de la FI de la UNSJ, se realiz\u00f3 la firma del convenio entre el Decano, Ing. Mario Fern\u00e1ndez y los directivos de las Escuelas secundarias de San Juan.<\/p>\n<ul>\n<li>Departamento Rawson, Escuela Agrot\u00e9cnica Los Pioneros, Director Prof. Oscar Mart\u00edn,<\/li>\n<li>Departamento Chimbas, Colegio Secundario T\u00e9cnico Ntra. Se\u00f1ora del Rosario de Andacollo, Directora Prof. Mugnos<\/li>\n<li>Departamento Pocito, Colegio Prof. Froil\u00e1n Javier Ferrero, Directora Prof. Roxana Ochi Suarez<\/li>\n<li>Departamento Capital, Colegio San Jos\u00e9, Directora Prof. Silvana Le Daca<\/li>\n<li>Departamento Capital, Colegio San Pablo, Directora Prof. Mar\u00eda Elena Vallecillo<\/li>\n<li>Departamento Chimbas, Colegio del Prado, Directora Prof. Anal\u00eda Ver\u00f3nica Illanes<\/li>\n<li>Departamento Capital, Colegio Bernardo Houssay, Directora Prof. Leticia Ortiz<\/li>\n<li>Departamento Capital, Colegio Don Bosco, Directora Prof. Leticia Guarro<\/li>\n<li>Departamento 9 de Julio, Escuela Agrot\u00e9cnica Prof. Ana P\u00e9rez Ciani, Director Prof. Mario Lucero<\/li>\n<li>Departamento Pocito, Colegio Parroquial Santa B\u00e1rbara, Directora Prof. Mirta Tello<\/li>\n<\/ul>\n<p><img loading=\"lazy\" decoding=\"async\" class=\"alignnone size-full wp-image-50609\" src=\"https:\/\/vocesparalelas.com.ar\/sitio\/wp-content\/uploads\/2022\/07\/FI-CONVENIO-SECUNDARIO-02.jpg\" alt=\"\" width=\"800\" height=\"533\" srcset=\"https:\/\/vocesparalelas.com.ar\/sitio\/wp-content\/uploads\/2022\/07\/FI-CONVENIO-SECUNDARIO-02.jpg 800w, https:\/\/vocesparalelas.com.ar\/sitio\/wp-content\/uploads\/2022\/07\/FI-CONVENIO-SECUNDARIO-02-300x200.jpg 300w, https:\/\/vocesparalelas.com.ar\/sitio\/wp-content\/uploads\/2022\/07\/FI-CONVENIO-SECUNDARIO-02-768x512.jpg 768w\" sizes=\"auto, (max-width: 800px) 100vw, 800px\" \/><\/p>\n<p>La vicedecana de la FI de la UNSJ, Dra. Andrea D\u00edaz, describi\u00f3 lo que realiza la Unidad Acad\u00e9mica capacitando a los docentes para lograr la articulaci\u00f3n y las capacitaciones a los alumnos con visitas guiadas por la instituci\u00f3n para la adaptaci\u00f3n del ingresante.<\/p>\n<p><iframe loading=\"lazy\" title=\"FI UNSJ VICEDECANA DRA ANDREA D\u00cdAZ\" width=\"800\" height=\"450\" src=\"https:\/\/www.youtube.com\/embed\/LP4n3c8aWxI?feature=oembed\" frameborder=\"0\" allow=\"accelerometer; autoplay; clipboard-write; encrypted-media; gyroscope; picture-in-picture\" allowfullscreen><\/iframe><\/p>\n<p>Posteriormente, el Decano de la FI de la UNSJ, Ing. Mario Fern\u00e1ndez agradeci\u00f3 a los directivos por sumarse al Proyecto de Articulaci\u00f3n porque es una forma de ayudarse para el bien de los futuros ingresantes y que se convertir\u00e1n en profesionales.<\/p>\n<p><img loading=\"lazy\" decoding=\"async\" class=\"alignnone size-full wp-image-50608\" src=\"https:\/\/vocesparalelas.com.ar\/sitio\/wp-content\/uploads\/2022\/07\/FI-CONVENIO-SECUNDARIO-01.jpg\" alt=\"\" width=\"800\" height=\"533\" srcset=\"https:\/\/vocesparalelas.com.ar\/sitio\/wp-content\/uploads\/2022\/07\/FI-CONVENIO-SECUNDARIO-01.jpg 800w, https:\/\/vocesparalelas.com.ar\/sitio\/wp-content\/uploads\/2022\/07\/FI-CONVENIO-SECUNDARIO-01-300x200.jpg 300w, https:\/\/vocesparalelas.com.ar\/sitio\/wp-content\/uploads\/2022\/07\/FI-CONVENIO-SECUNDARIO-01-768x512.jpg 768w\" sizes=\"auto, (max-width: 800px) 100vw, 800px\" \/><\/p>\n<p><iframe loading=\"lazy\" title=\"FI UNSJ DECANO ING MARIO FERN\u00c1NDEZ\" width=\"800\" height=\"450\" src=\"https:\/\/www.youtube.com\/embed\/DPbhLrz981A?feature=oembed\" frameborder=\"0\" allow=\"accelerometer; autoplay; clipboard-write; encrypted-media; gyroscope; picture-in-picture\" allowfullscreen><\/iframe><\/p>\n<p>Lo m\u00e1s importante del convenio es la voluntad de los directivos de comprometerse con la FI de la UNSJ y fundamentalmente, con los alumnos\u00a0 que quieren ser profesionales como Ingenieros seg\u00fan la carrera de grado que se dictan en la Unidad Acad\u00e9mica, pensando en facilitar, ayudar y acompa\u00f1ar en la etapa del tr\u00e1nsito del curso de ingreso.<\/p>\n<p>&nbsp;<\/p>\n<p><img loading=\"lazy\" decoding=\"async\" class=\"alignnone size-large wp-image-23028\" src=\"https:\/\/vocesparalelas.com.ar\/sitio\/wp-content\/uploads\/2019\/08\/FI-UNSJ-EDIFICIO-800x600.jpg\" alt=\"\" width=\"800\" height=\"600\" srcset=\"https:\/\/vocesparalelas.com.ar\/sitio\/wp-content\/uploads\/2019\/08\/FI-UNSJ-EDIFICIO-800x600.jpg 800w, https:\/\/vocesparalelas.com.ar\/sitio\/wp-content\/uploads\/2019\/08\/FI-UNSJ-EDIFICIO-300x225.jpg 300w, https:\/\/vocesparalelas.com.ar\/sitio\/wp-content\/uploads\/2019\/08\/FI-UNSJ-EDIFICIO-768x576.jpg 768w, https:\/\/vocesparalelas.com.ar\/sitio\/wp-content\/uploads\/2019\/08\/FI-UNSJ-EDIFICIO.jpg 888w\" sizes=\"auto, (max-width: 800px) 100vw, 800px\" \/><\/p>\n","protected":false},"excerpt":{"rendered":"<p>La Facultad de Ingenier\u00eda de la Universidad Nacional de San Juan hace muchos a\u00f1os brinda a los Docentes y alumnos<\/p>\n","protected":false},"author":3,"featured_media":50602,"comment_status":"closed","ping_status":"closed","sticky":false,"template":"","format":"video","meta":{"_acf_changed":false,"_seopress_robots_primary_cat":"none","_seopress_titles_title":"","_seopress_titles_desc":"","_seopress_robots_index":"","colormag_page_container_layout":"default_layout","colormag_page_sidebar_layout":"default_layout","footnotes":""},"categories":[1,7],"tags":[],"class_list":["post-50606","post","type-post","status-publish","format-video","has-post-thumbnail","hentry","category-destacadas","category-videos","post_format-post-format-video"],"acf":[],"_links":{"self":[{"href":"https:\/\/vocesparalelas.com.ar\/sitio\/wp-json\/wp\/v2\/posts\/50606","targetHints":{"allow":["GET"]}}],"collection":[{"href":"https:\/\/vocesparalelas.com.ar\/sitio\/wp-json\/wp\/v2\/posts"}],"about":[{"href":"https:\/\/vocesparalelas.com.ar\/sitio\/wp-json\/wp\/v2\/types\/post"}],"author":[{"embeddable":true,"href":"https:\/\/vocesparalelas.com.ar\/sitio\/wp-json\/wp\/v2\/users\/3"}],"replies":[{"embeddable":true,"href":"https:\/\/vocesparalelas.com.ar\/sitio\/wp-json\/wp\/v2\/comments?post=50606"}],"version-history":[{"count":1,"href":"https:\/\/vocesparalelas.com.ar\/sitio\/wp-json\/wp\/v2\/posts\/50606\/revisions"}],"predecessor-version":[{"id":50610,"href":"https:\/\/vocesparalelas.com.ar\/sitio\/wp-json\/wp\/v2\/posts\/50606\/revisions\/50610"}],"wp:featuredmedia":[{"embeddable":true,"href":"https:\/\/vocesparalelas.com.ar\/sitio\/wp-json\/wp\/v2\/media\/50602"}],"wp:attachment":[{"href":"https:\/\/vocesparalelas.com.ar\/sitio\/wp-json\/wp\/v2\/media?parent=50606"}],"wp:term":[{"taxonomy":"category","embeddable":true,"href":"https:\/\/vocesparalelas.com.ar\/sitio\/wp-json\/wp\/v2\/categories?post=50606"},{"taxonomy":"post_tag","embeddable":true,"href":"https:\/\/vocesparalelas.com.ar\/sitio\/wp-json\/wp\/v2\/tags?post=50606"}],"curies":[{"name":"wp","href":"https:\/\/api.w.org\/{rel}","templated":true}]}}