{"id":50582,"date":"2022-07-06T23:00:16","date_gmt":"2022-07-07T02:00:16","guid":{"rendered":"https:\/\/vocesparalelas.com.ar\/sitio\/?p=50582"},"modified":"2022-07-06T23:14:12","modified_gmt":"2022-07-07T02:14:12","slug":"tres-tesis-con-aportes-a-la-comunidad-del-doctorado-en-geografia-de-la-ffha-de-la-unsj","status":"publish","type":"post","link":"https:\/\/vocesparalelas.com.ar\/sitio\/tres-tesis-con-aportes-a-la-comunidad-del-doctorado-en-geografia-de-la-ffha-de-la-unsj\/","title":{"rendered":"Tres tesis con aportes a la comunidad del Doctorado en Geograf\u00eda de la FFHA de la UNSJ"},"content":{"rendered":"<p>Fue una jornada hist\u00f3rica para la Facultad de Filosof\u00eda, Humanidades y Artes de la Universidad Nacional de San Juan porque tres alumnos del Doctorado en Geograf\u00eda, dictadas en la Unidad Acad\u00e9mica, rindieron sus respectivas tesis el Martes, 5 de Julio de 2022.<\/p>\n<p>Es importante recordar que el Doctorado en Geograf\u00eda comenz\u00f3 a dictarse en el 2016 y fue acreditada por la Comisi\u00f3n de Evaluaci\u00f3n y Acreditaci\u00f3n Universitaria &#8211; CONEAU &#8211; por dictamen N\u00ba 422 del 29 de Junio de 2015.<\/p>\n<p>El Director es el Dr. Jorge Pickenhayn; profesor em\u00e9rito, ex secretario Acad\u00e9mico de la UNSJ. El Comit\u00e9 Acad\u00e9mico est\u00e1 integrado por la Dra. Graciela Liliana Acosta, la Dra. Cristina Mazuelos D\u00edaz y el Dr. Germ\u00e1n Poblete.<\/p>\n<p><span style=\"color: #99cc00;\"><strong>Caracter\u00edsticas de los Doctorandos<\/strong><\/span><\/p>\n<p>El Dr. Jos\u00e9 Ernesto Torres es tambi\u00e9n Magister y Profesor. Actualmente es el director del Departamento de Geograf\u00eda de la FFHA de la UNSJ. El t\u00edtulo de su tesis con la que recibi\u00f3 el Doctorado fue \u201cLa pobreza en el departamento Rivadavia, San Juan \u2013 Argentina: un enfoque multidimensional\u201d, dirigida por la Dra. Susana Aneas.<\/p>\n<p>La Dra. Andrea Elizabeth Pizarro trabaja en la FFHA de la UNSJ y tambi\u00e9n, en Barreal. Es Jefa de Trabajos Pr\u00e1cticos de Estad\u00edstica II de la Licenciatura en Geograf\u00eda de la Unidad Acad\u00e9mica. Su tesis fue \u201cEstudio del riesgo aluvional en Barreal, Calingasta, Provincia de San Juan, Argentina. Aportes a su estudio desde la Geograf\u00eda como Ciencia Social\u201d, dirigida por la Dra. Silvia Quiroga y codirigida por la Dra. Elvira Su\u00e1rez.<\/p>\n<p>El Dr. Jaime Nicol\u00e1s Barcelona es tambi\u00e9n Profesor de Geograf\u00eda. Adem\u00e1s, es reconocido por ser el Secretario General del gremio docente ADICUS. El t\u00edtulo de su tesis fue \u201cMovimientos sociales como expresi\u00f3n territorial del desarrollo humano\u201d, dirigida por el Dr. Antonio Junior y codirigida por el Dr. Jorge Pickenhayn.<\/p>\n<p>Publicado el Mi\u00e9rcoles, 06 de Julio de 2022<\/p>\n<p>&nbsp;<\/p>\n","protected":false},"excerpt":{"rendered":"<p>Fue una jornada hist\u00f3rica para la Facultad de Filosof\u00eda, Humanidades y Artes de la Universidad Nacional de San Juan porque<\/p>\n","protected":false},"author":3,"featured_media":50584,"comment_status":"closed","ping_status":"closed","sticky":false,"template":"","format":"standard","meta":{"_acf_changed":false,"_seopress_robots_primary_cat":"none","_seopress_titles_title":"","_seopress_titles_desc":"","_seopress_robots_index":"","colormag_page_container_layout":"default_layout","colormag_page_sidebar_layout":"default_layout","footnotes":""},"categories":[1],"tags":[],"class_list":["post-50582","post","type-post","status-publish","format-standard","has-post-thumbnail","hentry","category-destacadas"],"acf":[],"_links":{"self":[{"href":"https:\/\/vocesparalelas.com.ar\/sitio\/wp-json\/wp\/v2\/posts\/50582","targetHints":{"allow":["GET"]}}],"collection":[{"href":"https:\/\/vocesparalelas.com.ar\/sitio\/wp-json\/wp\/v2\/posts"}],"about":[{"href":"https:\/\/vocesparalelas.com.ar\/sitio\/wp-json\/wp\/v2\/types\/post"}],"author":[{"embeddable":true,"href":"https:\/\/vocesparalelas.com.ar\/sitio\/wp-json\/wp\/v2\/users\/3"}],"replies":[{"embeddable":true,"href":"https:\/\/vocesparalelas.com.ar\/sitio\/wp-json\/wp\/v2\/comments?post=50582"}],"version-history":[{"count":4,"href":"https:\/\/vocesparalelas.com.ar\/sitio\/wp-json\/wp\/v2\/posts\/50582\/revisions"}],"predecessor-version":[{"id":50588,"href":"https:\/\/vocesparalelas.com.ar\/sitio\/wp-json\/wp\/v2\/posts\/50582\/revisions\/50588"}],"wp:featuredmedia":[{"embeddable":true,"href":"https:\/\/vocesparalelas.com.ar\/sitio\/wp-json\/wp\/v2\/media\/50584"}],"wp:attachment":[{"href":"https:\/\/vocesparalelas.com.ar\/sitio\/wp-json\/wp\/v2\/media?parent=50582"}],"wp:term":[{"taxonomy":"category","embeddable":true,"href":"https:\/\/vocesparalelas.com.ar\/sitio\/wp-json\/wp\/v2\/categories?post=50582"},{"taxonomy":"post_tag","embeddable":true,"href":"https:\/\/vocesparalelas.com.ar\/sitio\/wp-json\/wp\/v2\/tags?post=50582"}],"curies":[{"name":"wp","href":"https:\/\/api.w.org\/{rel}","templated":true}]}}