{"id":50570,"date":"2022-07-06T21:31:32","date_gmt":"2022-07-07T00:31:32","guid":{"rendered":"https:\/\/vocesparalelas.com.ar\/sitio\/?p=50570"},"modified":"2022-07-06T21:31:32","modified_gmt":"2022-07-07T00:31:32","slug":"evaluaron-el-desarrollo-de-la-obra-publica-en-los-municipios-de-san-juan","status":"publish","type":"post","link":"https:\/\/vocesparalelas.com.ar\/sitio\/evaluaron-el-desarrollo-de-la-obra-publica-en-los-municipios-de-san-juan\/","title":{"rendered":"Evaluaron el desarrollo de la obra p\u00fablica en los municipios de San Juan"},"content":{"rendered":"<p>El Mi\u00e9rcoles, 6 de Julio, el gobernador de San Juan, Dr. Sergio U\u00f1ac, mantuvo una reuni\u00f3n de trabajo en Capital Federal para evaluar junto a autoridades nacionales presididas por el ministro de Obras P\u00fablicas de la Naci\u00f3n, Dr. Gabriel Katopodis, el estado de la obra p\u00fablica en cada uno de los departamentos de San Juan.<\/p>\n<p>En el encuentro participaron adem\u00e1s el administrador del Ente Nacional de Obras H\u00eddricas de Saneamiento &#8211; Enohsa -, Dr. Enrique Cresto; la subsecretaria de Planificaci\u00f3n y Coordinaci\u00f3n Territorial de la Obra P\u00fablica, Arq. Cecilia Larivera; el subsecretario de Ejecuci\u00f3n de Obra P\u00fablica, Edgardo Depetri; el secretario de Obras P\u00fablicas, Arq. Carlos Augusto Rodr\u00edguez y dem\u00e1s autoridades del Ministerio de Obras P\u00fablicas de la Naci\u00f3n.<\/p>\n<p>Por su parte, la comitiva de San Juan, estuvo presidida por el Gobernador, Dr. Sergio U\u00f1ac e integrada tambi\u00e9n por los intendentes del Departamento 25 de Mayo, Dr. Juan Carlos Quiroga Moyano, del Departamento Albard\u00f3n, Arq. Jorge Palmero, del Departamento de Angaco,\u00a0Carlos Maza Pezze, del Departamento Capital, Dr. Emilio Baistrocchi, del Departamento Calingasta, Jorge Casta\u00f1eda, del Departamento Caucete, Lic. Romina Rosas, del Departamento Chimbas, Fabi\u00e1n Gramajo, del Departamento Iglesia, Dr. Jorge Espejo, del Departamento J\u00e1chal, CPN Miguel Vega, del Departamento Pocito, Armando S\u00e1nchez, del Departamento Rawson, Tec. Rub\u00e9n Garc\u00eda, del Departamento Ullum, Leopoldo Soler, del Departamento Valle F\u00e9rtil, Omar Ortiz, del Departamento San Mart\u00edn, CPN Cristian Andino y del Departamento Zonda, Miguel Atampiz.<\/p>\n<p>Cabe recordar que los jefes comunales recibieron fondos del Programa Argentina Hace para las obras ejecutadas en sus respectivos municipios.<\/p>\n<p>La reuni\u00f3n de trabajo de hoy tuvo la finalidad de que cada intendente expusiera el avance en sus respectivos municipios de la obra p\u00fablica desplegada con los fondos mencionados, como as\u00ed tambi\u00e9n los proyectos pendientes, para ponerlos en perspectiva y presentar nuevas iniciativas.<\/p>\n<p><iframe loading=\"lazy\" title=\"Reuni\u00f3n de U\u00f1ac y Katopodis con intendentes de San Juan\" width=\"800\" height=\"450\" src=\"https:\/\/www.youtube.com\/embed\/zq0_Edy60bk?feature=oembed\" frameborder=\"0\" allow=\"accelerometer; autoplay; clipboard-write; encrypted-media; gyroscope; picture-in-picture\" allowfullscreen><\/iframe><\/p>\n<p>El gobernador U\u00f1ac valor\u00f3 el trabajo conjunto y al apoyo de la Naci\u00f3n para con la Provincia, considerando \u00abque siempre hay una respuesta con San Juan\u201d.<\/p>\n<p>Continuando, el mandatario explic\u00f3 que el objetivo es concretar en los pr\u00f3ximos meses \u00abcosas muy importantes para San Juan. En primer lugar, los proyectos que ya est\u00e1n encaminados. Este ministerio siempre est\u00e1 atento a los que nos pasa. Tiene una apertura muy importante con San Juan\u201d.<\/p>\n<p>Por su parte, el ministro Katopodis puso en valor la gesti\u00f3n de Sergio U\u00f1ac y asegur\u00f3 que el encuentro sirvi\u00f3 para hacer hincapi\u00e9 en la obra p\u00fablica realizada en cada municipio conjuntamente con la cartera que comanda.<\/p>\n<div class=\"itemFullText\">\n<p>El titular de la cartera de Obras P\u00fablicas hizo hincapi\u00e9 adem\u00e1s en la necesidad de \u00abacelerar convenios y ejecutar las obras para consolidar el trabajo realizado en estos a\u00f1os, donde estuvimos presentes con todos las municipalidades\u00bb.<\/p>\n<p><span style=\"color: #33cccc;\"><strong>M\u00e1s sobre Argentina Hace<\/strong><\/span><\/p>\n<p>El Plan Argentina Hace es una iniciativa del Gobierno nacional, lanzada en enero de 2020, para generar nuevos puestos de trabajo a trav\u00e9s de un programa de infraestructura de ejecuci\u00f3n r\u00e1pida con mano de obra local y generaci\u00f3n de empleo.<\/p>\n<p>El proyecto fomenta la ejecuci\u00f3n de peque\u00f1as y medianas obras de construcci\u00f3n en todo el pa\u00eds.<\/p>\n<p>Al beneficio se encuentran adheridas los municipios de las provincias de San Juan, Buenos Aires, C\u00f3rdoba, Entre R\u00edos, Formosa, Jujuy, La Pampa, La Rioja, Mendoza, Neuqu\u00e9n, Santa Cruz, Santa Fe, Santiago del Estero, Tierra del Fuego, Ant\u00e1rtida e Islas del Atl\u00e1ntico Sur, y Tucum\u00e1n.<\/p>\n<p>Se ejecuta a partir de un criterio federal que tiene en cuenta la cantidad de poblaci\u00f3n de cada localidad y el porcentaje de Necesidades B\u00e1sicas Insatisfechas, por lo que la distribuci\u00f3n de las obras resulta equitativa en t\u00e9rminos de inversi\u00f3n.<\/p>\n<p>Promueve e impulsa la paridad de g\u00e9nero, el desarrollo con inclusi\u00f3n social, la integraci\u00f3n de j\u00f3venes desocupadas y desocupados, la participaci\u00f3n comunitaria y el mejoramiento de infraestructura de barrios y ciudades.<\/p>\n<\/div>\n<div class=\"clr\"><\/div>\n<div class=\"itemContentFooter\"><span class=\"itemDateModified\">Publicado el Mi\u00e9rcoles, 06 de Julio de 2022<\/span><\/div>\n","protected":false},"excerpt":{"rendered":"<p>El Mi\u00e9rcoles, 6 de Julio, el gobernador de San Juan, Dr. Sergio U\u00f1ac, mantuvo una reuni\u00f3n de trabajo en Capital<\/p>\n","protected":false},"author":3,"featured_media":50572,"comment_status":"closed","ping_status":"closed","sticky":false,"template":"","format":"video","meta":{"_acf_changed":false,"_seopress_robots_primary_cat":"none","_seopress_titles_title":"","_seopress_titles_desc":"","_seopress_robots_index":"","colormag_page_container_layout":"default_layout","colormag_page_sidebar_layout":"default_layout","footnotes":""},"categories":[1,7],"tags":[],"class_list":["post-50570","post","type-post","status-publish","format-video","has-post-thumbnail","hentry","category-destacadas","category-videos","post_format-post-format-video"],"acf":[],"_links":{"self":[{"href":"https:\/\/vocesparalelas.com.ar\/sitio\/wp-json\/wp\/v2\/posts\/50570","targetHints":{"allow":["GET"]}}],"collection":[{"href":"https:\/\/vocesparalelas.com.ar\/sitio\/wp-json\/wp\/v2\/posts"}],"about":[{"href":"https:\/\/vocesparalelas.com.ar\/sitio\/wp-json\/wp\/v2\/types\/post"}],"author":[{"embeddable":true,"href":"https:\/\/vocesparalelas.com.ar\/sitio\/wp-json\/wp\/v2\/users\/3"}],"replies":[{"embeddable":true,"href":"https:\/\/vocesparalelas.com.ar\/sitio\/wp-json\/wp\/v2\/comments?post=50570"}],"version-history":[{"count":1,"href":"https:\/\/vocesparalelas.com.ar\/sitio\/wp-json\/wp\/v2\/posts\/50570\/revisions"}],"predecessor-version":[{"id":50573,"href":"https:\/\/vocesparalelas.com.ar\/sitio\/wp-json\/wp\/v2\/posts\/50570\/revisions\/50573"}],"wp:featuredmedia":[{"embeddable":true,"href":"https:\/\/vocesparalelas.com.ar\/sitio\/wp-json\/wp\/v2\/media\/50572"}],"wp:attachment":[{"href":"https:\/\/vocesparalelas.com.ar\/sitio\/wp-json\/wp\/v2\/media?parent=50570"}],"wp:term":[{"taxonomy":"category","embeddable":true,"href":"https:\/\/vocesparalelas.com.ar\/sitio\/wp-json\/wp\/v2\/categories?post=50570"},{"taxonomy":"post_tag","embeddable":true,"href":"https:\/\/vocesparalelas.com.ar\/sitio\/wp-json\/wp\/v2\/tags?post=50570"}],"curies":[{"name":"wp","href":"https:\/\/api.w.org\/{rel}","templated":true}]}}