{"id":50566,"date":"2022-07-06T21:09:39","date_gmt":"2022-07-07T00:09:39","guid":{"rendered":"https:\/\/vocesparalelas.com.ar\/sitio\/?p=50566"},"modified":"2022-07-06T21:09:39","modified_gmt":"2022-07-07T00:09:39","slug":"los-alumnos-disfrutan-del-recreo-activo-en-las-escuelas-de-san-juan","status":"publish","type":"post","link":"https:\/\/vocesparalelas.com.ar\/sitio\/los-alumnos-disfrutan-del-recreo-activo-en-las-escuelas-de-san-juan\/","title":{"rendered":"Los alumnos disfrutan del \u00abRecreo Activo\u00bb en las Escuelas de San Juan"},"content":{"rendered":"<p>La Direcci\u00f3n de Pol\u00edticas Educativas e Inclusivas de la Secretar\u00eda de Estado de Deportes del Gobierno de San Juan sigue apostando fuertemente en las actividades de sus diferentes programas; uno de ellos es \u201cRecreo Activo\u201d, que continua trabajando en las diferentes instituciones educativas.<\/p>\n<p>Durante estos d\u00edas, el programa asisti\u00f3 a un centenar de instituciones educativas de nivel primario y secundario, tanto de gesti\u00f3n p\u00fablica como privada, llegando a m\u00e1s de 21.000 alumnos sumando todas las diferentes visitas ya realizadas.<\/p>\n<p>Mediante actividades l\u00fadicas deportivas, el programa tiene la misi\u00f3n de revalorizar los recreos escolares, abordando las distintas realidades y problem\u00e1ticas sociales actuales.<\/p>\n<div class=\"itemFullText\">\n<p>Los coordinadores de \u201cRecreo Activo\u201d agradecen la predisposici\u00f3n de los directivos de las instituciones asistidas siendo por parte de ambos un trabajo en conjunto para poder llevarse a cabo, regalando valores y sonrisas.<\/p>\n<p>En especial a las directoras de \u00c1rea de Nivel Primario, Prof. Cecilia Gonz\u00e1lez; de Nivel Secundario, Lic. Mar\u00eda Amalia Buttazzoni y de Educaci\u00f3n Privada, Prof. Viviana Gil de Pantano, por la predisposici\u00f3n a sumarse a la Revoluci\u00f3n Deportiva Social.<\/p>\n<p>Sobre algunas de las visitas que realiz\u00f3 el programa y no menos importante es donde se trabaj\u00f3 sobre la \u201cConcientizaci\u00f3n contra el bullying\u201d. No es necesario esperar al d\u00eda de la fecha para concientizar el acoso escolar y la violencia, como as\u00ed tambi\u00e9n buscar mecanismos para combatir lo que hoy en d\u00eda afecta a tantos ni\u00f1os y j\u00f3venes del mundo.<\/p>\n<p>Repasando algunas de las actividades del programa, encontramos dos visitas m\u00e1s que importantes que se llevaron a cabo en los departamentos de\u00a0J\u00e1chal\u00a0y de\u00a0Valle F\u00e9rtil.<\/p>\n<\/div>\n<div class=\"clr\"><\/div>\n<div class=\"itemContentFooter\"><span class=\"itemDateModified\">Publicado el Mi\u00e9rcoles, 06 de Julio de 2022\u00a0<\/span><\/div>\n","protected":false},"excerpt":{"rendered":"<p>La Direcci\u00f3n de Pol\u00edticas Educativas e Inclusivas de la Secretar\u00eda de Estado de Deportes del Gobierno de San Juan sigue<\/p>\n","protected":false},"author":3,"featured_media":50568,"comment_status":"closed","ping_status":"closed","sticky":false,"template":"","format":"standard","meta":{"_acf_changed":false,"_seopress_robots_primary_cat":"none","_seopress_titles_title":"","_seopress_titles_desc":"","_seopress_robots_index":"","colormag_page_container_layout":"default_layout","colormag_page_sidebar_layout":"default_layout","footnotes":""},"categories":[1],"tags":[],"class_list":["post-50566","post","type-post","status-publish","format-standard","has-post-thumbnail","hentry","category-destacadas"],"acf":[],"_links":{"self":[{"href":"https:\/\/vocesparalelas.com.ar\/sitio\/wp-json\/wp\/v2\/posts\/50566","targetHints":{"allow":["GET"]}}],"collection":[{"href":"https:\/\/vocesparalelas.com.ar\/sitio\/wp-json\/wp\/v2\/posts"}],"about":[{"href":"https:\/\/vocesparalelas.com.ar\/sitio\/wp-json\/wp\/v2\/types\/post"}],"author":[{"embeddable":true,"href":"https:\/\/vocesparalelas.com.ar\/sitio\/wp-json\/wp\/v2\/users\/3"}],"replies":[{"embeddable":true,"href":"https:\/\/vocesparalelas.com.ar\/sitio\/wp-json\/wp\/v2\/comments?post=50566"}],"version-history":[{"count":1,"href":"https:\/\/vocesparalelas.com.ar\/sitio\/wp-json\/wp\/v2\/posts\/50566\/revisions"}],"predecessor-version":[{"id":50569,"href":"https:\/\/vocesparalelas.com.ar\/sitio\/wp-json\/wp\/v2\/posts\/50566\/revisions\/50569"}],"wp:featuredmedia":[{"embeddable":true,"href":"https:\/\/vocesparalelas.com.ar\/sitio\/wp-json\/wp\/v2\/media\/50568"}],"wp:attachment":[{"href":"https:\/\/vocesparalelas.com.ar\/sitio\/wp-json\/wp\/v2\/media?parent=50566"}],"wp:term":[{"taxonomy":"category","embeddable":true,"href":"https:\/\/vocesparalelas.com.ar\/sitio\/wp-json\/wp\/v2\/categories?post=50566"},{"taxonomy":"post_tag","embeddable":true,"href":"https:\/\/vocesparalelas.com.ar\/sitio\/wp-json\/wp\/v2\/tags?post=50566"}],"curies":[{"name":"wp","href":"https:\/\/api.w.org\/{rel}","templated":true}]}}