{"id":50563,"date":"2022-07-06T19:41:01","date_gmt":"2022-07-06T22:41:01","guid":{"rendered":"https:\/\/vocesparalelas.com.ar\/sitio\/?p=50563"},"modified":"2022-07-09T00:29:28","modified_gmt":"2022-07-09T03:29:28","slug":"exposiciones-en-el-mpbafr-de-san-juan","status":"publish","type":"post","link":"https:\/\/vocesparalelas.com.ar\/sitio\/exposiciones-en-el-mpbafr-de-san-juan\/","title":{"rendered":"Exposiciones en el MPBAFR de San Juan"},"content":{"rendered":"<p>El Viernes, 8 de julio, a las 20 hs.; el Ministerio de Turismo y Cultura del Gobierno de San Juan, a trav\u00e9s del Museo Provincial de Bellas Artes Franklin Rawson, realiza la apertura de nuevas exposiciones que llenan de arte el espacio cultural.<\/p>\n<p>Gachi Hasper, Gabriel Baggio y de San Juan Carolina Mel\u00f3 son los autores de las obras que se pueden visitar, de forma gratuita, hasta el 4 de Septiembre.<\/p>\n<p>Adem\u00e1s, en la apertura de las exposiciones act\u00faan bandas locales que le dan un marco especial a la jornada.<\/p>\n<p>Las exposiciones pueden visitarse de Martes a Domingo, de 12 a 20 hs. Los lunes, excepto que sea feriado, el museo permanece cerrado.<\/p>\n<p><iframe loading=\"lazy\" title=\"MPBAFR\" width=\"800\" height=\"450\" src=\"https:\/\/www.youtube.com\/embed\/FljcM2iFJCU?feature=oembed\" frameborder=\"0\" allow=\"accelerometer; autoplay; clipboard-write; encrypted-media; gyroscope; picture-in-picture\" allowfullscreen><\/iframe><\/p>\n<p><span style=\"color: #339966;\"><strong>Sala 1: Gachi Hasper. \u201cHasper Antol\u00f3gica\u201d<\/strong><\/span><\/p>\n<p>En sala 1, el museo recibe a Graciela Gachi Hasper. Por primera vez en San Juan, la artista presenta un conjunto de 50 obras producidas en diferentes t\u00e9cnicas: acuarelas, acr\u00edlicos, l\u00e1piz cray\u00f3n e instalaciones. Con curadur\u00eda de Roberto Amigo.<\/p>\n<p>Recientemente galardonada con el Premio Konex 2022 a las Artes Visuales en la categor\u00eda Pintura, el Museo Franklin Rawson propone una revisi\u00f3n de la obra de la artista desde un discurso sostenido en la b\u00fasqueda crom\u00e1tica, la abstracci\u00f3n de la forma, los formatos y el cuestionamiento del tr\u00e1nsito entre papel y bastidor. La selecci\u00f3n curatorial habla de la singularidad de la obra de Hasper, creando las condiciones para entender sus construcciones abstractas.<\/p>\n<p>La percepci\u00f3n y la estimulaci\u00f3n sensorial impactan en la mirada, la sutileza de tintes arm\u00f3nicamente creados eleva la experiencia de l\u00fadicas combinaciones que otorgan entidad al color y sus saturaciones. La autonom\u00eda, la emancipaci\u00f3n de imagen y discurso, nacen intuitivamente hasta que la idea se materializa en forma y tensiona en la disputa entre imaginaci\u00f3n y raz\u00f3n.<\/p>\n<p><span style=\"color: #339966;\"><strong>Sala 2: Gabriel Baggio \u201cLa tarea\u201d<\/strong><\/span><\/p>\n<p>En sala 2, el MPBAFR presenta \u201cLa tarea\u201d, exposici\u00f3n del artista Gabriel Baggio, que re\u00fane una selecci\u00f3n de proyectos perform\u00e1ticos realizados entre los a\u00f1os 2006 y 2017. Las producciones pertenecen a la serie Procesos de aprendizaje en la que Baggio convoca a hacedores y artesanos a realizar una tarea en conjunto, que valoriza la factura manual y coloca al cuerpo en un lugar central, participando al p\u00fablico en aprendizajes que implican nuevos di\u00e1logos. Sus performances son un se\u00f1alamiento de s\u00edmbolos y referencias culturales que involucran procesos sociales, emocionales, identitarios e hist\u00f3ricos.<\/p>\n<p>Los trabajos presentados en esta exposici\u00f3n incluyen registros en video, bocetos y obra objetual. La tarea, toma el nombre de su libro hom\u00f3nimo, publicado en 2020 y que compila 15 a\u00f1os del trabajo perform\u00e1tico de Gabriel Baggio, con textos de Laura Lina, Valeria Gonz\u00e1lez y una extensa entrevista de Feda Baeza.<\/p>\n<p>El conjunto de obras que exhibe el Museo Franklin Rawson, da testimonio de la tarea del artista y se\u00f1ala el proceso socio-cultural a trav\u00e9s del cual imprime rasgos identitarios en sus producciones. La obra en Gabriel, es registro de su propio camino con vivencias que cargan de emoci\u00f3n cada relato desde la actualidad de sus acciones.<\/p>\n<p><span style=\"color: #339966;\"><strong>Sala 3: Carolina Mel\u00f3 \u201cOrilla sobre plegaria\u201d<\/strong><\/span><\/p>\n<p>En sala 3, el museo presenta una muestra homenaje a la artista sanjuanina Carolina Mel\u00f3. El t\u00edtulo de la exposici\u00f3n \u201cOrilla sobre plegaria\u201d hace referencia a su \u00faltima producci\u00f3n art\u00edstica. Con curadur\u00eda de Alberto S\u00e1nchez Maratta.<\/p>\n<p>La muestra est\u00e1 integrada por instalaciones, dibujos, objetos y videos, que cuestionan la recreaci\u00f3n de paisajes que no se volver\u00e1n a ver nunca m\u00e1s, pero Carolina confiaba en que las clasificaciones, los archivos al modo de herbarios, los minuciosos ejercicios de la miniatura y la maqueta pueden restituir esas experiencias perdidas.<\/p>\n<p>La muestra Orilla sobre plegaria que exhibe el Museo Franklin Rawson, es homenaje al vivaz deseo de construir momentos y atesorar proyectos que resguardan nuestra capacidad de asombro. Con el compromiso de generar relatos que hablan de la existencia, la perdurabilidad en la historia y la memoria colectiva, porque entendemos al igual que lo hizo Carolina que \u201calgo que es efectivamente verdadero, es que este mundo jam\u00e1s ser\u00e1 nuestro\u201d.<\/p>\n<p>Publicado el Mi\u00e9rcoles, 06 de Julio de 2022<\/p>\n","protected":false},"excerpt":{"rendered":"<p>El Viernes, 8 de julio, a las 20 hs.; el Ministerio de Turismo y Cultura del Gobierno de San Juan,<\/p>\n","protected":false},"author":3,"featured_media":39924,"comment_status":"closed","ping_status":"closed","sticky":false,"template":"","format":"video","meta":{"_acf_changed":false,"_seopress_robots_primary_cat":"none","_seopress_titles_title":"","_seopress_titles_desc":"","_seopress_robots_index":"","colormag_page_container_layout":"default_layout","colormag_page_sidebar_layout":"default_layout","footnotes":""},"categories":[6,7],"tags":[],"class_list":["post-50563","post","type-post","status-publish","format-video","has-post-thumbnail","hentry","category-eventos","category-videos","post_format-post-format-video"],"acf":[],"_links":{"self":[{"href":"https:\/\/vocesparalelas.com.ar\/sitio\/wp-json\/wp\/v2\/posts\/50563","targetHints":{"allow":["GET"]}}],"collection":[{"href":"https:\/\/vocesparalelas.com.ar\/sitio\/wp-json\/wp\/v2\/posts"}],"about":[{"href":"https:\/\/vocesparalelas.com.ar\/sitio\/wp-json\/wp\/v2\/types\/post"}],"author":[{"embeddable":true,"href":"https:\/\/vocesparalelas.com.ar\/sitio\/wp-json\/wp\/v2\/users\/3"}],"replies":[{"embeddable":true,"href":"https:\/\/vocesparalelas.com.ar\/sitio\/wp-json\/wp\/v2\/comments?post=50563"}],"version-history":[{"count":3,"href":"https:\/\/vocesparalelas.com.ar\/sitio\/wp-json\/wp\/v2\/posts\/50563\/revisions"}],"predecessor-version":[{"id":50653,"href":"https:\/\/vocesparalelas.com.ar\/sitio\/wp-json\/wp\/v2\/posts\/50563\/revisions\/50653"}],"wp:featuredmedia":[{"embeddable":true,"href":"https:\/\/vocesparalelas.com.ar\/sitio\/wp-json\/wp\/v2\/media\/39924"}],"wp:attachment":[{"href":"https:\/\/vocesparalelas.com.ar\/sitio\/wp-json\/wp\/v2\/media?parent=50563"}],"wp:term":[{"taxonomy":"category","embeddable":true,"href":"https:\/\/vocesparalelas.com.ar\/sitio\/wp-json\/wp\/v2\/categories?post=50563"},{"taxonomy":"post_tag","embeddable":true,"href":"https:\/\/vocesparalelas.com.ar\/sitio\/wp-json\/wp\/v2\/tags?post=50563"}],"curies":[{"name":"wp","href":"https:\/\/api.w.org\/{rel}","templated":true}]}}