{"id":50559,"date":"2022-07-06T19:33:22","date_gmt":"2022-07-06T22:33:22","guid":{"rendered":"https:\/\/vocesparalelas.com.ar\/sitio\/?p=50559"},"modified":"2022-07-06T19:33:22","modified_gmt":"2022-07-06T22:33:22","slug":"firmaron-un-acta-para-destinar-500-millones-en-microcreditos-para-mipymes-y-emprendimientos-de-san-juan","status":"publish","type":"post","link":"https:\/\/vocesparalelas.com.ar\/sitio\/firmaron-un-acta-para-destinar-500-millones-en-microcreditos-para-mipymes-y-emprendimientos-de-san-juan\/","title":{"rendered":"Firmaron un acta para destinar $500 millones en microcr\u00e9ditos para mipymes y emprendimientos de San Juan"},"content":{"rendered":"<p>El Mi\u00e9rcoles, 06 de Julio, el gobernador de San Juan, Dr. Sergio U\u00f1ac y el ministro de Desarrollo Productivo de la Naci\u00f3n, Daniel Scioli, firmaron un acta para sumar $500 millones a los $6.400 que hab\u00eda otorgado la cartera nacional a la provincia.<\/p>\n<p>En el marco de la pol\u00edtica de financiamiento a las pymes de San Juan, donde ya se destinaron m\u00e1s de $6.400 millones, hoy firmaron el acta para sumar $500 millones junto con el Banco Naci\u00f3n para acompa\u00f1ar con microcr\u00e9ditos a las microempresas y fortalecer ecosistemas emprendedores situados en la provincia.<\/p>\n<p>El gobernador Dr. U\u00f1ac destac\u00f3 que \u00abla r\u00fabrica del convenio es la generaci\u00f3n genuina de trabajo es a trav\u00e9s del sector privado, en ese marco el Estado debe brindar las herramientas para apoyar las inversiones que garanticen este desarrollo\u201d.<\/p>\n<p>\u00abLa relevancia de las acciones desarrolladas en forma conjunta con la cartera productiva significa que hoy la provincia de San Juan tiene una de las tasas m\u00e1s bajas del pa\u00eds en materia de desocupaci\u00f3n, esto tiene que ver tambi\u00e9n con que San Juan es una de las provincias que mejor ejecut\u00f3 cada uno de los programas que se realizaron con recursos del Ministerio de Desarrollo Productivo de la Naci\u00f3n\u201d &#8211; puntualiz\u00f3 el Dr. U\u00f1ac.<\/p>\n<p>Por su parte, el ministro de Desarrollo Productivo de la Naci\u00f3n, Daniel Scioli consider\u00f3 que \u00abes estrat\u00e9gico el aporte de San Juan en materia minera, lo que permite un crecimiento vigoroso y de recuperaci\u00f3n de toda nuestra econom\u00eda v\u00eda la inversi\u00f3n y las exportaciones que se generan\u201d.<\/p>\n<p>En este sentido, se\u00f1al\u00f3 que \u00abU\u00f1ac est\u00e1 llevando adelante una transformaci\u00f3n extraordinaria en la provincia de San Juan, posicionando a la misma como una gran referencia a nivel nacional. El rol fundamental de los intendentes para movilizar todas las fuerzas productivas, emprendedoras, e identificar las oportunidades\u00bb.<\/p>\n<div class=\"itemFullText\">\n<p>Adem\u00e1s participaron en el encuentro el secretario de la Peque\u00f1a y Mediana Empresa y los Emprendedores, Guillermo Merediz; el ministro de Producci\u00f3n y Desarrollo Econ\u00f3mico de San Juan, Ing. Ariel Lucero; el ministro de Gobierno de San Juan, Dr. Alberto Hensel y el director de Casa de San Juan en Buenos Aires, Juan Cruz D\u00e1vila Sirera.<\/p>\n<p>Tambi\u00e9n estuvieron presentes los intendentes de 25 de Mayo, Dr. Juan Carlos Quiroga Moyano; de Albard\u00f3n, Arq. Jorge Palmero; de Angaco, Carlos Maza Pezze; de San Juan, Dr. Emilio Baistrocchi; de Calingasta, Jorge Casta\u00f1eda; de Caucete, Lic. Romina Rosas; de Chimbas, Fabi\u00e1n Gramajo; de Iglesia; Dr. Jorge Espejo; de J\u00e1chal, CPN Miguel \u00c1ngel Vega; de Pocito, Armando S\u00e1nchez; de Rawson, Tec. Rub\u00e9n Garc\u00eda; de Ullum, Leopoldo Soler; de Valle F\u00e9rtil, Omar Ortiz; de San Mart\u00edn, CPN Cristian Andino, y de Zonda, Miguel \u00c1ngel Atampiz.<\/p>\n<p>Publicado el Mi\u00e9rcoles, 06 de Julio de 2022<\/p>\n<\/div>\n","protected":false},"excerpt":{"rendered":"<p>El Mi\u00e9rcoles, 06 de Julio, el gobernador de San Juan, Dr. Sergio U\u00f1ac y el ministro de Desarrollo Productivo de<\/p>\n","protected":false},"author":3,"featured_media":50561,"comment_status":"closed","ping_status":"closed","sticky":false,"template":"","format":"standard","meta":{"_acf_changed":false,"_seopress_robots_primary_cat":"none","_seopress_titles_title":"","_seopress_titles_desc":"","_seopress_robots_index":"","colormag_page_container_layout":"default_layout","colormag_page_sidebar_layout":"default_layout","footnotes":""},"categories":[1],"tags":[],"class_list":["post-50559","post","type-post","status-publish","format-standard","has-post-thumbnail","hentry","category-destacadas"],"acf":[],"_links":{"self":[{"href":"https:\/\/vocesparalelas.com.ar\/sitio\/wp-json\/wp\/v2\/posts\/50559","targetHints":{"allow":["GET"]}}],"collection":[{"href":"https:\/\/vocesparalelas.com.ar\/sitio\/wp-json\/wp\/v2\/posts"}],"about":[{"href":"https:\/\/vocesparalelas.com.ar\/sitio\/wp-json\/wp\/v2\/types\/post"}],"author":[{"embeddable":true,"href":"https:\/\/vocesparalelas.com.ar\/sitio\/wp-json\/wp\/v2\/users\/3"}],"replies":[{"embeddable":true,"href":"https:\/\/vocesparalelas.com.ar\/sitio\/wp-json\/wp\/v2\/comments?post=50559"}],"version-history":[{"count":1,"href":"https:\/\/vocesparalelas.com.ar\/sitio\/wp-json\/wp\/v2\/posts\/50559\/revisions"}],"predecessor-version":[{"id":50562,"href":"https:\/\/vocesparalelas.com.ar\/sitio\/wp-json\/wp\/v2\/posts\/50559\/revisions\/50562"}],"wp:featuredmedia":[{"embeddable":true,"href":"https:\/\/vocesparalelas.com.ar\/sitio\/wp-json\/wp\/v2\/media\/50561"}],"wp:attachment":[{"href":"https:\/\/vocesparalelas.com.ar\/sitio\/wp-json\/wp\/v2\/media?parent=50559"}],"wp:term":[{"taxonomy":"category","embeddable":true,"href":"https:\/\/vocesparalelas.com.ar\/sitio\/wp-json\/wp\/v2\/categories?post=50559"},{"taxonomy":"post_tag","embeddable":true,"href":"https:\/\/vocesparalelas.com.ar\/sitio\/wp-json\/wp\/v2\/tags?post=50559"}],"curies":[{"name":"wp","href":"https:\/\/api.w.org\/{rel}","templated":true}]}}