{"id":50501,"date":"2022-07-26T19:04:06","date_gmt":"2022-07-26T22:04:06","guid":{"rendered":"https:\/\/vocesparalelas.com.ar\/sitio\/?p=50501"},"modified":"2022-07-26T22:06:58","modified_gmt":"2022-07-27T01:06:58","slug":"parte-diario-julio-2022-sobre-el-coronavirus-en-san-juan","status":"publish","type":"post","link":"https:\/\/vocesparalelas.com.ar\/sitio\/parte-diario-julio-2022-sobre-el-coronavirus-en-san-juan\/","title":{"rendered":"Parte Diario Julio 2022 sobre el coronavirus en San Juan"},"content":{"rendered":"<p>El Ministerio de Salud P\u00fablica del Gobierno de San Juan informa el parte diario sobre el coronavirus en San Juan.<\/p>\n<hr \/>\n<p><span style=\"color: #ff0000;\"><strong>Parte N\u00b0 760<\/strong><\/span><\/p>\n<p>El Ministerio de Salud P\u00fablica da a conocer los n\u00fameros de coronavirus registrados en la provincia correspondientes a la semana epidemiol\u00f3gica N\u00ba29 (17 al 23 de julio).<\/p>\n<p>En la semana no se registraron decesos a causa de COVID-19.<\/p>\n<div class=\"itemFullText\">\n<div class=\"itemFullText\">\n<div class=\"itemFullText\">\n<ul>\n<li>Nuevos casos: 294<\/li>\n<li>Total confirmados: 150.640<\/li>\n<li>Personas fallecidas (acumulado): 1.333<\/li>\n<li>Recuperados: 148.968<\/li>\n<li>Test negativos: 1.901<\/li>\n<\/ul>\n<\/div>\n<\/div>\n<p><strong><span style=\"color: #ff0000;\">Parte de internados<\/span><\/strong><\/p>\n<p>Se encuentran internados 5 pacientes en total.<\/p>\n<p>Tres de ellos est\u00e1n en Cl\u00ednica M\u00e9dica sector COVID-19; mientras que hay dos pacientes internados en Terapia Intensiva, sector privado.<\/p>\n<p>No hay pacientes recibiendo asistencia respiratoria mec\u00e1nica.<\/p>\n<p>No hay pacientes pedi\u00e1tricos internados. No hay ninguna paciente embarazada\/pu\u00e9rpera internada.<\/p>\n<\/div>\n<hr \/>\n<p><span style=\"color: #ff0000;\"><strong>Parte N\u00b0 759<\/strong><\/span><\/p>\n<p>El Ministerio de Salud P\u00fablica informa que en la semana epidemiol\u00f3gica N\u00ba28 (10 al 16 de julio) se registr\u00f3 un deceso a causa de COVID-19.<\/p>\n<p>Se trata de un hombre de 74 a\u00f1os, oriundo de Rawson, quien permanec\u00eda internado en el Hospital Dra. Julieta Lanteri.<\/p>\n<p>El Gobierno de San Juan transmite sus condolencias a los familiares, allegados y amigos y los acompa\u00f1a en este doloroso momento.<\/p>\n<p>Asimismo se da a conocer que durante la semana epidemiol\u00f3gica se registraron los siguientes n\u00fameros oficiales de casos de coronavirus en San Juan:<\/p>\n<div class=\"itemFullText\">\n<div class=\"itemFullText\">\n<div class=\"itemFullText\">\n<ul>\n<li>Nuevos casos: 231<\/li>\n<li>Total confirmados: 150.346<\/li>\n<li>Personas fallecidas (acumulado): 1.333<\/li>\n<li>Recuperados: 148.743<\/li>\n<li>Test negativos: 1.516<\/li>\n<\/ul>\n<\/div>\n<\/div>\n<p><strong><span style=\"color: #ff0000;\">Parte de internados<\/span><\/strong><\/p>\n<p>Se encuentran internados 5 pacientes en total.<\/p>\n<p>Cuatro de ellos est\u00e1n en cl\u00ednica m\u00e9dica sector COVID-19 (3 pacientes internados en el sector p\u00fablico y 1 en sector privado); mientras que hay un paciente internado en Terapia Intensiva, sector privado.<\/p>\n<p>No hay pacientes recibiendo asistencia respiratoria mec\u00e1nica.<\/p>\n<p>No hay pacientes pedi\u00e1tricos internados. No hay ninguna paciente embarazada\/pu\u00e9rpera internada.<\/p>\n<\/div>\n<hr \/>\n<p><span style=\"color: #ff0000;\"><strong>Parte N\u00b0 758<\/strong><\/span><\/p>\n<p>El Ministerio de Salud P\u00fablica da a conocer los n\u00fameros de coronavirus registrados en la provincia correspondientes a la semana epidemiol\u00f3gica N\u00ba27 (3 al 9 de julio).<\/p>\n<p>En la semana no se registraron decesos a causa de COVID-19.<\/p>\n<div class=\"itemFullText\">\n<div class=\"itemFullText\">\n<div class=\"itemFullText\">\n<ul>\n<li>Nuevos casos: 250<\/li>\n<li>Total confirmados: 150.115<\/li>\n<li>Personas fallecidas (acumulado): 1.332<\/li>\n<li>Recuperados: 148.526<\/li>\n<li>Test negativos: 1.508<\/li>\n<\/ul>\n<\/div>\n<\/div>\n<h3>Parte de internados<\/h3>\n<p>Se encuentran internados 6 pacientes en total.<\/p>\n<p>Tres pacientes internados en el \u00e1rea COVID-19 en Cl\u00ednica M\u00e9dica, sector p\u00fablico; 2 pacientes moderados en sector privado, 1 paciente internado en Terapia Intensiva, sector privado. No hay pacientes recibiendo asistencia respiratoria mec\u00e1nica.<\/p>\n<p>No hay embarazadas\/pu\u00e9rperas ni pacientes pedi\u00e1tricos internados.<\/p>\n<\/div>\n<hr \/>\n<p><span style=\"color: #ff0000;\"><strong>Parte N\u00b0 757<\/strong><\/span><\/p>\n<p>El Ministerio de Salud P\u00fablica da a conocer los n\u00fameros de coronavirus registrados en la provincia correspondientes a la semana epidemiol\u00f3gica N\u00ba 26 (26 de Junio al 2 de Julio).<\/p>\n<p>En la semana se registr\u00f3 un deceso a causa de COVID-19.<\/p>\n<p>Se trata de um hombre de 68 a\u00f1os, oriundo de Capital, quien permanec\u00eda internado en el Hospital Dr. Marcial Quiroga.<\/p>\n<p>El Gobierno de San Juan transmite sus condolencias a los familiares, allegados y amigos y los acompa\u00f1a en este doloroso momento.<\/p>\n<p>Asimismo se da a conocer que durante la semana epidemiol\u00f3gica se registraron los siguientes n\u00fameros oficiales de casos de coronavirus en San Juan:<\/p>\n<div class=\"itemFullText\">\n<div class=\"itemFullText\">\n<div class=\"itemFullText\">\n<ul>\n<li>Nuevos casos: 427<\/li>\n<li>Total confirmados: 149.865<\/li>\n<li>Personas fallecidas (acumulado): 1.332<\/li>\n<li>Recuperados: 148.163<\/li>\n<li>Test negativos: 1.493<\/li>\n<\/ul>\n<\/div>\n<\/div>\n<p><strong><span style=\"color: #ff0000;\">Parte de internados<\/span><\/strong><\/p>\n<p>Se encuentran internados 4 pacientes en total.<\/p>\n<p>Dos pacientes internados en el \u00e1rea COVID-19 en Cl\u00ednica M\u00e9dica. 1 paciente internado en Terapia Intensiva, sector privado. Ning\u00fan paciente est\u00e1 recibiendo asistencia respiratoria mec\u00e1nica.<\/p>\n<p>Se encuentra internado un paciente pedi\u00e1trico y no hay pacientes embarazadas\/pu\u00e9rperas internadas.<\/p>\n<\/div>\n","protected":false},"excerpt":{"rendered":"<p>El Ministerio de Salud P\u00fablica del Gobierno de San Juan informa el parte diario sobre el coronavirus en San Juan.<\/p>\n","protected":false},"author":3,"featured_media":30125,"comment_status":"closed","ping_status":"closed","sticky":false,"template":"","format":"standard","meta":{"_acf_changed":false,"_seopress_robots_primary_cat":"none","_seopress_titles_title":"","_seopress_titles_desc":"","_seopress_robots_index":"","colormag_page_container_layout":"default_layout","colormag_page_sidebar_layout":"default_layout","footnotes":""},"categories":[1],"tags":[],"class_list":["post-50501","post","type-post","status-publish","format-standard","has-post-thumbnail","hentry","category-destacadas"],"acf":[],"_links":{"self":[{"href":"https:\/\/vocesparalelas.com.ar\/sitio\/wp-json\/wp\/v2\/posts\/50501","targetHints":{"allow":["GET"]}}],"collection":[{"href":"https:\/\/vocesparalelas.com.ar\/sitio\/wp-json\/wp\/v2\/posts"}],"about":[{"href":"https:\/\/vocesparalelas.com.ar\/sitio\/wp-json\/wp\/v2\/types\/post"}],"author":[{"embeddable":true,"href":"https:\/\/vocesparalelas.com.ar\/sitio\/wp-json\/wp\/v2\/users\/3"}],"replies":[{"embeddable":true,"href":"https:\/\/vocesparalelas.com.ar\/sitio\/wp-json\/wp\/v2\/comments?post=50501"}],"version-history":[{"count":5,"href":"https:\/\/vocesparalelas.com.ar\/sitio\/wp-json\/wp\/v2\/posts\/50501\/revisions"}],"predecessor-version":[{"id":50783,"href":"https:\/\/vocesparalelas.com.ar\/sitio\/wp-json\/wp\/v2\/posts\/50501\/revisions\/50783"}],"wp:featuredmedia":[{"embeddable":true,"href":"https:\/\/vocesparalelas.com.ar\/sitio\/wp-json\/wp\/v2\/media\/30125"}],"wp:attachment":[{"href":"https:\/\/vocesparalelas.com.ar\/sitio\/wp-json\/wp\/v2\/media?parent=50501"}],"wp:term":[{"taxonomy":"category","embeddable":true,"href":"https:\/\/vocesparalelas.com.ar\/sitio\/wp-json\/wp\/v2\/categories?post=50501"},{"taxonomy":"post_tag","embeddable":true,"href":"https:\/\/vocesparalelas.com.ar\/sitio\/wp-json\/wp\/v2\/tags?post=50501"}],"curies":[{"name":"wp","href":"https:\/\/api.w.org\/{rel}","templated":true}]}}