{"id":50476,"date":"2022-07-04T21:16:53","date_gmt":"2022-07-05T00:16:53","guid":{"rendered":"https:\/\/vocesparalelas.com.ar\/sitio\/?p=50476"},"modified":"2022-07-06T00:30:03","modified_gmt":"2022-07-06T03:30:03","slug":"disfruta-en-familia-el-cinemovil-durante-las-vacaciones-de-invierno-2022","status":"publish","type":"post","link":"https:\/\/vocesparalelas.com.ar\/sitio\/disfruta-en-familia-el-cinemovil-durante-las-vacaciones-de-invierno-2022\/","title":{"rendered":"Disfruta en familia el Cinem\u00f3vil durante las Vacaciones de Invierno 2022"},"content":{"rendered":"<p>El Cinem\u00f3vil tiene una gran programaci\u00f3n durante Julio de 2022 para que chicos y grandes disfruten de una variada cartearla de pel\u00edculas.<\/p>\n<p>Desde el 8 de Julio, comienza el recorrido por distintos departamentos de San Juan con entrada libre y gratuita.<\/p>\n<p>Entre los films que se pueden disfrutar en familia<\/p>\n<ul>\n<li>Cara Sucia,<\/li>\n<li>Con la Magia de la Naturaleza,<\/li>\n<li>Bikes,<\/li>\n<li>La Pel\u00edcula,<\/li>\n<li>El Gigante Ego\u00edsta,<\/li>\n<\/ul>\n<p>Todas propuestas ideales para tener en cuenta durante las vacaciones de invierno en tu departamento de San Juan.<\/p>\n<p><img loading=\"lazy\" decoding=\"async\" class=\"alignnone size-full wp-image-50479\" src=\"https:\/\/vocesparalelas.com.ar\/sitio\/wp-content\/uploads\/2022\/07\/cine-movil-01.jpg\" alt=\"\" width=\"800\" height=\"800\" srcset=\"https:\/\/vocesparalelas.com.ar\/sitio\/wp-content\/uploads\/2022\/07\/cine-movil-01.jpg 800w, https:\/\/vocesparalelas.com.ar\/sitio\/wp-content\/uploads\/2022\/07\/cine-movil-01-300x300.jpg 300w, https:\/\/vocesparalelas.com.ar\/sitio\/wp-content\/uploads\/2022\/07\/cine-movil-01-150x150.jpg 150w, https:\/\/vocesparalelas.com.ar\/sitio\/wp-content\/uploads\/2022\/07\/cine-movil-01-768x768.jpg 768w\" sizes=\"auto, (max-width: 800px) 100vw, 800px\" \/><\/p>\n<p>Publicado el Lunes, 04 de Julio de 2022<\/p>\n","protected":false},"excerpt":{"rendered":"<p>El Cinem\u00f3vil tiene una gran programaci\u00f3n durante Julio de 2022 para que chicos y grandes disfruten de una variada cartearla<\/p>\n","protected":false},"author":3,"featured_media":50478,"comment_status":"closed","ping_status":"closed","sticky":false,"template":"","format":"standard","meta":{"_acf_changed":false,"_seopress_robots_primary_cat":"none","_seopress_titles_title":"","_seopress_titles_desc":"","_seopress_robots_index":"","colormag_page_container_layout":"default_layout","colormag_page_sidebar_layout":"default_layout","footnotes":""},"categories":[20],"tags":[],"class_list":["post-50476","post","type-post","status-publish","format-standard","has-post-thumbnail","hentry","category-cartelera"],"acf":[],"_links":{"self":[{"href":"https:\/\/vocesparalelas.com.ar\/sitio\/wp-json\/wp\/v2\/posts\/50476","targetHints":{"allow":["GET"]}}],"collection":[{"href":"https:\/\/vocesparalelas.com.ar\/sitio\/wp-json\/wp\/v2\/posts"}],"about":[{"href":"https:\/\/vocesparalelas.com.ar\/sitio\/wp-json\/wp\/v2\/types\/post"}],"author":[{"embeddable":true,"href":"https:\/\/vocesparalelas.com.ar\/sitio\/wp-json\/wp\/v2\/users\/3"}],"replies":[{"embeddable":true,"href":"https:\/\/vocesparalelas.com.ar\/sitio\/wp-json\/wp\/v2\/comments?post=50476"}],"version-history":[{"count":1,"href":"https:\/\/vocesparalelas.com.ar\/sitio\/wp-json\/wp\/v2\/posts\/50476\/revisions"}],"predecessor-version":[{"id":50480,"href":"https:\/\/vocesparalelas.com.ar\/sitio\/wp-json\/wp\/v2\/posts\/50476\/revisions\/50480"}],"wp:featuredmedia":[{"embeddable":true,"href":"https:\/\/vocesparalelas.com.ar\/sitio\/wp-json\/wp\/v2\/media\/50478"}],"wp:attachment":[{"href":"https:\/\/vocesparalelas.com.ar\/sitio\/wp-json\/wp\/v2\/media?parent=50476"}],"wp:term":[{"taxonomy":"category","embeddable":true,"href":"https:\/\/vocesparalelas.com.ar\/sitio\/wp-json\/wp\/v2\/categories?post=50476"},{"taxonomy":"post_tag","embeddable":true,"href":"https:\/\/vocesparalelas.com.ar\/sitio\/wp-json\/wp\/v2\/tags?post=50476"}],"curies":[{"name":"wp","href":"https:\/\/api.w.org\/{rel}","templated":true}]}}