{"id":50465,"date":"2022-07-04T21:53:58","date_gmt":"2022-07-05T00:53:58","guid":{"rendered":"https:\/\/vocesparalelas.com.ar\/sitio\/?p=50465"},"modified":"2022-07-04T21:58:22","modified_gmt":"2022-07-05T00:58:22","slug":"hacia-el-xxxi-del-congreso-nacional-de-derecho-procesal-en-san-juan","status":"publish","type":"post","link":"https:\/\/vocesparalelas.com.ar\/sitio\/hacia-el-xxxi-del-congreso-nacional-de-derecho-procesal-en-san-juan\/","title":{"rendered":"Hacia el XXXI del Congreso Nacional de Derecho Procesal en San Juan"},"content":{"rendered":"<div class=\"itemFullText jbintrotext\">\n<p>El vicegobernador Roberto Gattoni particip\u00f3 junto al presidente de la Corte de Justicia, Juan Jos\u00e9 Victoria de las Jornadas Preparatorias del XXXI Congreso Nacional de Derecho Procesal, que ser\u00e1 cumplido en la hermana provincia de Mendoza durante los d\u00edas 1, 2 y 3 de septiembre de 2022.<\/p>\n<\/div>\n<div class=\"itemFullText\">\n<p>En esta oportunidad, la reuni\u00f3n fue llevada a cabo en el auditorio Eloy Camus del Centro C\u00edvico y adem\u00e1s estuvieron presentes el presidente de la Corte de Justicia de Mendoza y del XXXI Congreso de Derecho Procesal, Dalmiro Garay Cuelli y el titular de la Asociaci\u00f3n Argentina de Derecho Procesal, Jorge Rojas. Adem\u00e1s asistieron los ministros de la Corte, Guillermo De Sanctis, Marcelo Lima; Adriana Garc\u00eda Nieto y Daniel Olivares Yapur; el ministro de Gobierno, Alberto Hensel y la diputada provincial, Celina Ramella, como tambi\u00e9n el secretario Legislativo de la C\u00e1mara de Diputados.<\/p>\n<p>En sus palabras, el titular de la Corte, Juan Jos\u00e9 Victoria, expres\u00f3 que \u201cnos llena de satisfacci\u00f3n que, ac\u00e1 al lado, en Mendoza se realice en septiembre el Congreso Nacional de Derecho Procesal. Los invito a que participemos. Se escuchan muy buenas propuestas, se traen muy buenas ideas que podemos capitalizar. Cuando digo que se van transformando los procesos, y es lo que venimos haciendo desde la Corte de Justicia de San juan, para llegar a brindar claramente un mejor servicio de Justicia, no es ni m\u00e1s ni menos que lo que venimos proponiendo desde all\u00e1 en el 2019, con Justicia en Cambio, luego Justicia Cerca, Justicia para la Gente. Y cre\u00e1nme que vamos a seguir en este camino humanizando Justicia, como todos los sanjuaninos se lo merecen\u201d.<\/p>\n<p>Es oportuno consignar que el Gobierno de San Juan, a trav\u00e9s del Decreto N\u00ba 890 MG 2022 decidi\u00f3 \u201cdeclarar de Inter\u00e9s Provincial las Jornadas Preparatorias del XXXI Congreso Nacional de Derecho Procesal Mendoza 2022\u201d, mientras que la \u00a0C\u00e1mara de Diputados de San Juan, a trav\u00e9s de la Resoluci\u00f3n N\u00ba 33\/2022, declar\u00f3 a las Jornadas Preparatorias en San Juan\u00a0 de \u201cInter\u00e9s Social, Educativo y Cient\u00edfico\u201d.<\/p>\n<p>Las exposiciones acad\u00e9micas estuvieron a cargo de Jorge A. Rojas, bajo el t\u00edtulo \u201cLos principios procesales: estado actual y visi\u00f3n cr\u00edtica\u201d y de Ra\u00fal Calvo Soler, profesional espa\u00f1ol especializado en la materia, quien disert\u00f3 sobre \u201cJusticia juvenil y pr\u00e1cticas restaurativas como derecho humano\u201d.<\/p>\n<p>Por su parte, el vicegobernador Roberto Gattoni, expres\u00f3 entre otros conceptos que \u201cquiero destacar y agradecer que hayan honrado a la provincia de San Juan como responsable de organizar estas Primeras Jornadas Preparatorias del XXXI del Congreso Nacional de Derecho Procesal. Precisamente el a\u00f1o pasado tuvimos las XXX Jornadas del Congreso en la provincia de San Juan, lo cual es una segunda distinci\u00f3n\u201d.<\/p>\n<p>M\u00e1s adelante consign\u00f3 Gattoni que \u201cle comentaba reci\u00e9n al presidente de la Corte (de Justicia) que no es casual, que tiene que ver con el excelente trabajo que la Corte de Justicia y el Poder Judicial de San Juan viene realizando desde hace algunos a\u00f1os\u201d.<\/p>\n<p>Aludi\u00f3 luego que \u201csin lugar a dudas que el sistema de Flagrancia, la incorporaci\u00f3n del sistema acusatorio, las modificaciones que trabajamos en pandemia, porque tambi\u00e9n hay una cuesti\u00f3n importante para destacar que es la articulaci\u00f3n de c\u00f3mo hemos trabajado todos los poderes del Estado por mejorar y contribuir a hacerlo y tambi\u00e9n la mejora no s\u00f3lo se hace con la pol\u00edtica, sino al hacer buena justicia\u201d.<\/p>\n<p>Continu\u00f3 diciendo que \u201ctodas estas modificaciones que ha impulsado el Poder Judicial sin dudas han significado y est\u00e1n significando una mejor justicia y m\u00e1s oportuna y en este \u00e1mbito de trabajo, recordar por ejemplo que en la pandemia para modificar los c\u00f3digos procesales para adaptar a los procesos a la no presencialidad, a la virtualidad, modificando aquellos art\u00edculos del C\u00f3digo Procesal Civil que hac\u00eda falta modificar\u201d.<\/p>\n<p>Por \u00faltimo, el titular del Poder Legislativo expres\u00f3 que \u201cest\u00e1n casi con despacho los tres proyectos de ley del C\u00f3digo Procesal Civil, de Familia y Laboral y tambi\u00e9n destacar una cuesti\u00f3n muy importante de la Corte, tuvieron el tino, la delicadeza y la inteligencia de invitar los diputados y las diputadas a participar de las comisiones que el propio Poder Judicial hab\u00eda conformado para elaborar los proyectos del C\u00f3digo, de manera de trabajar en forma mancomunada y hacer mucho m\u00e1s f\u00e1cil la tarea en las comisiones ya que nos ha hecho ganar much\u00edsimo tiempo\u201d.<\/p>\n<p>Las Jornadas Preparatorias fueron organizadas por la Corte de Justicia, a trav\u00e9s de la Escuela Judicial; la Asociaci\u00f3n Argentina de Derecho Procesal y la Comisi\u00f3n de J\u00f3venes Procesalistas. Y cont\u00f3 con el auspicio del Gobierno de la provincia de San Juan, Ministerio de Gobierno; de la C\u00e1mara de Diputados de San Juan; del Colegio de Magistrados y Funcionarios del Poder Judicial de San Juan; de la Universidad Cat\u00f3lica de Cuyo; la Universidad Nacional de San Juan; la Universidad de Congreso; la Defensor\u00eda del Pueblo; el Foro de Abogados de San Juan; el Instituto de Derecho Procesal Civil; la Comisi\u00f3n de Justicia y Paz y la editorial Rubinzal-Culzoni.<\/p>\n<\/div>\n<p>Publicado, el Lunes, 04 de Julio de 2022<\/p>\n","protected":false},"excerpt":{"rendered":"<p>El vicegobernador Roberto Gattoni particip\u00f3 junto al presidente de la Corte de Justicia, Juan Jos\u00e9 Victoria de las Jornadas Preparatorias<\/p>\n","protected":false},"author":3,"featured_media":50467,"comment_status":"closed","ping_status":"closed","sticky":false,"template":"","format":"standard","meta":{"_acf_changed":false,"_seopress_robots_primary_cat":"none","_seopress_titles_title":"","_seopress_titles_desc":"","_seopress_robots_index":"","colormag_page_container_layout":"default_layout","colormag_page_sidebar_layout":"default_layout","footnotes":""},"categories":[1],"tags":[],"class_list":["post-50465","post","type-post","status-publish","format-standard","has-post-thumbnail","hentry","category-destacadas"],"acf":[],"_links":{"self":[{"href":"https:\/\/vocesparalelas.com.ar\/sitio\/wp-json\/wp\/v2\/posts\/50465","targetHints":{"allow":["GET"]}}],"collection":[{"href":"https:\/\/vocesparalelas.com.ar\/sitio\/wp-json\/wp\/v2\/posts"}],"about":[{"href":"https:\/\/vocesparalelas.com.ar\/sitio\/wp-json\/wp\/v2\/types\/post"}],"author":[{"embeddable":true,"href":"https:\/\/vocesparalelas.com.ar\/sitio\/wp-json\/wp\/v2\/users\/3"}],"replies":[{"embeddable":true,"href":"https:\/\/vocesparalelas.com.ar\/sitio\/wp-json\/wp\/v2\/comments?post=50465"}],"version-history":[{"count":2,"href":"https:\/\/vocesparalelas.com.ar\/sitio\/wp-json\/wp\/v2\/posts\/50465\/revisions"}],"predecessor-version":[{"id":50469,"href":"https:\/\/vocesparalelas.com.ar\/sitio\/wp-json\/wp\/v2\/posts\/50465\/revisions\/50469"}],"wp:featuredmedia":[{"embeddable":true,"href":"https:\/\/vocesparalelas.com.ar\/sitio\/wp-json\/wp\/v2\/media\/50467"}],"wp:attachment":[{"href":"https:\/\/vocesparalelas.com.ar\/sitio\/wp-json\/wp\/v2\/media?parent=50465"}],"wp:term":[{"taxonomy":"category","embeddable":true,"href":"https:\/\/vocesparalelas.com.ar\/sitio\/wp-json\/wp\/v2\/categories?post=50465"},{"taxonomy":"post_tag","embeddable":true,"href":"https:\/\/vocesparalelas.com.ar\/sitio\/wp-json\/wp\/v2\/tags?post=50465"}],"curies":[{"name":"wp","href":"https:\/\/api.w.org\/{rel}","templated":true}]}}