{"id":50441,"date":"2022-07-03T20:04:19","date_gmt":"2022-07-03T23:04:19","guid":{"rendered":"https:\/\/vocesparalelas.com.ar\/sitio\/?p=50441"},"modified":"2022-07-03T20:04:19","modified_gmt":"2022-07-03T23:04:19","slug":"reunion-con-el-personal-nodocente-de-la-faud-de-la-unsj","status":"publish","type":"post","link":"https:\/\/vocesparalelas.com.ar\/sitio\/reunion-con-el-personal-nodocente-de-la-faud-de-la-unsj\/","title":{"rendered":"Reuni\u00f3n con el personal nodocente de la FAUD de la UNSJ"},"content":{"rendered":"<p>Las autoridades de la Facultad de Arquitectura, Urbanismo y Dise\u00f1o de la Universidad Nacional de San Juan llevaron a cabo la segunda reuni\u00f3n con personal Nodocente, que por un cuesti\u00f3n operativa fueron divididos en tres grupos.<\/p>\n<p>En esta oportunidad el decano de la FAUD de la UNSJ, Arq. Guillermo Velasco junto a la vicedecana, Esp. D.I.G. Natalia Sevilla y la secretaria Administrativo Financiera, C.P.N. Eva Mercado, llevaron a cabo el encuentro con integrantes del agrupamiento \u201cMantenimiento, producci\u00f3n y servicios generales\u201d.<\/p>\n<p>Las autoridades hicieron un repaso de lo realizado hasta ahora en lo relacionado con los servicios generales y escucharon las solicitudes y consultas del personal.<\/p>\n<p>Estas reuniones forman parte de la decisi\u00f3n\u00a0de interactuar\u00a0manera m\u00e1s fluida con el personal de la Facultad, para dar soluci\u00f3n a demandas y dialogar sobre las tareas que se llevan a cabo en la gesti\u00f3n.<\/p>\n<p><img loading=\"lazy\" decoding=\"async\" class=\"alignnone size-large wp-image-50443\" src=\"https:\/\/vocesparalelas.com.ar\/sitio\/wp-content\/uploads\/2022\/07\/FAUD-segunda-reunion-con-el-personal-nodocente-de-la-faud-800x286.jpeg\" alt=\"\" width=\"800\" height=\"286\" srcset=\"https:\/\/vocesparalelas.com.ar\/sitio\/wp-content\/uploads\/2022\/07\/FAUD-segunda-reunion-con-el-personal-nodocente-de-la-faud-800x286.jpeg 800w, https:\/\/vocesparalelas.com.ar\/sitio\/wp-content\/uploads\/2022\/07\/FAUD-segunda-reunion-con-el-personal-nodocente-de-la-faud-300x107.jpeg 300w, https:\/\/vocesparalelas.com.ar\/sitio\/wp-content\/uploads\/2022\/07\/FAUD-segunda-reunion-con-el-personal-nodocente-de-la-faud-768x274.jpeg 768w, https:\/\/vocesparalelas.com.ar\/sitio\/wp-content\/uploads\/2022\/07\/FAUD-segunda-reunion-con-el-personal-nodocente-de-la-faud.jpeg 980w\" sizes=\"auto, (max-width: 800px) 100vw, 800px\" \/><\/p>\n","protected":false},"excerpt":{"rendered":"<p>Las autoridades de la Facultad de Arquitectura, Urbanismo y Dise\u00f1o de la Universidad Nacional de San Juan llevaron a cabo<\/p>\n","protected":false},"author":3,"featured_media":43789,"comment_status":"closed","ping_status":"closed","sticky":false,"template":"","format":"standard","meta":{"_acf_changed":false,"_seopress_robots_primary_cat":"none","_seopress_titles_title":"","_seopress_titles_desc":"","_seopress_robots_index":"","colormag_page_container_layout":"default_layout","colormag_page_sidebar_layout":"default_layout","footnotes":""},"categories":[1],"tags":[],"class_list":["post-50441","post","type-post","status-publish","format-standard","has-post-thumbnail","hentry","category-destacadas"],"acf":[],"_links":{"self":[{"href":"https:\/\/vocesparalelas.com.ar\/sitio\/wp-json\/wp\/v2\/posts\/50441","targetHints":{"allow":["GET"]}}],"collection":[{"href":"https:\/\/vocesparalelas.com.ar\/sitio\/wp-json\/wp\/v2\/posts"}],"about":[{"href":"https:\/\/vocesparalelas.com.ar\/sitio\/wp-json\/wp\/v2\/types\/post"}],"author":[{"embeddable":true,"href":"https:\/\/vocesparalelas.com.ar\/sitio\/wp-json\/wp\/v2\/users\/3"}],"replies":[{"embeddable":true,"href":"https:\/\/vocesparalelas.com.ar\/sitio\/wp-json\/wp\/v2\/comments?post=50441"}],"version-history":[{"count":1,"href":"https:\/\/vocesparalelas.com.ar\/sitio\/wp-json\/wp\/v2\/posts\/50441\/revisions"}],"predecessor-version":[{"id":50444,"href":"https:\/\/vocesparalelas.com.ar\/sitio\/wp-json\/wp\/v2\/posts\/50441\/revisions\/50444"}],"wp:featuredmedia":[{"embeddable":true,"href":"https:\/\/vocesparalelas.com.ar\/sitio\/wp-json\/wp\/v2\/media\/43789"}],"wp:attachment":[{"href":"https:\/\/vocesparalelas.com.ar\/sitio\/wp-json\/wp\/v2\/media?parent=50441"}],"wp:term":[{"taxonomy":"category","embeddable":true,"href":"https:\/\/vocesparalelas.com.ar\/sitio\/wp-json\/wp\/v2\/categories?post=50441"},{"taxonomy":"post_tag","embeddable":true,"href":"https:\/\/vocesparalelas.com.ar\/sitio\/wp-json\/wp\/v2\/tags?post=50441"}],"curies":[{"name":"wp","href":"https:\/\/api.w.org\/{rel}","templated":true}]}}