{"id":50402,"date":"2022-07-02T12:04:22","date_gmt":"2022-07-02T15:04:22","guid":{"rendered":"https:\/\/vocesparalelas.com.ar\/sitio\/?p=50402"},"modified":"2022-07-02T12:39:38","modified_gmt":"2022-07-02T15:39:38","slug":"jornada-de-salud-y-seguridad-en-el-ambito-hospitalario-en-la-fi-de-la-unsj","status":"publish","type":"post","link":"https:\/\/vocesparalelas.com.ar\/sitio\/jornada-de-salud-y-seguridad-en-el-ambito-hospitalario-en-la-fi-de-la-unsj\/","title":{"rendered":"Jornada de Salud y Seguridad en el \u00e1mbito hospitalario en la FI de la UNSJ"},"content":{"rendered":"<p>La Facultad de Ingenier\u00eda de la Universidad Nacional de San Juan desarrolla una serie de jornadas relacionadas a la seguridad labora. Los mismos son muy interesantes.<\/p>\n<p>Es as\u00ed que, en el Sal\u00f3n de actos del Instituto de Energ\u00eda El\u00e9ctrica de la FI de la UNSJ, se desarroll\u00f3 la Jornada de Salud y Seguridad en el \u00e1mbito hospitalario.<\/p>\n<figure id=\"attachment_50406\" aria-describedby=\"caption-attachment-50406\" style=\"width: 800px\" class=\"wp-caption alignnone\"><img loading=\"lazy\" decoding=\"async\" class=\"wp-image-50406 size-full\" src=\"https:\/\/vocesparalelas.com.ar\/sitio\/wp-content\/uploads\/2022\/07\/FI-SALUD-JORNADA-08.jpg\" alt=\"\" width=\"800\" height=\"450\" srcset=\"https:\/\/vocesparalelas.com.ar\/sitio\/wp-content\/uploads\/2022\/07\/FI-SALUD-JORNADA-08.jpg 800w, https:\/\/vocesparalelas.com.ar\/sitio\/wp-content\/uploads\/2022\/07\/FI-SALUD-JORNADA-08-300x169.jpg 300w, https:\/\/vocesparalelas.com.ar\/sitio\/wp-content\/uploads\/2022\/07\/FI-SALUD-JORNADA-08-768x432.jpg 768w\" sizes=\"auto, (max-width: 800px) 100vw, 800px\" \/><figcaption id=\"caption-attachment-50406\" class=\"wp-caption-text\">Subsecretario de Trabajo, Dr. Jorge Oribe; Decano FI de la UNSJ, Ing. Mario Fern\u00e1ndez; Decana Ciencias M\u00e9dicas de la UCCuyo, Dra. Mar\u00eda In\u00e9s Dufour; Director M\u00e9dico del Hospital Dr. Marcial Quiroga, Dr. Sergio Albarrac\u00edn.<\/figcaption><\/figure>\n<p>Por ello, la Subsecretar\u00eda de Trabajo de la provincia de San Juan junto a Facultad de Ingenier\u00eda de la Universidad Nacional de San Juan, la Facultad de Ciencias M\u00e9dicas de la Universidad Nacional de Cuyo y empresas dedicadas a la seguridad e higiene laboral apostaron a un tema tan importante de aprender para prestar atenci\u00f3n.<\/p>\n<p>Los temas tratados por especialistas fueron Sistema globalizante armonizado de clasificaci\u00f3n y etiquetado de sustancias qu\u00edmica &#8211; SGA\/GHS &#8211; Res. SRT N\u00b0 801\/15.\u00a0 a cargo del Ing. Daniel Marthi Especialista de la SRT, Departamento Programas Preventivos SRT; las Normas de Bioseguridad para personal de salud a cargo del Bioing. Luis Pulenta; las Medidas Preventivas en el uso de Gases medicinales a cargo del Bioing. Andr\u00e9s Valdez y los Valores y pilares fundamentales en la prevenci\u00f3n de riesgos ART.<\/p>\n<p>La jornada fue convocante y Voces Paralelas desarroll\u00f3 una entrevista period\u00edstica al Ing. Daniel Marthi Especialista de la SRT, Departamento Programas Preventivos SRT, quien puso la mirada en los cuidados que debemos tener en los \u00e1mbitos laborales.<\/p>\n<p><iframe loading=\"lazy\" title=\"FI UNSJ ING DANIEL MARTHI\" width=\"800\" height=\"450\" src=\"https:\/\/www.youtube.com\/embed\/cfUMDWNQRtQ?feature=oembed\" frameborder=\"0\" allow=\"accelerometer; autoplay; clipboard-write; encrypted-media; gyroscope; picture-in-picture\" allowfullscreen><\/iframe><\/p>\n<p><strong><span style=\"color: #99cc00;\">Equipo de trabajo para organizar la Jornada de Salud y Seguridad en el \u00e1mbito hospitalario en la FI de la UNSJ<\/span><\/strong><\/p>\n<figure id=\"attachment_50392\" aria-describedby=\"caption-attachment-50392\" style=\"width: 800px\" class=\"wp-caption alignnone\"><img loading=\"lazy\" decoding=\"async\" class=\"wp-image-50392 size-full\" src=\"https:\/\/vocesparalelas.com.ar\/sitio\/wp-content\/uploads\/2022\/07\/FI-SALUD-JORNADA-04.jpg\" alt=\"\" width=\"800\" height=\"450\" srcset=\"https:\/\/vocesparalelas.com.ar\/sitio\/wp-content\/uploads\/2022\/07\/FI-SALUD-JORNADA-04.jpg 800w, https:\/\/vocesparalelas.com.ar\/sitio\/wp-content\/uploads\/2022\/07\/FI-SALUD-JORNADA-04-300x169.jpg 300w, https:\/\/vocesparalelas.com.ar\/sitio\/wp-content\/uploads\/2022\/07\/FI-SALUD-JORNADA-04-768x432.jpg 768w\" sizes=\"auto, (max-width: 800px) 100vw, 800px\" \/><figcaption id=\"caption-attachment-50392\" class=\"wp-caption-text\">De izquierda a derecha: Lic Gustavo Calvo UGREMA-FI; Bioing. L\u00eda Busatto Subsecretar\u00eda de Trabajo SJ; Lic Mauro Strambach UGREMA-FI; Ing Ana Rodrigo UGREMA-FI; Lic Cristian P\u00e9rez Consejo HST y Lic Maxi Moreno FI<\/figcaption><\/figure>\n<p><img loading=\"lazy\" decoding=\"async\" class=\"alignnone size-full wp-image-50395\" src=\"https:\/\/vocesparalelas.com.ar\/sitio\/wp-content\/uploads\/2022\/07\/FI-SALUD-JORNADA-06.jpg\" alt=\"\" width=\"800\" height=\"533\" srcset=\"https:\/\/vocesparalelas.com.ar\/sitio\/wp-content\/uploads\/2022\/07\/FI-SALUD-JORNADA-06.jpg 800w, https:\/\/vocesparalelas.com.ar\/sitio\/wp-content\/uploads\/2022\/07\/FI-SALUD-JORNADA-06-300x200.jpg 300w, https:\/\/vocesparalelas.com.ar\/sitio\/wp-content\/uploads\/2022\/07\/FI-SALUD-JORNADA-06-768x512.jpg 768w\" sizes=\"auto, (max-width: 800px) 100vw, 800px\" \/><\/p>\n<p>&nbsp;<\/p>\n<figure id=\"attachment_50393\" aria-describedby=\"caption-attachment-50393\" style=\"width: 800px\" class=\"wp-caption alignnone\"><img loading=\"lazy\" decoding=\"async\" class=\"size-full wp-image-50393\" src=\"https:\/\/vocesparalelas.com.ar\/sitio\/wp-content\/uploads\/2022\/07\/FI-SALUD-JORNADA-05.jpg\" alt=\"\" width=\"800\" height=\"501\" srcset=\"https:\/\/vocesparalelas.com.ar\/sitio\/wp-content\/uploads\/2022\/07\/FI-SALUD-JORNADA-05.jpg 800w, https:\/\/vocesparalelas.com.ar\/sitio\/wp-content\/uploads\/2022\/07\/FI-SALUD-JORNADA-05-300x188.jpg 300w, https:\/\/vocesparalelas.com.ar\/sitio\/wp-content\/uploads\/2022\/07\/FI-SALUD-JORNADA-05-768x481.jpg 768w\" sizes=\"auto, (max-width: 800px) 100vw, 800px\" \/><figcaption id=\"caption-attachment-50393\" class=\"wp-caption-text\">Ing. Daniel Marthi Especialista de la SRT, Departamento Programas Preventivos SRT<\/figcaption><\/figure>\n<p>Publicado, el S\u00e1bado, 02 de Julio de 2022<\/p>\n","protected":false},"excerpt":{"rendered":"<p>La Facultad de Ingenier\u00eda de la Universidad Nacional de San Juan desarrolla una serie de jornadas relacionadas a la seguridad<\/p>\n","protected":false},"author":3,"featured_media":50391,"comment_status":"closed","ping_status":"closed","sticky":false,"template":"","format":"video","meta":{"_acf_changed":false,"_seopress_robots_primary_cat":"none","_seopress_titles_title":"","_seopress_titles_desc":"","_seopress_robots_index":"","colormag_page_container_layout":"default_layout","colormag_page_sidebar_layout":"default_layout","footnotes":""},"categories":[1,7],"tags":[],"class_list":["post-50402","post","type-post","status-publish","format-video","has-post-thumbnail","hentry","category-destacadas","category-videos","post_format-post-format-video"],"acf":[],"_links":{"self":[{"href":"https:\/\/vocesparalelas.com.ar\/sitio\/wp-json\/wp\/v2\/posts\/50402","targetHints":{"allow":["GET"]}}],"collection":[{"href":"https:\/\/vocesparalelas.com.ar\/sitio\/wp-json\/wp\/v2\/posts"}],"about":[{"href":"https:\/\/vocesparalelas.com.ar\/sitio\/wp-json\/wp\/v2\/types\/post"}],"author":[{"embeddable":true,"href":"https:\/\/vocesparalelas.com.ar\/sitio\/wp-json\/wp\/v2\/users\/3"}],"replies":[{"embeddable":true,"href":"https:\/\/vocesparalelas.com.ar\/sitio\/wp-json\/wp\/v2\/comments?post=50402"}],"version-history":[{"count":3,"href":"https:\/\/vocesparalelas.com.ar\/sitio\/wp-json\/wp\/v2\/posts\/50402\/revisions"}],"predecessor-version":[{"id":50408,"href":"https:\/\/vocesparalelas.com.ar\/sitio\/wp-json\/wp\/v2\/posts\/50402\/revisions\/50408"}],"wp:featuredmedia":[{"embeddable":true,"href":"https:\/\/vocesparalelas.com.ar\/sitio\/wp-json\/wp\/v2\/media\/50391"}],"wp:attachment":[{"href":"https:\/\/vocesparalelas.com.ar\/sitio\/wp-json\/wp\/v2\/media?parent=50402"}],"wp:term":[{"taxonomy":"category","embeddable":true,"href":"https:\/\/vocesparalelas.com.ar\/sitio\/wp-json\/wp\/v2\/categories?post=50402"},{"taxonomy":"post_tag","embeddable":true,"href":"https:\/\/vocesparalelas.com.ar\/sitio\/wp-json\/wp\/v2\/tags?post=50402"}],"curies":[{"name":"wp","href":"https:\/\/api.w.org\/{rel}","templated":true}]}}