{"id":50387,"date":"2022-07-01T23:44:12","date_gmt":"2022-07-02T02:44:12","guid":{"rendered":"https:\/\/vocesparalelas.com.ar\/sitio\/?p=50387"},"modified":"2022-07-05T00:51:35","modified_gmt":"2022-07-05T03:51:35","slug":"jornada-la-ingenieria-en-clave-de-genero-en-la-fi-de-la-unsj","status":"publish","type":"post","link":"https:\/\/vocesparalelas.com.ar\/sitio\/jornada-la-ingenieria-en-clave-de-genero-en-la-fi-de-la-unsj\/","title":{"rendered":"Jornada \u00abLa Ingenier\u00eda en clave de G\u00e9nero\u00bb en la FI de la UNSJ"},"content":{"rendered":"<p>La Facultad de Ingenier\u00eda de la Universidad Nacional de San Juan conmemor\u00f3 el D\u00eda Internacional de la Mujer en la Ingenier\u00eda con una mesa de mujeres que compartieron sus experiencias de formaci\u00f3n y desarrollo profesional en la Jornada \u00abLa Ingenier\u00eda en clave de G\u00e9nero\u00bb.<\/p>\n<p>Las disertaciones estuvieron a cargo de mujeres con la Ing. Graciela Castro; Ing. Regina Bertero; Ing. Florencia G\u00f3mez Lobato; Ing. Patricia Tieri; Ing. Yesica Perona Franovich; Ing. Mar\u00eda Bel\u00e9n Fern\u00e1ndez Chipre; Ana Alejandra Gonz\u00e1lez, quien es un estudiante avanzada de Ingenier\u00eda.<\/p>\n<p><img loading=\"lazy\" decoding=\"async\" class=\"alignnone size-full wp-image-50396\" src=\"https:\/\/vocesparalelas.com.ar\/sitio\/wp-content\/uploads\/2022\/07\/FI-MUJERES-INGENIERAS-01.jpg\" alt=\"\" width=\"800\" height=\"361\" srcset=\"https:\/\/vocesparalelas.com.ar\/sitio\/wp-content\/uploads\/2022\/07\/FI-MUJERES-INGENIERAS-01.jpg 800w, https:\/\/vocesparalelas.com.ar\/sitio\/wp-content\/uploads\/2022\/07\/FI-MUJERES-INGENIERAS-01-300x135.jpg 300w, https:\/\/vocesparalelas.com.ar\/sitio\/wp-content\/uploads\/2022\/07\/FI-MUJERES-INGENIERAS-01-768x347.jpg 768w\" sizes=\"auto, (max-width: 800px) 100vw, 800px\" \/><\/p>\n<p>Esta actividad se desarroll\u00f3 en el marco del mes de la Ingenier\u00eda y\u00a0 bajo el Proyecto Historia, Ingenier\u00eda y G\u00e9nero, un tema de gran inter\u00e9s para el sector.<\/p>\n<p>Por ello, Voces Paralelas aplic\u00f3 una entrevista period\u00edstica a la Vicedecana de la FI de la UNSJ, Dra. Andrea D\u00edaz, quien realiz\u00f3 una reflexi\u00f3n sobre los objetivos logrados y los avances que permiten en estos encuentros para fortalecer la profesi\u00f3n de la mujer en su rol laboral como Ingeniera.<\/p>\n<p><iframe loading=\"lazy\" title=\"FI UNSJ VICEDECANA DRA ANDREA DIAZ\" width=\"800\" height=\"450\" src=\"https:\/\/www.youtube.com\/embed\/wAGDyuysjUo?feature=oembed\" frameborder=\"0\" allow=\"accelerometer; autoplay; clipboard-write; encrypted-media; gyroscope; picture-in-picture\" allowfullscreen><\/iframe><\/p>\n<p>&nbsp;<\/p>\n<p><img loading=\"lazy\" decoding=\"async\" class=\"alignnone size-full wp-image-50398\" src=\"https:\/\/vocesparalelas.com.ar\/sitio\/wp-content\/uploads\/2022\/07\/FI-MUJERES-INGENIERAS-03.jpg\" alt=\"\" width=\"800\" height=\"309\" srcset=\"https:\/\/vocesparalelas.com.ar\/sitio\/wp-content\/uploads\/2022\/07\/FI-MUJERES-INGENIERAS-03.jpg 800w, https:\/\/vocesparalelas.com.ar\/sitio\/wp-content\/uploads\/2022\/07\/FI-MUJERES-INGENIERAS-03-300x116.jpg 300w, https:\/\/vocesparalelas.com.ar\/sitio\/wp-content\/uploads\/2022\/07\/FI-MUJERES-INGENIERAS-03-768x297.jpg 768w\" sizes=\"auto, (max-width: 800px) 100vw, 800px\" \/><\/p>\n<p>&nbsp;<\/p>\n<p><img loading=\"lazy\" decoding=\"async\" class=\"alignnone size-full wp-image-50397\" src=\"https:\/\/vocesparalelas.com.ar\/sitio\/wp-content\/uploads\/2022\/07\/FI-MUJERES-INGENIERAS-02.jpg\" alt=\"\" width=\"800\" height=\"361\" srcset=\"https:\/\/vocesparalelas.com.ar\/sitio\/wp-content\/uploads\/2022\/07\/FI-MUJERES-INGENIERAS-02.jpg 800w, https:\/\/vocesparalelas.com.ar\/sitio\/wp-content\/uploads\/2022\/07\/FI-MUJERES-INGENIERAS-02-300x135.jpg 300w, https:\/\/vocesparalelas.com.ar\/sitio\/wp-content\/uploads\/2022\/07\/FI-MUJERES-INGENIERAS-02-768x347.jpg 768w\" sizes=\"auto, (max-width: 800px) 100vw, 800px\" \/><\/p>\n<p>&nbsp;<\/p>\n<p><iframe loading=\"lazy\" title=\"Jornada de Ingenier\u00eda en Clave de G\u00e9nero\" width=\"800\" height=\"450\" src=\"https:\/\/www.youtube.com\/embed\/2aMPJqRRsfc?feature=oembed\" frameborder=\"0\" allow=\"accelerometer; autoplay; clipboard-write; encrypted-media; gyroscope; picture-in-picture\" allowfullscreen><\/iframe><\/p>\n<p><strong><span style=\"color: #99cc00;\">Resumen de la Jornada \u00abLa Ingenier\u00eda en clave de G\u00e9nero\u00bb<\/span><\/strong><\/p>\n<p>En el marco del mes de la Ingenier\u00eda y el D\u00eda Internacional de la Mujer en la Ingenier\u00eda celebrado el pasado 23 de junio, las autoridades de Facultad de Ingenier\u00eda de la UNSJ, junto al equipo del Proyecto \u201cHistoria, Ingenier\u00eda y G\u00e9nero\u201d y docentes, organizaron la \u00a0Jornada \u201cLa Ingenier\u00eda en clave de g\u00e9nero\u201d. La misma se realiz\u00f3 el d\u00eda jueves 30 de junio, en el Aula Magna del Departamento de Ingenier\u00eda de Minas.<\/p>\n<p>La Jornada se inici\u00f3 con el saludo y bienvenida de la vicedecana de la Facultad de Ingenier\u00eda (FI), Dra. Ing. Andrea Diaz, estuvieron presentes, la vicerrectora, Dra. Anal\u00eda Ponce, secretarios de la FI, docentes, investigadoras, nodocentes, egresadas y alumnas. Posteriormente la Ing. Mar\u00eda Peralta, Presidenta de la Comisi\u00f3n de Mujeres, G\u00e9nero y Diversidad de CONFEDI (Consejo Federal de Decanas y Decanos de la Rep\u00fablica Argentina), emiti\u00f3 un saludo a todas las mujeres ingenieras y luego acompa\u00f1\u00f3 con su saludo de manera virtual la Ing. Guadalupe Pasacal, docente investigadora de la Facultad de Ingenier\u00eda de la Universidad de Lomas de Zamora. Posteriormente comenz\u00f3 la din\u00e1mica de la Jornada con siete panelistas:<\/p>\n<ul>\n<li>Graciela Castro, ingeniera de minas, docente \u2013 investigadora de la FI-UNSJ<\/li>\n<li>Regina Bertero, ingeniera en metalurgia extractiva, Jefa de Departamento de las carreras ingenier\u00eda en minas e ingenier\u00eda en metalurgia extractiva.<\/li>\n<li>Florencia G\u00f3mez Lobato, bioingenier\u00eda, empresaria<\/li>\n<li>Patricia Tieri, ingeniera civil, empresaria, integrante del consejo profesional de ingenieros civiles<\/li>\n<li>Yesica Perona Franovich, ingeniera qu\u00edmica, se desempe\u00f1a en puesto gerencial en una empresa minera.<\/li>\n<li>Mar\u00eda Bel\u00e9n Fern\u00e1ndez Chipre, ingeniera en alimentos, empresaria<\/li>\n<li>Ana Alejandra Gonz\u00e1lez, estudiante avanzada de Ingenier\u00eda Industrial, consejera departamental, consejera del Consejo Directivo \u2013FI.<\/li>\n<\/ul>\n<p><span style=\"color: #99cc00;\"><strong>La actividad consisti\u00f3 en trabajar en 4 ejes tem\u00e1ticos<\/strong><\/span><\/p>\n<ul>\n<li><strong>Eje 1:<\/strong> Las mujeres y el estudio de las carreras de ingenier\u00eda En este eje se propuso conversar sobre la elecci\u00f3n de la carrera de grado y todo lo relativo a la etapa de la formaci\u00f3n profesional inicial.<\/li>\n<li><strong>Eje 2:<\/strong> Desempe\u00f1o profesional. En este eje se propuso conversar sobre el recorrido profesional y c\u00f3mo est\u00e1 atravesado por la condici\u00f3n femenina, articulando el ejercicio de la ingenier\u00eda con la maternidad, las tareas de cuidado, las posibilidades de desarrollo de las mujeres en distintos \u00e1mbitos laborales.<\/li>\n<li><strong>Eje 3:<\/strong> Recursos y estrategias puestas en juego En este eje se propuso conversar sobre los condicionamientos institucionales para el desarrollo personal y profesional de las mujeres, tanto en el ambiente formativo y laboral\/profesional<\/li>\n<li><strong>Eje 4: <\/strong>Reflexiones En este eje se propuso conversar sobre el plano emocional, sentimientos, motivaciones, frustraciones, relacionados con el ser mujer en la ingenier\u00eda.<\/li>\n<\/ul>\n<p>Se gener\u00f3 una din\u00e1mica muy activa de exposiciones y preguntas de parte de alumnas hacia las panelistas.<\/p>\n<p><span style=\"color: #99cc00;\"><strong>Conclusiones<\/strong><\/span><\/p>\n<p>Generar compromiso entre las mujeres ingenieras, hacernos parte como mujeres ingeneiras de la problem\u00e1tica de ser minor\u00edas, trabajar de forma conjunta para formar redes, acompa\u00f1ar a nuestras alumnas en su permanencia en la facultad de ingenier\u00eda, acompa\u00f1amos mutuamente para trabajar por nosotras y por las futuras generaciones de mujeres, con el prop\u00f3sito de ser m\u00e1s mujeres ingenieras que las que somos hoy.<\/p>\n<p>Publicado, el 01 de Julio de 2022<\/p>\n","protected":false},"excerpt":{"rendered":"<p>La Facultad de Ingenier\u00eda de la Universidad Nacional de San Juan conmemor\u00f3 el D\u00eda Internacional de la Mujer en la<\/p>\n","protected":false},"author":3,"featured_media":50389,"comment_status":"closed","ping_status":"closed","sticky":false,"template":"","format":"video","meta":{"_acf_changed":false,"_seopress_robots_primary_cat":"none","_seopress_titles_title":"","_seopress_titles_desc":"","_seopress_robots_index":"","colormag_page_container_layout":"default_layout","colormag_page_sidebar_layout":"default_layout","footnotes":""},"categories":[10,7],"tags":[],"class_list":["post-50387","post","type-post","status-publish","format-video","has-post-thumbnail","hentry","category-opiniones","category-videos","post_format-post-format-video"],"acf":[],"_links":{"self":[{"href":"https:\/\/vocesparalelas.com.ar\/sitio\/wp-json\/wp\/v2\/posts\/50387","targetHints":{"allow":["GET"]}}],"collection":[{"href":"https:\/\/vocesparalelas.com.ar\/sitio\/wp-json\/wp\/v2\/posts"}],"about":[{"href":"https:\/\/vocesparalelas.com.ar\/sitio\/wp-json\/wp\/v2\/types\/post"}],"author":[{"embeddable":true,"href":"https:\/\/vocesparalelas.com.ar\/sitio\/wp-json\/wp\/v2\/users\/3"}],"replies":[{"embeddable":true,"href":"https:\/\/vocesparalelas.com.ar\/sitio\/wp-json\/wp\/v2\/comments?post=50387"}],"version-history":[{"count":1,"href":"https:\/\/vocesparalelas.com.ar\/sitio\/wp-json\/wp\/v2\/posts\/50387\/revisions"}],"predecessor-version":[{"id":50399,"href":"https:\/\/vocesparalelas.com.ar\/sitio\/wp-json\/wp\/v2\/posts\/50387\/revisions\/50399"}],"wp:featuredmedia":[{"embeddable":true,"href":"https:\/\/vocesparalelas.com.ar\/sitio\/wp-json\/wp\/v2\/media\/50389"}],"wp:attachment":[{"href":"https:\/\/vocesparalelas.com.ar\/sitio\/wp-json\/wp\/v2\/media?parent=50387"}],"wp:term":[{"taxonomy":"category","embeddable":true,"href":"https:\/\/vocesparalelas.com.ar\/sitio\/wp-json\/wp\/v2\/categories?post=50387"},{"taxonomy":"post_tag","embeddable":true,"href":"https:\/\/vocesparalelas.com.ar\/sitio\/wp-json\/wp\/v2\/tags?post=50387"}],"curies":[{"name":"wp","href":"https:\/\/api.w.org\/{rel}","templated":true}]}}