{"id":50376,"date":"2022-07-01T15:02:22","date_gmt":"2022-07-01T18:02:22","guid":{"rendered":"https:\/\/vocesparalelas.com.ar\/sitio\/?p=50376"},"modified":"2022-07-01T15:02:22","modified_gmt":"2022-07-01T18:02:22","slug":"suspenden-las-actividades-escolares-por-el-viento-zonda-en-san-juan","status":"publish","type":"post","link":"https:\/\/vocesparalelas.com.ar\/sitio\/suspenden-las-actividades-escolares-por-el-viento-zonda-en-san-juan\/","title":{"rendered":"Suspenden las actividades escolares por el viento Zonda en San Juan"},"content":{"rendered":"<div class=\"itemFullText\">\n<p>El Ministerio de Educaci\u00f3n del Gobierno de San Juan informa que ante las adversas condiciones clim\u00e1ticas por viento Zonda y de acuerdo con la informaci\u00f3n proporcionada por la alerta del Servicio Meteorol\u00f3gico Nacional y Protecci\u00f3n Civil, se determin\u00f3 suspender el <span class=\"itemDateModified\">Viernes, 01 de Julio, las <\/span>actividades escolares en el turno tarde, intermedio, vespertino y nocturno en la provincia , en todos los niveles y modalidades, para escuelas de gesti\u00f3n p\u00fablica y privada.<\/p>\n<\/div>\n<div class=\"clr\"><\/div>\n<div class=\"itemContentFooter\"><span class=\"itemDateModified\">Publicado el Viernes, 01 de Julio de 2022\u00a0<\/span><\/div>\n","protected":false},"excerpt":{"rendered":"<p>El Ministerio de Educaci\u00f3n del Gobierno de San Juan informa que ante las adversas condiciones clim\u00e1ticas por viento Zonda y<\/p>\n","protected":false},"author":3,"featured_media":28629,"comment_status":"closed","ping_status":"closed","sticky":false,"template":"","format":"standard","meta":{"_acf_changed":false,"_seopress_robots_primary_cat":"none","_seopress_titles_title":"","_seopress_titles_desc":"","_seopress_robots_index":"","colormag_page_container_layout":"default_layout","colormag_page_sidebar_layout":"default_layout","footnotes":""},"categories":[1],"tags":[],"class_list":["post-50376","post","type-post","status-publish","format-standard","has-post-thumbnail","hentry","category-destacadas"],"acf":[],"_links":{"self":[{"href":"https:\/\/vocesparalelas.com.ar\/sitio\/wp-json\/wp\/v2\/posts\/50376","targetHints":{"allow":["GET"]}}],"collection":[{"href":"https:\/\/vocesparalelas.com.ar\/sitio\/wp-json\/wp\/v2\/posts"}],"about":[{"href":"https:\/\/vocesparalelas.com.ar\/sitio\/wp-json\/wp\/v2\/types\/post"}],"author":[{"embeddable":true,"href":"https:\/\/vocesparalelas.com.ar\/sitio\/wp-json\/wp\/v2\/users\/3"}],"replies":[{"embeddable":true,"href":"https:\/\/vocesparalelas.com.ar\/sitio\/wp-json\/wp\/v2\/comments?post=50376"}],"version-history":[{"count":1,"href":"https:\/\/vocesparalelas.com.ar\/sitio\/wp-json\/wp\/v2\/posts\/50376\/revisions"}],"predecessor-version":[{"id":50378,"href":"https:\/\/vocesparalelas.com.ar\/sitio\/wp-json\/wp\/v2\/posts\/50376\/revisions\/50378"}],"wp:featuredmedia":[{"embeddable":true,"href":"https:\/\/vocesparalelas.com.ar\/sitio\/wp-json\/wp\/v2\/media\/28629"}],"wp:attachment":[{"href":"https:\/\/vocesparalelas.com.ar\/sitio\/wp-json\/wp\/v2\/media?parent=50376"}],"wp:term":[{"taxonomy":"category","embeddable":true,"href":"https:\/\/vocesparalelas.com.ar\/sitio\/wp-json\/wp\/v2\/categories?post=50376"},{"taxonomy":"post_tag","embeddable":true,"href":"https:\/\/vocesparalelas.com.ar\/sitio\/wp-json\/wp\/v2\/tags?post=50376"}],"curies":[{"name":"wp","href":"https:\/\/api.w.org\/{rel}","templated":true}]}}