{"id":50297,"date":"2022-06-29T16:31:34","date_gmt":"2022-06-29T19:31:34","guid":{"rendered":"https:\/\/vocesparalelas.com.ar\/sitio\/?p=50297"},"modified":"2022-07-01T23:48:50","modified_gmt":"2022-07-02T02:48:50","slug":"71-edicion-de-la-feria-agroproductiva","status":"publish","type":"post","link":"https:\/\/vocesparalelas.com.ar\/sitio\/71-edicion-de-la-feria-agroproductiva\/","title":{"rendered":"71\u00b0 edici\u00f3n de la Feria Agroproductiva"},"content":{"rendered":"<div class=\"itemFullText\">\n<p>El Ministerio de Producci\u00f3n y Desarrollo Econ\u00f3mico del Gobierno de San Juan, a trav\u00e9s de la Secretar\u00eda de Agricultura, Ganader\u00eda y Agroindustria y la Direcci\u00f3n de Desarrollo Agr\u00edcola realizan el S\u00e1bado, 2 de Julio, la 71\u00b0 edici\u00f3n de la Feria Agroproductiva.<\/p>\n<p>Como en cada edici\u00f3n, el lugar elegido es el Paseo de Las Palmeras del Parque de Mayo, ubicado en calle San Luis y Urquiza., donde se puede adquirir frutas, verduras, huevos, dulces, aceites, vinos, frutos secos, conservas y plantas, entre otros productos.<\/p>\n<p>El horario para asistir a la actividad es a partir de las 9:30 hasta las 14 hs. Adem\u00e1s, puede disfrutar show musicales y sorteos de productos Origen San Juan.<\/p>\n<p>En esta oportunidad, los productos gourmet tienen un lugar especial ya que se realiza una degustaci\u00f3n y exposici\u00f3n.<\/p>\n<\/div>\n<div class=\"clr\"><\/div>\n<div class=\"itemContentFooter\"><span class=\"itemDateModified\">Publicado el Mi\u00e9rcoles, 29 de Junio de 2022<\/span><\/div>\n","protected":false},"excerpt":{"rendered":"<p>El Ministerio de Producci\u00f3n y Desarrollo Econ\u00f3mico del Gobierno de San Juan, a trav\u00e9s de la Secretar\u00eda de Agricultura, Ganader\u00eda<\/p>\n","protected":false},"author":3,"featured_media":42211,"comment_status":"closed","ping_status":"closed","sticky":false,"template":"","format":"standard","meta":{"_acf_changed":false,"_seopress_robots_primary_cat":"none","_seopress_titles_title":"","_seopress_titles_desc":"","_seopress_robots_index":"","colormag_page_container_layout":"default_layout","colormag_page_sidebar_layout":"default_layout","footnotes":""},"categories":[6],"tags":[],"class_list":["post-50297","post","type-post","status-publish","format-standard","has-post-thumbnail","hentry","category-eventos"],"acf":[],"_links":{"self":[{"href":"https:\/\/vocesparalelas.com.ar\/sitio\/wp-json\/wp\/v2\/posts\/50297","targetHints":{"allow":["GET"]}}],"collection":[{"href":"https:\/\/vocesparalelas.com.ar\/sitio\/wp-json\/wp\/v2\/posts"}],"about":[{"href":"https:\/\/vocesparalelas.com.ar\/sitio\/wp-json\/wp\/v2\/types\/post"}],"author":[{"embeddable":true,"href":"https:\/\/vocesparalelas.com.ar\/sitio\/wp-json\/wp\/v2\/users\/3"}],"replies":[{"embeddable":true,"href":"https:\/\/vocesparalelas.com.ar\/sitio\/wp-json\/wp\/v2\/comments?post=50297"}],"version-history":[{"count":1,"href":"https:\/\/vocesparalelas.com.ar\/sitio\/wp-json\/wp\/v2\/posts\/50297\/revisions"}],"predecessor-version":[{"id":50299,"href":"https:\/\/vocesparalelas.com.ar\/sitio\/wp-json\/wp\/v2\/posts\/50297\/revisions\/50299"}],"wp:featuredmedia":[{"embeddable":true,"href":"https:\/\/vocesparalelas.com.ar\/sitio\/wp-json\/wp\/v2\/media\/42211"}],"wp:attachment":[{"href":"https:\/\/vocesparalelas.com.ar\/sitio\/wp-json\/wp\/v2\/media?parent=50297"}],"wp:term":[{"taxonomy":"category","embeddable":true,"href":"https:\/\/vocesparalelas.com.ar\/sitio\/wp-json\/wp\/v2\/categories?post=50297"},{"taxonomy":"post_tag","embeddable":true,"href":"https:\/\/vocesparalelas.com.ar\/sitio\/wp-json\/wp\/v2\/tags?post=50297"}],"curies":[{"name":"wp","href":"https:\/\/api.w.org\/{rel}","templated":true}]}}