{"id":50266,"date":"2022-06-28T21:28:44","date_gmt":"2022-06-29T00:28:44","guid":{"rendered":"https:\/\/vocesparalelas.com.ar\/sitio\/?p=50266"},"modified":"2022-06-29T22:17:12","modified_gmt":"2022-06-30T01:17:12","slug":"el-gran-sanjuanino","status":"publish","type":"post","link":"https:\/\/vocesparalelas.com.ar\/sitio\/el-gran-sanjuanino\/","title":{"rendered":"\u201cEl Gran Sanjuanino\u201d"},"content":{"rendered":"<p>Por el\u00a0Lic. Prof. Fernando A. Ocampo Bravo<\/p>\n<p>Domingo Faustino Sarmiento (1811-1888), se destac\u00f3 como mas\u00f3n, docente, pol\u00edtico, escritor, periodista, militar, gobernador de la provincia de San Juan, presidente de la Naci\u00f3n, senador nacional y ministro del Interior.<\/p>\n<p>En todo momento fue un impulsor de la miner\u00eda y la educaci\u00f3n. Sarmiento, imagin\u00f3 un pa\u00eds moderno, para lo cual era necesario crear instituciones educativas, cient\u00edficas y t\u00e9cnicas en pos de la industrializaci\u00f3n y el progreso.<\/p>\n<p>Por parte de la miner\u00eda, Sarmiento, no concibi\u00f3 la miner\u00eda sanjuanina como una empresa de simple extracci\u00f3n y fundici\u00f3n de minerales. Sus miras, mucho m\u00e1s amplias, fueron que con el apoyo de la riqueza mineral complementaran la econom\u00eda promoviendo la agricultura, la industria y el comercio y hasta poblar el desierto territorial. El desarrollo de la miner\u00eda traer\u00eda aparejado, el desarrollo agr\u00edcola, ganadero, industrial y comercial. La miner\u00eda, as\u00ed enfocada, se convertir\u00eda en motor de una verdadera revoluci\u00f3n econ\u00f3mica de repercusi\u00f3n nacional.<\/p>\n<p>En 1871 se concret\u00f3 la creaci\u00f3n del Departamento de Minas, anexo al Colegio Nacional de San Juan, fecha que se toma como la creaci\u00f3n de la Escuela, que otorgaba el t\u00edtulo de Ingeniero. En 1873 se separ\u00f3 del Colegio Nacional y la Escuela de Minas ocup\u00f3 diferentes domicilios sin un edificio\u00a0 propio hasta casi mediados del siglo XX.<\/p>\n<p>Entre sus numerosos escritos y discursos en favor de esa actividad industrial, se recuerda su frase: \u201c\u00a1Santo Dios, el fabuloso Dorado viene a realizarse a nuestra vista! Diez pesos por carga de tierra, donde se pueden extraer millones de millones de cargas, y lo que es m\u00e1s, \u00a1sin perjudicar a la agricultura, ni a las poblaciones, ni a los pastos, ni excavar la tierra a grandes profundidades!\u201d.<\/p>\n<p>Por parte de la miner\u00eda actual en San Juan y en la Argentina, Sarmiento, estar\u00eda asombrado por toda la tecnolog\u00eda y los aportes a la econom\u00eda local, es un verdadero avanzado de su \u00e9poca en vislumbrar esto como ancla en la Argentina.<\/p>\n<p>Por otro lado, era de pr\u00e1ctica mas\u00f3nica adherente y cat\u00f3lico a la vez. Los masones profesan el amor al pr\u00f3jimo, sin distinci\u00f3n de nacionalidad, de creencias y de gobierno, y practican lo que profesan en toda ocasi\u00f3n y lugar.<\/p>\n<p>Se inici\u00f3 en la masoner\u00eda en 1854 en la Logia Uni\u00f3n Fraternal de Chile. Dos a\u00f1os m\u00e1s tarde, fundar\u00eda en Buenos Aires la Logia Uni\u00f3n del Plata N\u00ba 1. Durante el gobierno de Bartolom\u00e9 Mitre, viaj\u00f3 a los Estados Unidos en misi\u00f3n diplom\u00e1tica, como representante de la Gran Logia y el Supremo Consejo Grado 33 de la Argentina.<\/p>\n<p>Los restos de este pr\u00f3cer Argentino se encontraban en el Cementerio de Recoleta en Buenos Aires. La tumba fue dise\u00f1ada por el mismo Sarmiento, en donde se pueden ver ciertos rasgos mas\u00f3nicos. Esta tumba consta de un podio de forma rectangular, revestido en mosaico, seguido de un obelisco y en lo alto se puede ver un c\u00f3ndor de bronce. En la base se puede leer \u201ccivilizaci\u00f3n y barbarie\u201d un libro muy popular escrito por Sarmiento. Descendiendo por una escalera, se llega a la cripta, donde se puede observar un altar y all\u00ed mismo yacen los restos de Domingo Faustino Sarmiento, el \u201cgran maestro\u201d de todos los tiempos.<\/p>\n<p>La Ley N\u00ba 23.633, sancionada el 28 de Septiembre de 1988 y promulgada de hecho el 20 de Octubre de 1988, dispuso el traslado de los restos mortales de Don Domingo Faustino Sarmiento desde su actual emplazamiento en el Cementerio Porte\u00f1o de la Recoleta a la Ciudad de San Juan, en la Provincia de San Juan.<\/p>\n<p>El 11 de septiembre, D\u00eda del Maestro, se recuerda el fallecimiento de Domingo Faustino Sarmiento en ese d\u00eda de 1888, en Asunci\u00f3n del Paraguay.<\/p>\n<p>Propongo, por su trayectoria y hechos, que este d\u00eda debe ser feriado nacional en toda la Rep\u00fablica Argentina, es una acto que se deber\u00eda debatir en el congreso nacional y tener los votos necesarios para hacerlo efectivo, por parte de nuestros pol\u00edticos.<\/p>\n<p>Publicado el Martes, 28 de Junio de 2022<\/p>\n","protected":false},"excerpt":{"rendered":"<p>Por el\u00a0Lic. Prof. Fernando A. Ocampo Bravo Domingo Faustino Sarmiento (1811-1888), se destac\u00f3 como mas\u00f3n, docente, pol\u00edtico, escritor, periodista, militar,<\/p>\n","protected":false},"author":3,"featured_media":14875,"comment_status":"closed","ping_status":"closed","sticky":false,"template":"","format":"standard","meta":{"_acf_changed":false,"_seopress_robots_primary_cat":"none","_seopress_titles_title":"","_seopress_titles_desc":"","_seopress_robots_index":"","colormag_page_container_layout":"default_layout","colormag_page_sidebar_layout":"default_layout","footnotes":""},"categories":[10],"tags":[],"class_list":["post-50266","post","type-post","status-publish","format-standard","has-post-thumbnail","hentry","category-opiniones"],"acf":[],"_links":{"self":[{"href":"https:\/\/vocesparalelas.com.ar\/sitio\/wp-json\/wp\/v2\/posts\/50266","targetHints":{"allow":["GET"]}}],"collection":[{"href":"https:\/\/vocesparalelas.com.ar\/sitio\/wp-json\/wp\/v2\/posts"}],"about":[{"href":"https:\/\/vocesparalelas.com.ar\/sitio\/wp-json\/wp\/v2\/types\/post"}],"author":[{"embeddable":true,"href":"https:\/\/vocesparalelas.com.ar\/sitio\/wp-json\/wp\/v2\/users\/3"}],"replies":[{"embeddable":true,"href":"https:\/\/vocesparalelas.com.ar\/sitio\/wp-json\/wp\/v2\/comments?post=50266"}],"version-history":[{"count":1,"href":"https:\/\/vocesparalelas.com.ar\/sitio\/wp-json\/wp\/v2\/posts\/50266\/revisions"}],"predecessor-version":[{"id":50268,"href":"https:\/\/vocesparalelas.com.ar\/sitio\/wp-json\/wp\/v2\/posts\/50266\/revisions\/50268"}],"wp:featuredmedia":[{"embeddable":true,"href":"https:\/\/vocesparalelas.com.ar\/sitio\/wp-json\/wp\/v2\/media\/14875"}],"wp:attachment":[{"href":"https:\/\/vocesparalelas.com.ar\/sitio\/wp-json\/wp\/v2\/media?parent=50266"}],"wp:term":[{"taxonomy":"category","embeddable":true,"href":"https:\/\/vocesparalelas.com.ar\/sitio\/wp-json\/wp\/v2\/categories?post=50266"},{"taxonomy":"post_tag","embeddable":true,"href":"https:\/\/vocesparalelas.com.ar\/sitio\/wp-json\/wp\/v2\/tags?post=50266"}],"curies":[{"name":"wp","href":"https:\/\/api.w.org\/{rel}","templated":true}]}}