{"id":50263,"date":"2022-06-28T21:13:31","date_gmt":"2022-06-29T00:13:31","guid":{"rendered":"https:\/\/vocesparalelas.com.ar\/sitio\/?p=50263"},"modified":"2022-06-30T00:52:32","modified_gmt":"2022-06-30T03:52:32","slug":"jornada-de-formacion-sobre-educacion-y-memoria","status":"publish","type":"post","link":"https:\/\/vocesparalelas.com.ar\/sitio\/jornada-de-formacion-sobre-educacion-y-memoria\/","title":{"rendered":"Jornada de formaci\u00f3n sobre \u00abEducaci\u00f3n y Memoria\u00bb"},"content":{"rendered":"<div class=\"itemFullText\">\n<p>El programa Educaci\u00f3n y Memoria desarrolla el Lunes, 4 de Julio, de 16:30 a 20 hs, en el auditorio Eloy Camus la Jornada de formaci\u00f3n sobre \u00abEducaci\u00f3n y Memoria\u00bb, destinada a supervisores, directores, docentes de Nivel Secundario y Superior. Se les entrega certificaci\u00f3n a los participantes y los educadores tienen cambio de tareas.<\/p>\n<p>Los interesados en participar deben inscribirse accediendo al whatsapp 2645210697. El cupo es limitado a 350 asistentes presenciales, el resto participar\u00e1 online.<\/p>\n<p><span style=\"color: #99cc00;\"><strong>Programa<\/strong><\/span><\/p>\n<ul>\n<li>16 horas: acreditaciones.<\/li>\n<li>16:30 horas: recepci\u00f3n a cargo de la subsecretaria de Planeamiento Educativo, Silvia Pelizzari.<\/li>\n<li>17 horas: presentaci\u00f3n de las acciones de la Jornada de \u201cEducaci\u00f3n y Memoria\u201d, a cargo de la referente Jurisdiccional Natalia Mariel Belascoa\u00edn.<\/li>\n<li>17:15 horas: conferencia magistral sobre Memoria a cargo del doctor en Literatura, Juan Mariel Erostarbe.<\/li>\n<li>18 horas: conferencia y testimonios sobre Malvinas a cargo de la magister Anal\u00eda Rodr\u00edguez y del profesor Miguel \u00c1ngel Monta\u00f1o.<\/li>\n<li>18:30 horas: testimonio de director de Derechos Humanos del Ministerio de Gobierno Carlos Goya Mart\u00ednez Aranda.<\/li>\n<li>19:00 horas: coffee break.<\/li>\n<li>19:15 horas: conferencia sobre \u201cShoa\u201d a cargo del titular Sociedad Israelita de San Juan Leonardo Siere.<\/li>\n<li>20 horas: cierre y entrega de material sobre Memoria sanjuanina de Malvinas.<\/li>\n<\/ul>\n<p>Por consultas comunicarse de 7 a 13 y de 16 a 22 horas al 2645210697.<\/p>\n<\/div>\n<div class=\"clr\"><\/div>\n<div class=\"itemContentFooter\"><span class=\"itemDateModified\">Publicado el Martes, 28 Junio 2022 12:07<\/span><\/div>\n","protected":false},"excerpt":{"rendered":"<p>El programa Educaci\u00f3n y Memoria desarrolla el Lunes, 4 de Julio, de 16:30 a 20 hs, en el auditorio Eloy<\/p>\n","protected":false},"author":3,"featured_media":36530,"comment_status":"closed","ping_status":"closed","sticky":false,"template":"","format":"standard","meta":{"_acf_changed":false,"_seopress_robots_primary_cat":"none","_seopress_titles_title":"","_seopress_titles_desc":"","_seopress_robots_index":"","colormag_page_container_layout":"default_layout","colormag_page_sidebar_layout":"default_layout","footnotes":""},"categories":[9],"tags":[],"class_list":["post-50263","post","type-post","status-publish","format-standard","has-post-thumbnail","hentry","category-cursos"],"acf":[],"_links":{"self":[{"href":"https:\/\/vocesparalelas.com.ar\/sitio\/wp-json\/wp\/v2\/posts\/50263","targetHints":{"allow":["GET"]}}],"collection":[{"href":"https:\/\/vocesparalelas.com.ar\/sitio\/wp-json\/wp\/v2\/posts"}],"about":[{"href":"https:\/\/vocesparalelas.com.ar\/sitio\/wp-json\/wp\/v2\/types\/post"}],"author":[{"embeddable":true,"href":"https:\/\/vocesparalelas.com.ar\/sitio\/wp-json\/wp\/v2\/users\/3"}],"replies":[{"embeddable":true,"href":"https:\/\/vocesparalelas.com.ar\/sitio\/wp-json\/wp\/v2\/comments?post=50263"}],"version-history":[{"count":1,"href":"https:\/\/vocesparalelas.com.ar\/sitio\/wp-json\/wp\/v2\/posts\/50263\/revisions"}],"predecessor-version":[{"id":50265,"href":"https:\/\/vocesparalelas.com.ar\/sitio\/wp-json\/wp\/v2\/posts\/50263\/revisions\/50265"}],"wp:featuredmedia":[{"embeddable":true,"href":"https:\/\/vocesparalelas.com.ar\/sitio\/wp-json\/wp\/v2\/media\/36530"}],"wp:attachment":[{"href":"https:\/\/vocesparalelas.com.ar\/sitio\/wp-json\/wp\/v2\/media?parent=50263"}],"wp:term":[{"taxonomy":"category","embeddable":true,"href":"https:\/\/vocesparalelas.com.ar\/sitio\/wp-json\/wp\/v2\/categories?post=50263"},{"taxonomy":"post_tag","embeddable":true,"href":"https:\/\/vocesparalelas.com.ar\/sitio\/wp-json\/wp\/v2\/tags?post=50263"}],"curies":[{"name":"wp","href":"https:\/\/api.w.org\/{rel}","templated":true}]}}