{"id":50258,"date":"2022-06-28T20:59:29","date_gmt":"2022-06-28T23:59:29","guid":{"rendered":"https:\/\/vocesparalelas.com.ar\/sitio\/?p=50258"},"modified":"2022-06-30T00:53:07","modified_gmt":"2022-06-30T03:53:07","slug":"convocatoria-de-tutores-para-los-trayectos-educativos-del-plan-egresar-de-san-juan","status":"publish","type":"post","link":"https:\/\/vocesparalelas.com.ar\/sitio\/convocatoria-de-tutores-para-los-trayectos-educativos-del-plan-egresar-de-san-juan\/","title":{"rendered":"Convocatoria de tutores para los trayectos educativos del Plan Egresar de San Juan"},"content":{"rendered":"<p>La Direcci\u00f3n de Educaci\u00f3n Secundaria Orientada y Art\u00edstica del Ministerio de Educaci\u00f3n del Gobierno de San Juan convoca tutores con perfil docente, profesores recibidos, estudiantes avanzados de las carreras del profesorado y a los t\u00edtulos o estudiantes avanzados de carreras afines, para llevar a cabo los trayectos educativos del Plan Egresar, proyecta tu futuro.<\/p>\n<p>Los interesados, deber\u00e1n concurrir desde el d\u00eda 28 de junio al 1 de julio con la documentaci\u00f3n requerida por las escuelas sede que abajo se detallan:<\/p>\n<p><img loading=\"lazy\" decoding=\"async\" class=\"alignnone size-large wp-image-50260\" src=\"https:\/\/vocesparalelas.com.ar\/sitio\/wp-content\/uploads\/2022\/06\/EDUCACION-EGRESAR-02-698x800.png\" alt=\"\" width=\"698\" height=\"800\" srcset=\"https:\/\/vocesparalelas.com.ar\/sitio\/wp-content\/uploads\/2022\/06\/EDUCACION-EGRESAR-02-698x800.png 698w, https:\/\/vocesparalelas.com.ar\/sitio\/wp-content\/uploads\/2022\/06\/EDUCACION-EGRESAR-02-262x300.png 262w, https:\/\/vocesparalelas.com.ar\/sitio\/wp-content\/uploads\/2022\/06\/EDUCACION-EGRESAR-02-768x880.png 768w, https:\/\/vocesparalelas.com.ar\/sitio\/wp-content\/uploads\/2022\/06\/EDUCACION-EGRESAR-02.png 800w\" sizes=\"auto, (max-width: 698px) 100vw, 698px\" \/><\/p>\n<p><span style=\"color: #99cc00;\"><strong>Los perfiles que se requieren son los siguientes:<\/strong><\/span><\/p>\n<ul>\n<li>Matem\u00e1tica<\/li>\n<li>Lengua<\/li>\n<li>Qu\u00edmica<\/li>\n<li>F\u00edsica<\/li>\n<li>Lengua<\/li>\n<li>Geograf\u00eda<\/li>\n<li>Historia<\/li>\n<li>Formaci\u00f3n \u00c9tica<\/li>\n<li>Filosof\u00eda<\/li>\n<li>Psicolog\u00eda<\/li>\n<li>Artes Visuales<\/li>\n<li>Teatro<\/li>\n<li>Danza<\/li>\n<li>Franc\u00e9s<\/li>\n<li>Ingl\u00e9s<\/li>\n<li>Italiano<\/li>\n<li>Educaci\u00f3n F\u00edsica<\/li>\n<li>Tecnolog\u00eda<\/li>\n<li>Econom\u00eda<\/li>\n<li>Biolog\u00eda<\/li>\n<li>Filosof\u00eda<\/li>\n<li>Derecho<\/li>\n<li>TIC<\/li>\n<li>Ciencias de la Educaci\u00f3n<\/li>\n<\/ul>\n<div class=\"itemFullText\">\n<p><span style=\"color: #99cc00;\"><strong>Para tener en cuenta:<\/strong><\/span><\/p>\n<p>Es importante aclarar que para la selecci\u00f3n de los perfiles se prioriza a los profesores recibidos, luego a estudiantes avanzados de las carreras del profesorado y por \u00faltimo, a los t\u00edtulos o estudiantes avanzados de carreras afines.<\/p>\n<p><span style=\"color: #99cc00;\"><strong>Los interesados deben presentar la siguiente documentaci\u00f3n:<\/strong><\/span><\/p>\n<ul>\n<li>Curr\u00edculum vitae firmado y con aclaraci\u00f3n<\/li>\n<li>Fotocopia de T\u00edtulo o Certificado Anal\u00edtico legalizado<\/li>\n<li>Fotocopia del DNI, cara y contracara (Legalizada)<\/li>\n<li>CUIL<\/li>\n<li>CBU Habilitado (verificar en la sucursal del banco que se encuentra activo. Debe ser Cuenta Sueldo del titular).<\/li>\n<\/ul>\n<p>Ante cualquier duda o para mayor informaci\u00f3n comunicarse en horario de 8 a 13 horas al 4305747 o al mail:\u00a0<span id=\"cloakc77f2e45cf466fc9a5e02fea1db0e1d2\"><a href=\"mailto:egresar.sanjuan.2022@gmail.com\">egresar.sanjuan.2022@gmail.com<\/a><\/span><\/p>\n<\/div>\n<div class=\"clr\"><\/div>\n<div class=\"itemContentFooter\"><span class=\"itemDateModified\">Publicado el Martes, 28 de Junio de 2022\u00a0<\/span><\/div>\n<p>&nbsp;<\/p>\n","protected":false},"excerpt":{"rendered":"<p>La Direcci\u00f3n de Educaci\u00f3n Secundaria Orientada y Art\u00edstica del Ministerio de Educaci\u00f3n del Gobierno de San Juan convoca tutores con<\/p>\n","protected":false},"author":3,"featured_media":39151,"comment_status":"closed","ping_status":"closed","sticky":false,"template":"","format":"standard","meta":{"_acf_changed":false,"_seopress_robots_primary_cat":"none","_seopress_titles_title":"","_seopress_titles_desc":"","_seopress_robots_index":"","colormag_page_container_layout":"default_layout","colormag_page_sidebar_layout":"default_layout","footnotes":""},"categories":[2],"tags":[],"class_list":["post-50258","post","type-post","status-publish","format-standard","has-post-thumbnail","hentry","category-convocatorias"],"acf":[],"_links":{"self":[{"href":"https:\/\/vocesparalelas.com.ar\/sitio\/wp-json\/wp\/v2\/posts\/50258","targetHints":{"allow":["GET"]}}],"collection":[{"href":"https:\/\/vocesparalelas.com.ar\/sitio\/wp-json\/wp\/v2\/posts"}],"about":[{"href":"https:\/\/vocesparalelas.com.ar\/sitio\/wp-json\/wp\/v2\/types\/post"}],"author":[{"embeddable":true,"href":"https:\/\/vocesparalelas.com.ar\/sitio\/wp-json\/wp\/v2\/users\/3"}],"replies":[{"embeddable":true,"href":"https:\/\/vocesparalelas.com.ar\/sitio\/wp-json\/wp\/v2\/comments?post=50258"}],"version-history":[{"count":2,"href":"https:\/\/vocesparalelas.com.ar\/sitio\/wp-json\/wp\/v2\/posts\/50258\/revisions"}],"predecessor-version":[{"id":50262,"href":"https:\/\/vocesparalelas.com.ar\/sitio\/wp-json\/wp\/v2\/posts\/50258\/revisions\/50262"}],"wp:featuredmedia":[{"embeddable":true,"href":"https:\/\/vocesparalelas.com.ar\/sitio\/wp-json\/wp\/v2\/media\/39151"}],"wp:attachment":[{"href":"https:\/\/vocesparalelas.com.ar\/sitio\/wp-json\/wp\/v2\/media?parent=50258"}],"wp:term":[{"taxonomy":"category","embeddable":true,"href":"https:\/\/vocesparalelas.com.ar\/sitio\/wp-json\/wp\/v2\/categories?post=50258"},{"taxonomy":"post_tag","embeddable":true,"href":"https:\/\/vocesparalelas.com.ar\/sitio\/wp-json\/wp\/v2\/tags?post=50258"}],"curies":[{"name":"wp","href":"https:\/\/api.w.org\/{rel}","templated":true}]}}