{"id":50195,"date":"2022-06-27T22:25:34","date_gmt":"2022-06-28T01:25:34","guid":{"rendered":"https:\/\/vocesparalelas.com.ar\/sitio\/?p=50195"},"modified":"2022-06-29T01:06:03","modified_gmt":"2022-06-29T04:06:03","slug":"se-lanzo-la-diplomatura-de-educacion-sexual-integral-en-la-facso-de-la-unsj","status":"publish","type":"post","link":"https:\/\/vocesparalelas.com.ar\/sitio\/se-lanzo-la-diplomatura-de-educacion-sexual-integral-en-la-facso-de-la-unsj\/","title":{"rendered":"Se lanz\u00f3 la Diplomatura de Educaci\u00f3n Sexual Integral en la FACSO de la UNSJ"},"content":{"rendered":"<p>En el Sal\u00f3n de actos de la Facultad de Ciencias Sociales de la Universidad Nacional de San Juan fue el punto de encuentro de Docentes, Alumnos y Autoridades para el lanzamiento de la nueva cohorte de la Diplomatura de Educaci\u00f3n Sexual Integral.<\/p>\n<p>La mesa de autoridades se integr\u00f3 con el Decano de la FACSO de la UNSJ, Dr. Marcelo Lucero, la Vicerrectora de la UNSJ, Dra. Anal\u00eda Ponce, la Ministro de Educaci\u00f3n del Gobierno de San Juan, Prof. Cecilia Trincado.<\/p>\n<p>El Decano de la FACSO de la UNSJ, Dr. Marcelo Lucero dio la bienvenida a los presentes y resalt\u00f3 la necesidad de la 3\u00b0 Cohorte de la Diplomatura de Educaci\u00f3n Sexual Integral.<\/p>\n<p><iframe loading=\"lazy\" title=\"ESI DECANO DR MARCELO LUCERO\" width=\"800\" height=\"450\" src=\"https:\/\/www.youtube.com\/embed\/AIyPgSb3QwU?feature=oembed\" frameborder=\"0\" allow=\"accelerometer; autoplay; clipboard-write; encrypted-media; gyroscope; picture-in-picture\" allowfullscreen><\/iframe><\/p>\n<p>Posteriormente, la Ministro de Educaci\u00f3n del Gobierno de San Juan, Prof. Cecilia Trincado, destac\u00f3 el gran desaf\u00edo que se enfrenta la Educaci\u00f3n de San Juan.<\/p>\n<p><iframe loading=\"lazy\" title=\"ESI MINISTRO EDUCACI\u00d3N PROF. CECILIA TRINCADO\" width=\"800\" height=\"450\" src=\"https:\/\/www.youtube.com\/embed\/-hOuHBhb610?feature=oembed\" frameborder=\"0\" allow=\"accelerometer; autoplay; clipboard-write; encrypted-media; gyroscope; picture-in-picture\" allowfullscreen><\/iframe><\/p>\n<p>Seguidamente, la Vicerrectora de la UNSJ, Dra. Anal\u00eda Ponce destac\u00f3 la importancia de la Educaci\u00f3n Sexual Integral desde la capacitaci\u00f3n de los docentes y la inclusi\u00f3n en la carrera de formadores.<\/p>\n<p><iframe loading=\"lazy\" title=\"ESI VICERRECTORA DRA. ANALIA PONCE\" width=\"800\" height=\"450\" src=\"https:\/\/www.youtube.com\/embed\/TW4JYcpI87Q?feature=oembed\" frameborder=\"0\" allow=\"accelerometer; autoplay; clipboard-write; encrypted-media; gyroscope; picture-in-picture\" allowfullscreen><\/iframe><\/p>\n<p>Luego, la coordinadora de la Diplomatura de Educaci\u00f3n Sexual Integral, Mg. Paula Mateo remarc\u00f3 la necesidad de sumar intereses en el tema porque es el producto de corresponsabilidades.<\/p>\n<p><iframe loading=\"lazy\" title=\"ESI  MG PAULA MATEO\" width=\"800\" height=\"450\" src=\"https:\/\/www.youtube.com\/embed\/B-jwTg6pVD0?feature=oembed\" frameborder=\"0\" allow=\"accelerometer; autoplay; clipboard-write; encrypted-media; gyroscope; picture-in-picture\" allowfullscreen><\/iframe><\/p>\n<p>&nbsp;<\/p>\n<p>Finalmente, el Secretario de Comunicaci\u00f3n de la UNSJ, Lic. Omar Cereso destac\u00f3 la importancia de la La campa\u00f1a concentra los ejes estrat\u00e9gicos de la ESI. Vamos a poner a circular por redes sociales, por medios de comunicaci\u00f3n, estas\u00a0piezas comunicacionales en formato audiovisual\u00a0y gr\u00e1ficas, tanto impresas como digitales.<\/p>\n<p><iframe loading=\"lazy\" title=\"ESI LIC OMAR CERESO\" width=\"800\" height=\"450\" src=\"https:\/\/www.youtube.com\/embed\/A0DErU8zTLg?feature=oembed\" frameborder=\"0\" allow=\"accelerometer; autoplay; clipboard-write; encrypted-media; gyroscope; picture-in-picture\" allowfullscreen><\/iframe><\/p>\n<p><img loading=\"lazy\" decoding=\"async\" class=\"alignnone size-full wp-image-50198\" src=\"https:\/\/vocesparalelas.com.ar\/sitio\/wp-content\/uploads\/2022\/06\/FASCO-ESI-02.jpg\" alt=\"\" width=\"800\" height=\"533\" srcset=\"https:\/\/vocesparalelas.com.ar\/sitio\/wp-content\/uploads\/2022\/06\/FASCO-ESI-02.jpg 800w, https:\/\/vocesparalelas.com.ar\/sitio\/wp-content\/uploads\/2022\/06\/FASCO-ESI-02-300x200.jpg 300w, https:\/\/vocesparalelas.com.ar\/sitio\/wp-content\/uploads\/2022\/06\/FASCO-ESI-02-768x512.jpg 768w\" sizes=\"auto, (max-width: 800px) 100vw, 800px\" \/><\/p>\n","protected":false},"excerpt":{"rendered":"<p>En el Sal\u00f3n de actos de la Facultad de Ciencias Sociales de la Universidad Nacional de San Juan fue el<\/p>\n","protected":false},"author":3,"featured_media":50197,"comment_status":"closed","ping_status":"closed","sticky":false,"template":"","format":"video","meta":{"_acf_changed":false,"_seopress_robots_primary_cat":"none","_seopress_titles_title":"","_seopress_titles_desc":"","_seopress_robots_index":"","colormag_page_container_layout":"default_layout","colormag_page_sidebar_layout":"default_layout","footnotes":""},"categories":[15,7],"tags":[],"class_list":["post-50195","post","type-post","status-publish","format-video","has-post-thumbnail","hentry","category-posgrados","category-videos","post_format-post-format-video"],"acf":[],"_links":{"self":[{"href":"https:\/\/vocesparalelas.com.ar\/sitio\/wp-json\/wp\/v2\/posts\/50195","targetHints":{"allow":["GET"]}}],"collection":[{"href":"https:\/\/vocesparalelas.com.ar\/sitio\/wp-json\/wp\/v2\/posts"}],"about":[{"href":"https:\/\/vocesparalelas.com.ar\/sitio\/wp-json\/wp\/v2\/types\/post"}],"author":[{"embeddable":true,"href":"https:\/\/vocesparalelas.com.ar\/sitio\/wp-json\/wp\/v2\/users\/3"}],"replies":[{"embeddable":true,"href":"https:\/\/vocesparalelas.com.ar\/sitio\/wp-json\/wp\/v2\/comments?post=50195"}],"version-history":[{"count":1,"href":"https:\/\/vocesparalelas.com.ar\/sitio\/wp-json\/wp\/v2\/posts\/50195\/revisions"}],"predecessor-version":[{"id":50200,"href":"https:\/\/vocesparalelas.com.ar\/sitio\/wp-json\/wp\/v2\/posts\/50195\/revisions\/50200"}],"wp:featuredmedia":[{"embeddable":true,"href":"https:\/\/vocesparalelas.com.ar\/sitio\/wp-json\/wp\/v2\/media\/50197"}],"wp:attachment":[{"href":"https:\/\/vocesparalelas.com.ar\/sitio\/wp-json\/wp\/v2\/media?parent=50195"}],"wp:term":[{"taxonomy":"category","embeddable":true,"href":"https:\/\/vocesparalelas.com.ar\/sitio\/wp-json\/wp\/v2\/categories?post=50195"},{"taxonomy":"post_tag","embeddable":true,"href":"https:\/\/vocesparalelas.com.ar\/sitio\/wp-json\/wp\/v2\/tags?post=50195"}],"curies":[{"name":"wp","href":"https:\/\/api.w.org\/{rel}","templated":true}]}}