{"id":50167,"date":"2022-06-24T21:09:07","date_gmt":"2022-06-25T00:09:07","guid":{"rendered":"https:\/\/vocesparalelas.com.ar\/sitio\/?p=50167"},"modified":"2022-06-28T01:35:19","modified_gmt":"2022-06-28T04:35:19","slug":"encuentro-regional-cuyo-en-san-juan","status":"publish","type":"post","link":"https:\/\/vocesparalelas.com.ar\/sitio\/encuentro-regional-cuyo-en-san-juan\/","title":{"rendered":"Encuentro regional Cuyo en San Juan"},"content":{"rendered":"<div class=\"itemFullText\">\n<p>Con motivo de celebrar en todo el pa\u00eds su 65\u00b0 aniversario, el Instituto Nacional de Tecnolog\u00eda Industrial re\u00fane a distintos actores del sector p\u00fablico y privado de cada una de las regiones como parte de una agenda federal: en Cuyo, los ejes ser\u00e1n los sectores de las energ\u00edas solar y e\u00f3lica, la innovaci\u00f3n en la industria alimenticia, y tambi\u00e9n el desarrollo productivo y tecnol\u00f3gico a escala local.<\/p>\n<p>Las Jornadas convocan a representantes de gobiernos provinciales y locales de la Regi\u00f3n Cuyo (San Juan, Mendoza, San Luis y La Rioja), referentes institucionales de c\u00e1maras, universidades, organismos empresarios y tecnol\u00f3gicos. Asimismo, participar\u00e1n autoridades de la Regi\u00f3n de Coquimbo, Chile.<\/p>\n<p>Esta ocasi\u00f3n ser\u00e1 una importante oportunidad para promover la gobernanza, la integraci\u00f3n regional y el desarrollo productivo de cada sector mediante la transferencia tecnol\u00f3gica, brindando la posibilidad de consolidar nuestras l\u00edneas estrat\u00e9gicas con el fin de fortalecer el entramado productivo y se pondr\u00e1 el acento en el desarrollo de energ\u00edas renovables, la elaboraci\u00f3n de alimentos con valor agregado y el desarrollo tecnol\u00f3gico para la mejora de la competitividad a escala local.<\/p>\n<p><strong><span style=\"color: #339966;\">Encuentro regional Cuyo<\/span><\/strong><\/p>\n<p>En esta oportunidad, los ejes del encuentro ser\u00e1n las tecnolog\u00edas para el aprovechamiento solar y e\u00f3lico, las l\u00edneas de financiamiento para el desarrollo de las energ\u00edas renovables; alimentos con agregado de valor en origen; calidad y trazabilidad de vinos y aceite de oliva para exportaci\u00f3n; producci\u00f3n vitivin\u00edcola sustentable; gobiernos locales y desarrollo tecnol\u00f3gico; y experiencias de integraci\u00f3n regional para el desarrollo productivo.<\/p>\n<p>Las jornadas se llevar\u00e1n adelante en el Sal\u00f3n Sanmartiniano Cruce de los Andes y en Auditorio Eloy P. Camus, del Centro C\u00edvico de la capital sanjuanina, y cuenta con el apoyo del Ministerio de Gobierno de San Juan, los Ministerios de Producci\u00f3n e Industria de las provincias de San Luis, San Juan y La Rioja; el ministerio de Econom\u00eda y Energ\u00eda de Mendoza; la Secretar\u00eda de Estado de Ciencia y Tecnolog\u00eda e Innovaci\u00f3n de San Juan; el Instituto Nacional de Vitivinicultura (INV); y el auspicio del Banco de la Naci\u00f3n Argentina.<\/p>\n<p>A lo largo del primer d\u00eda, en el Sal\u00f3n tendr\u00e1n lugar exposiciones que abordar\u00e1n distintas experiencias hacia la transici\u00f3n energ\u00e9tica, energ\u00eda solar \u2014fotovoltaica y t\u00e9rmica\u2014 y e\u00f3lica. Adem\u00e1s, se realizar\u00e1n visitas a Energ\u00eda Provincial Sociedad del Estado (EPSE) y a Planta Fotovoltaica San Juan I, de la localidad de Ullum.<\/p>\n<p>Durante la segunda jornada, se desarrollar\u00e1n dos actividades en paralelo. En el Auditorio Eloy P. Camus se realizar\u00e1 una cl\u00ednica de alimentos, dirigida a emprendedoras y emprendedores regionales de panificados, galletitas, barritas de cereal; dulces, mermeladas y mieles; conservas y encurtidos; aceites, y jugos, quienes recibir\u00e1n una devoluci\u00f3n t\u00e9cnica sobre sus productos por parte de grupos de profesionales especializados del INTI, en relaci\u00f3n a condiciones de envasado, rotulado nutricional, estabilidad en base a la degustaci\u00f3n y an\u00e1lisis de atributos cr\u00edticos.<\/p>\n<p>En la misma l\u00ednea, habr\u00e1 un ferial de alimentos, con exposici\u00f3n y degustaciones de productos regionales, y un ciclo de charlas, denominado \u201cInnovaci\u00f3n y agregado de valor en origen\u201d. En ese marco, se tendr\u00e1 en cuenta la importancia de factores como la calidad y trazabilidad para la exportaci\u00f3n y la competitividad; y la importancia del envase y la log\u00edstica; entre otras tem\u00e1ticas relevantes.<\/p>\n<p>En tanto, en el Sal\u00f3n Sanmartiniano Cruce de los Andes se abordar\u00e1 junto a intendentes de la regi\u00f3n y de todo el pa\u00eds, y referentes de tem\u00e1ticas relacionadas a la gesti\u00f3n p\u00fablica a escala local, y al desarrollo tecnol\u00f3gico de ciudades y regiones. Se analizar\u00e1 el rol de las agencias de innovaci\u00f3n y la integraci\u00f3n regional para la mejora productiva, y se expondr\u00e1n experiencias internacionales en la materia.<\/p>\n<p><strong><span style=\"color: #339966;\">Programa<\/span><\/strong><\/p>\n<p><a href=\"https:\/\/vocesparalelas.com.ar\/sitio\/wp-content\/uploads\/2022\/06\/programa_65anios_evento_cuyo.pdf\">programa_65anios_evento_cuyo<\/a><\/p>\n<\/div>\n<div class=\"clr\"><\/div>\n<div class=\"itemContentFooter\"><span class=\"itemDateModified\">Publicado el Viernes, 24 de Junio de 2022\u00a0<\/span><\/div>\n","protected":false},"excerpt":{"rendered":"<p>Con motivo de celebrar en todo el pa\u00eds su 65\u00b0 aniversario, el Instituto Nacional de Tecnolog\u00eda Industrial re\u00fane a distintos<\/p>\n","protected":false},"author":3,"featured_media":50170,"comment_status":"closed","ping_status":"closed","sticky":false,"template":"","format":"standard","meta":{"_acf_changed":false,"_seopress_robots_primary_cat":"none","_seopress_titles_title":"","_seopress_titles_desc":"","_seopress_robots_index":"","colormag_page_container_layout":"default_layout","colormag_page_sidebar_layout":"default_layout","footnotes":""},"categories":[9],"tags":[],"class_list":["post-50167","post","type-post","status-publish","format-standard","has-post-thumbnail","hentry","category-cursos"],"acf":[],"_links":{"self":[{"href":"https:\/\/vocesparalelas.com.ar\/sitio\/wp-json\/wp\/v2\/posts\/50167","targetHints":{"allow":["GET"]}}],"collection":[{"href":"https:\/\/vocesparalelas.com.ar\/sitio\/wp-json\/wp\/v2\/posts"}],"about":[{"href":"https:\/\/vocesparalelas.com.ar\/sitio\/wp-json\/wp\/v2\/types\/post"}],"author":[{"embeddable":true,"href":"https:\/\/vocesparalelas.com.ar\/sitio\/wp-json\/wp\/v2\/users\/3"}],"replies":[{"embeddable":true,"href":"https:\/\/vocesparalelas.com.ar\/sitio\/wp-json\/wp\/v2\/comments?post=50167"}],"version-history":[{"count":1,"href":"https:\/\/vocesparalelas.com.ar\/sitio\/wp-json\/wp\/v2\/posts\/50167\/revisions"}],"predecessor-version":[{"id":50171,"href":"https:\/\/vocesparalelas.com.ar\/sitio\/wp-json\/wp\/v2\/posts\/50167\/revisions\/50171"}],"wp:featuredmedia":[{"embeddable":true,"href":"https:\/\/vocesparalelas.com.ar\/sitio\/wp-json\/wp\/v2\/media\/50170"}],"wp:attachment":[{"href":"https:\/\/vocesparalelas.com.ar\/sitio\/wp-json\/wp\/v2\/media?parent=50167"}],"wp:term":[{"taxonomy":"category","embeddable":true,"href":"https:\/\/vocesparalelas.com.ar\/sitio\/wp-json\/wp\/v2\/categories?post=50167"},{"taxonomy":"post_tag","embeddable":true,"href":"https:\/\/vocesparalelas.com.ar\/sitio\/wp-json\/wp\/v2\/tags?post=50167"}],"curies":[{"name":"wp","href":"https:\/\/api.w.org\/{rel}","templated":true}]}}