{"id":50161,"date":"2022-06-24T22:22:35","date_gmt":"2022-06-25T01:22:35","guid":{"rendered":"https:\/\/vocesparalelas.com.ar\/sitio\/?p=50161"},"modified":"2022-07-05T21:52:46","modified_gmt":"2022-07-06T00:52:46","slug":"campana-de-deteccion-abierta-y-voluntaria-de-enfermedad-psoriasica-en-el-hmq-de-san-juan","status":"publish","type":"post","link":"https:\/\/vocesparalelas.com.ar\/sitio\/campana-de-deteccion-abierta-y-voluntaria-de-enfermedad-psoriasica-en-el-hmq-de-san-juan\/","title":{"rendered":"Campa\u00f1a de detecci\u00f3n, abierta y voluntaria de enfermedad psori\u00e1sica en el HMQ de San Juan"},"content":{"rendered":"<div class=\"itemFullText\">\n<p>El Hospital Dr. Marcial Quiroga del Ministerio de Salud P\u00fablica del Gobierno de San Juan se suma a la \u201cCampa\u00f1a de detecci\u00f3n, abierta y voluntaria de enfermedad psori\u00e1sica\u201d, Departamento Rivadavia.<\/p>\n<p>La campa\u00f1a se desarrolla entre el Lunes, 27 de Junio al 8 de Julio en Argentina, para el cual los pacientes deben sacar su correspondiente turno. En la misma cita m\u00e9dica van a ser evaluados por un reumat\u00f3logo y dermat\u00f3logo.<\/p>\n<p>Los M\u00e9dicos responsables son el Dr. Alejandro Navarta y el Dr. Leandro Aliaga, especialistas en reumatolog\u00eda, mientras que la Dra. Mariana Barber y la Dra. Florencia Agriello, especialistas en dermatolog\u00eda, forman parte del plantel de profesionales del Hospital Marcial Quiroga.<\/p>\n<p>Este equipo son los encargados de atender a los pacientes que su sumen a la campa\u00f1a nacional propuesta por la Sociedad Argentina de Reumatolog\u00eda y la Sociedad Argentina de Psoriasis, para la detecci\u00f3n gratuita de enfermedad psori\u00e1sica, con el objetivo de concientizar, prevenir y mejorar el diagn\u00f3stico temprano.<\/p>\n<p>Hasta el 26 de Junio, quienes identifiquen s\u00edntomas de estas enfermedades, pueden solicitar un turno gratuito con especialistas en dermatolog\u00eda y reumatolog\u00eda del Hospital Marcial Quiroga llamando al 0800 222 3776, de lunes a viernes de 9 a 16, o a trav\u00e9s de la web:<\/p>\n<p><a href=\"http:\/\/www.pedirturno.com.ar\">http:\/\/www.pedirturno.com.ar<\/a><\/p>\n<p><a href=\"http:\/\/www.aepso.org\">http:\/\/www.aepso.org<\/a><\/p>\n<p>Se destaca que el Hospital Marcial Quiroga no da turnos para esta campa\u00f1a, s\u00f3lo se consiguen mediante los canales oficiales antes mencionados.<\/p>\n<p><strong><span style=\"color: #339966;\">\u00bfQu\u00e9 es la enfermedad psori\u00e1sica?<\/span><\/strong><\/p>\n<p>Es una afecci\u00f3n cr\u00f3nica no contagiosa del sistema inmunol\u00f3gico que puede afectar no solo a la piel (psoriasis) sino tambi\u00e9n a las articulaciones (artritis psori\u00e1sica).<\/p>\n<p>En la piel, la enfermedad genera lesiones de distinta gravedad y aspecto. Son habituales s\u00edntomas como<strong>\u00a0<\/strong>picaz\u00f3n, descamaci\u00f3n o dolor, que se manifiestan en forma de placas de piel enrojecida, cubiertas de escamas blanquecinas.<\/p>\n<p>Sin embargo, se estima que que 3 de cada 10 personas con psoriasis tambi\u00e9n pueden desarrollar inflamaci\u00f3n y dolor en las articulaciones (artritis psori\u00e1sica), afecci\u00f3n que tiene que ser tratada por reumat\u00f3logos.<\/p>\n<p><img loading=\"lazy\" decoding=\"async\" class=\"alignnone size-full wp-image-42655\" src=\"https:\/\/vocesparalelas.com.ar\/sitio\/wp-content\/uploads\/2021\/10\/HMQ-FRENTE.jpg\" alt=\"\" width=\"782\" height=\"440\" srcset=\"https:\/\/vocesparalelas.com.ar\/sitio\/wp-content\/uploads\/2021\/10\/HMQ-FRENTE.jpg 782w, https:\/\/vocesparalelas.com.ar\/sitio\/wp-content\/uploads\/2021\/10\/HMQ-FRENTE-300x169.jpg 300w, https:\/\/vocesparalelas.com.ar\/sitio\/wp-content\/uploads\/2021\/10\/HMQ-FRENTE-768x432.jpg 768w\" sizes=\"auto, (max-width: 782px) 100vw, 782px\" \/><\/p>\n<\/div>\n<div class=\"clr\"><\/div>\n<div class=\"itemContentFooter\"><span class=\"itemDateModified\">Publicado el Viernes, 24 de Junio de 2022<\/span><\/div>\n","protected":false},"excerpt":{"rendered":"<p>El Hospital Dr. Marcial Quiroga del Ministerio de Salud P\u00fablica del Gobierno de San Juan se suma a la \u201cCampa\u00f1a<\/p>\n","protected":false},"author":3,"featured_media":50163,"comment_status":"closed","ping_status":"closed","sticky":false,"template":"","format":"standard","meta":{"_acf_changed":false,"_seopress_robots_primary_cat":"none","_seopress_titles_title":"","_seopress_titles_desc":"","_seopress_robots_index":"","colormag_page_container_layout":"default_layout","colormag_page_sidebar_layout":"default_layout","footnotes":""},"categories":[5],"tags":[],"class_list":["post-50161","post","type-post","status-publish","format-standard","has-post-thumbnail","hentry","category-ofrecimientos"],"acf":[],"_links":{"self":[{"href":"https:\/\/vocesparalelas.com.ar\/sitio\/wp-json\/wp\/v2\/posts\/50161","targetHints":{"allow":["GET"]}}],"collection":[{"href":"https:\/\/vocesparalelas.com.ar\/sitio\/wp-json\/wp\/v2\/posts"}],"about":[{"href":"https:\/\/vocesparalelas.com.ar\/sitio\/wp-json\/wp\/v2\/types\/post"}],"author":[{"embeddable":true,"href":"https:\/\/vocesparalelas.com.ar\/sitio\/wp-json\/wp\/v2\/users\/3"}],"replies":[{"embeddable":true,"href":"https:\/\/vocesparalelas.com.ar\/sitio\/wp-json\/wp\/v2\/comments?post=50161"}],"version-history":[{"count":3,"href":"https:\/\/vocesparalelas.com.ar\/sitio\/wp-json\/wp\/v2\/posts\/50161\/revisions"}],"predecessor-version":[{"id":50166,"href":"https:\/\/vocesparalelas.com.ar\/sitio\/wp-json\/wp\/v2\/posts\/50161\/revisions\/50166"}],"wp:featuredmedia":[{"embeddable":true,"href":"https:\/\/vocesparalelas.com.ar\/sitio\/wp-json\/wp\/v2\/media\/50163"}],"wp:attachment":[{"href":"https:\/\/vocesparalelas.com.ar\/sitio\/wp-json\/wp\/v2\/media?parent=50161"}],"wp:term":[{"taxonomy":"category","embeddable":true,"href":"https:\/\/vocesparalelas.com.ar\/sitio\/wp-json\/wp\/v2\/categories?post=50161"},{"taxonomy":"post_tag","embeddable":true,"href":"https:\/\/vocesparalelas.com.ar\/sitio\/wp-json\/wp\/v2\/tags?post=50161"}],"curies":[{"name":"wp","href":"https:\/\/api.w.org\/{rel}","templated":true}]}}