{"id":50157,"date":"2022-06-24T22:03:28","date_gmt":"2022-06-25T01:03:28","guid":{"rendered":"https:\/\/vocesparalelas.com.ar\/sitio\/?p=50157"},"modified":"2022-06-28T01:34:16","modified_gmt":"2022-06-28T04:34:16","slug":"modificacion-en-la-aceptacion-de-presentacion-y-pago-por-ingresos-brutos","status":"publish","type":"post","link":"https:\/\/vocesparalelas.com.ar\/sitio\/modificacion-en-la-aceptacion-de-presentacion-y-pago-por-ingresos-brutos\/","title":{"rendered":"Modificaci\u00f3n en la aceptaci\u00f3n de presentaci\u00f3n y pago por Ingresos Brutos"},"content":{"rendered":"<div class=\"itemFullText\">\n<p>En virtud de las facultades conferidas por la Ley, se fijaron los vencimientos de los tributos Provinciales, entre los que se establece el 23 de Junio como fecha l\u00edmite para la presentaci\u00f3n y pago del anticipo 5\u00b0 de la Declaraci\u00f3n Jurada, con terminaci\u00f3n de CUIT 8 y 9, del Impuesto sobre los Ingresos Brutos \u2014 R\u00e9gimen General.<\/p>\n<p>El d\u00eda citado se produjeron inconvenientes t\u00e9cnicos que impidieron realizar la operaci\u00f3n correspondiente v\u00eda web, por lo que las autoridades de la DGR por Resoluci\u00f3n 0767-DGR-2022 con fecha 23 de Junio de 2022, establecieron lo siguiente:<\/p>\n<p>Con el prop\u00f3sito de facilitar a los contribuyentes el cumplimiento de sus obligaciones tributarias, se resuelve: \u201cAceptar como presentado y pagado en t\u00e9rmino el anticipo 5\u00b0 de la Declaraci\u00f3n Jurada con terminaci\u00f3n de CUIT 8 y 9 del Impuesto sobre los Ingresos Brutos\u2014 R\u00e9gimen General, cuyo vencimiento opera el 23 de Junio de 2022, al 28 de Junio de 2022\u201d.<\/p>\n<p><img loading=\"lazy\" decoding=\"async\" class=\"alignnone size-large wp-image-1245\" src=\"https:\/\/vocesparalelas.com.ar\/sitio\/wp-content\/uploads\/2017\/05\/CASA-DE-GOBIERNO-01-800x534.jpg\" alt=\"\" width=\"800\" height=\"534\" srcset=\"https:\/\/vocesparalelas.com.ar\/sitio\/wp-content\/uploads\/2017\/05\/CASA-DE-GOBIERNO-01.jpg 800w, https:\/\/vocesparalelas.com.ar\/sitio\/wp-content\/uploads\/2017\/05\/CASA-DE-GOBIERNO-01-300x200.jpg 300w, https:\/\/vocesparalelas.com.ar\/sitio\/wp-content\/uploads\/2017\/05\/CASA-DE-GOBIERNO-01-768x513.jpg 768w\" sizes=\"auto, (max-width: 800px) 100vw, 800px\" \/><\/p>\n<\/div>\n<div class=\"clr\"><\/div>\n<div class=\"itemContentFooter\"><span class=\"itemDateModified\">Publicado el Viernes, 24 de Junio de 2022\u00a0<\/span><\/div>\n","protected":false},"excerpt":{"rendered":"<p>En virtud de las facultades conferidas por la Ley, se fijaron los vencimientos de los tributos Provinciales, entre los que<\/p>\n","protected":false},"author":3,"featured_media":50159,"comment_status":"closed","ping_status":"closed","sticky":false,"template":"","format":"standard","meta":{"_acf_changed":false,"_seopress_robots_primary_cat":"none","_seopress_titles_title":"","_seopress_titles_desc":"","_seopress_robots_index":"","colormag_page_container_layout":"default_layout","colormag_page_sidebar_layout":"default_layout","footnotes":""},"categories":[6],"tags":[],"class_list":["post-50157","post","type-post","status-publish","format-standard","has-post-thumbnail","hentry","category-eventos"],"acf":[],"_links":{"self":[{"href":"https:\/\/vocesparalelas.com.ar\/sitio\/wp-json\/wp\/v2\/posts\/50157","targetHints":{"allow":["GET"]}}],"collection":[{"href":"https:\/\/vocesparalelas.com.ar\/sitio\/wp-json\/wp\/v2\/posts"}],"about":[{"href":"https:\/\/vocesparalelas.com.ar\/sitio\/wp-json\/wp\/v2\/types\/post"}],"author":[{"embeddable":true,"href":"https:\/\/vocesparalelas.com.ar\/sitio\/wp-json\/wp\/v2\/users\/3"}],"replies":[{"embeddable":true,"href":"https:\/\/vocesparalelas.com.ar\/sitio\/wp-json\/wp\/v2\/comments?post=50157"}],"version-history":[{"count":1,"href":"https:\/\/vocesparalelas.com.ar\/sitio\/wp-json\/wp\/v2\/posts\/50157\/revisions"}],"predecessor-version":[{"id":50160,"href":"https:\/\/vocesparalelas.com.ar\/sitio\/wp-json\/wp\/v2\/posts\/50157\/revisions\/50160"}],"wp:featuredmedia":[{"embeddable":true,"href":"https:\/\/vocesparalelas.com.ar\/sitio\/wp-json\/wp\/v2\/media\/50159"}],"wp:attachment":[{"href":"https:\/\/vocesparalelas.com.ar\/sitio\/wp-json\/wp\/v2\/media?parent=50157"}],"wp:term":[{"taxonomy":"category","embeddable":true,"href":"https:\/\/vocesparalelas.com.ar\/sitio\/wp-json\/wp\/v2\/categories?post=50157"},{"taxonomy":"post_tag","embeddable":true,"href":"https:\/\/vocesparalelas.com.ar\/sitio\/wp-json\/wp\/v2\/tags?post=50157"}],"curies":[{"name":"wp","href":"https:\/\/api.w.org\/{rel}","templated":true}]}}