{"id":50154,"date":"2022-06-24T21:20:31","date_gmt":"2022-06-25T00:20:31","guid":{"rendered":"https:\/\/vocesparalelas.com.ar\/sitio\/?p=50154"},"modified":"2022-06-28T01:34:47","modified_gmt":"2022-06-28T04:34:47","slug":"regimen-especial-de-facilidades-de-pago-en-la-municipalidad-de-rivadavia","status":"publish","type":"post","link":"https:\/\/vocesparalelas.com.ar\/sitio\/regimen-especial-de-facilidades-de-pago-en-la-municipalidad-de-rivadavia\/","title":{"rendered":"R\u00e9gimen especial de facilidades de pago en la Municipalidad de Rivadavia"},"content":{"rendered":"<p>La Municipalidad de Rivadavia informa que con el objetivo que m\u00e1s vecinos est\u00e9n al d\u00eda con su municipio, lanzan un nuevo R\u00e9gimen Especial de Facilidades de Pago, para tasas de servicios sobre inmuebles y tasas de comercio.<\/p>\n<p>Hasta el 31 de Julio puede cancelar su deuda, de contado o mediante distintas modalidades:<\/p>\n<ul>\n<li>Pago de contado de la deuda: 100% de descuento sobre los intereses generados;<\/li>\n<li>Financiamiento de deuda hasta 36 cuotas;<\/li>\n<li>Importantes beneficios adhiri\u00e9ndose a d\u00e9bito autom\u00e1tico<\/li>\n<li>6 cuotas sin inter\u00e9s, con una bonificaci\u00f3n del 50% de los intereses generados;<\/li>\n<li>12 cuotas sin inter\u00e9s;<\/li>\n<li>36 cuotas, con un inter\u00e9s mensual de solo 1,5 %.<\/li>\n<\/ul>\n<p>No dejen pasar esta oportunidad de pago y cancelar la deuda. Tu aporte ayuda a beneficiar a los dem\u00e1s vecinos para que se pueda seguir construyendo en el Departamento de Rivadavia de San Juan.<\/p>\n<p><img loading=\"lazy\" decoding=\"async\" class=\"alignnone size-large wp-image-1868\" src=\"https:\/\/vocesparalelas.com.ar\/sitio\/wp-content\/uploads\/2017\/06\/RIVADAVIA-EDIFICIO-800x531.jpg\" alt=\"\" width=\"800\" height=\"531\" srcset=\"https:\/\/vocesparalelas.com.ar\/sitio\/wp-content\/uploads\/2017\/06\/RIVADAVIA-EDIFICIO.jpg 800w, https:\/\/vocesparalelas.com.ar\/sitio\/wp-content\/uploads\/2017\/06\/RIVADAVIA-EDIFICIO-300x199.jpg 300w, https:\/\/vocesparalelas.com.ar\/sitio\/wp-content\/uploads\/2017\/06\/RIVADAVIA-EDIFICIO-768x510.jpg 768w\" sizes=\"auto, (max-width: 800px) 100vw, 800px\" \/><\/p>\n<p>Publicado el Viernes, 24 de Junio de 2022<\/p>\n","protected":false},"excerpt":{"rendered":"<p>La Municipalidad de Rivadavia informa que con el objetivo que m\u00e1s vecinos est\u00e9n al d\u00eda con su municipio, lanzan un<\/p>\n","protected":false},"author":3,"featured_media":42675,"comment_status":"closed","ping_status":"closed","sticky":false,"template":"","format":"standard","meta":{"_acf_changed":false,"_seopress_robots_primary_cat":"none","_seopress_titles_title":"","_seopress_titles_desc":"","_seopress_robots_index":"","colormag_page_container_layout":"default_layout","colormag_page_sidebar_layout":"default_layout","footnotes":""},"categories":[5],"tags":[],"class_list":["post-50154","post","type-post","status-publish","format-standard","has-post-thumbnail","hentry","category-ofrecimientos"],"acf":[],"_links":{"self":[{"href":"https:\/\/vocesparalelas.com.ar\/sitio\/wp-json\/wp\/v2\/posts\/50154","targetHints":{"allow":["GET"]}}],"collection":[{"href":"https:\/\/vocesparalelas.com.ar\/sitio\/wp-json\/wp\/v2\/posts"}],"about":[{"href":"https:\/\/vocesparalelas.com.ar\/sitio\/wp-json\/wp\/v2\/types\/post"}],"author":[{"embeddable":true,"href":"https:\/\/vocesparalelas.com.ar\/sitio\/wp-json\/wp\/v2\/users\/3"}],"replies":[{"embeddable":true,"href":"https:\/\/vocesparalelas.com.ar\/sitio\/wp-json\/wp\/v2\/comments?post=50154"}],"version-history":[{"count":1,"href":"https:\/\/vocesparalelas.com.ar\/sitio\/wp-json\/wp\/v2\/posts\/50154\/revisions"}],"predecessor-version":[{"id":50156,"href":"https:\/\/vocesparalelas.com.ar\/sitio\/wp-json\/wp\/v2\/posts\/50154\/revisions\/50156"}],"wp:featuredmedia":[{"embeddable":true,"href":"https:\/\/vocesparalelas.com.ar\/sitio\/wp-json\/wp\/v2\/media\/42675"}],"wp:attachment":[{"href":"https:\/\/vocesparalelas.com.ar\/sitio\/wp-json\/wp\/v2\/media?parent=50154"}],"wp:term":[{"taxonomy":"category","embeddable":true,"href":"https:\/\/vocesparalelas.com.ar\/sitio\/wp-json\/wp\/v2\/categories?post=50154"},{"taxonomy":"post_tag","embeddable":true,"href":"https:\/\/vocesparalelas.com.ar\/sitio\/wp-json\/wp\/v2\/tags?post=50154"}],"curies":[{"name":"wp","href":"https:\/\/api.w.org\/{rel}","templated":true}]}}