{"id":50139,"date":"2022-06-23T22:17:02","date_gmt":"2022-06-24T01:17:02","guid":{"rendered":"https:\/\/vocesparalelas.com.ar\/sitio\/?p=50139"},"modified":"2022-06-24T00:18:52","modified_gmt":"2022-06-24T03:18:52","slug":"abordaron-proyecto-de-ley-organica-del-ejercicio-de-la-abogacia-en-san-juan","status":"publish","type":"post","link":"https:\/\/vocesparalelas.com.ar\/sitio\/abordaron-proyecto-de-ley-organica-del-ejercicio-de-la-abogacia-en-san-juan\/","title":{"rendered":"Abordaron Proyecto de Ley Org\u00e1nica del Ejercicio de la Abogac\u00eda en San Juan"},"content":{"rendered":"<div class=\"itemFullText jbintrotext\">\n<p>Los diputados integrantes de las Comisiones de Legislaci\u00f3n y Asuntos Constitucionales &#8211; LAC &#8211; y de Justicia y Seguridad, de la C\u00e1mara de Diputados de San Juan se reunieron para analizar y estudiar un proyecto de Ley interbloque (bloque Justicialista, ConFe Somos San Juan, Bloquista, y Producci\u00f3n y Trabajo) que trata la Ley Org\u00e1nica del Ejercicio de la Abogac\u00eda.<\/p>\n<\/div>\n<div class=\"itemFullText\">\n<p>El encuentro estuvo presidida por las diputadas titulares de la comisi\u00f3n de LAC, Dr. Marcela Monti y Justicia y Seguridad, Dra. Celina Ramella.<\/p>\n<p>Participaron adem\u00e1s los legisladores Jos\u00e9 Luis Esteve, Enzo Cornejo y las legisladoras Graciela Seva, Florencia Pe\u00f1aloza, Fernanda Paredes, Marcela Quiroga y Nancy Pic\u00f3n. En la ocasi\u00f3n, dieron introducci\u00f3n al presente asunto para su tratamiento, el cual tendr\u00e1 continuidad en pr\u00f3ximas reuniones.<\/p>\n<p>Cabe se\u00f1alar que, tras haber transcurrido cincuenta a\u00f1os desde la sanci\u00f3n de la ley, hoy la demanda consiste en una modernizaci\u00f3n de la normativa respecto al ejercicio profesional, por eso el Poder Legislativo acompa\u00f1a este proceso de cambio junto al Foro de Abogados de San Juan, instituci\u00f3n que desde su creaci\u00f3n en el a\u00f1o 1972, vela por la\u00a0excelencia y la \u00e9tica en el ejercicio profesional, funci\u00f3n encomendada por el Estado para beneficio de la sociedad.<\/p>\n<p><img loading=\"lazy\" decoding=\"async\" class=\"alignnone size-full wp-image-37951\" src=\"https:\/\/vocesparalelas.com.ar\/sitio\/wp-content\/uploads\/2021\/05\/CAMARA-EDIFICIO.jpg\" alt=\"\" width=\"800\" height=\"515\" srcset=\"https:\/\/vocesparalelas.com.ar\/sitio\/wp-content\/uploads\/2021\/05\/CAMARA-EDIFICIO.jpg 800w, https:\/\/vocesparalelas.com.ar\/sitio\/wp-content\/uploads\/2021\/05\/CAMARA-EDIFICIO-300x193.jpg 300w, https:\/\/vocesparalelas.com.ar\/sitio\/wp-content\/uploads\/2021\/05\/CAMARA-EDIFICIO-768x494.jpg 768w\" sizes=\"auto, (max-width: 800px) 100vw, 800px\" \/><\/p>\n<\/div>\n","protected":false},"excerpt":{"rendered":"<p>Los diputados integrantes de las Comisiones de Legislaci\u00f3n y Asuntos Constitucionales &#8211; LAC &#8211; y de Justicia y Seguridad, de<\/p>\n","protected":false},"author":3,"featured_media":50141,"comment_status":"closed","ping_status":"closed","sticky":false,"template":"","format":"standard","meta":{"_acf_changed":false,"_seopress_robots_primary_cat":"none","_seopress_titles_title":"","_seopress_titles_desc":"","_seopress_robots_index":"","colormag_page_container_layout":"default_layout","colormag_page_sidebar_layout":"default_layout","footnotes":""},"categories":[1],"tags":[],"class_list":["post-50139","post","type-post","status-publish","format-standard","has-post-thumbnail","hentry","category-destacadas"],"acf":[],"_links":{"self":[{"href":"https:\/\/vocesparalelas.com.ar\/sitio\/wp-json\/wp\/v2\/posts\/50139","targetHints":{"allow":["GET"]}}],"collection":[{"href":"https:\/\/vocesparalelas.com.ar\/sitio\/wp-json\/wp\/v2\/posts"}],"about":[{"href":"https:\/\/vocesparalelas.com.ar\/sitio\/wp-json\/wp\/v2\/types\/post"}],"author":[{"embeddable":true,"href":"https:\/\/vocesparalelas.com.ar\/sitio\/wp-json\/wp\/v2\/users\/3"}],"replies":[{"embeddable":true,"href":"https:\/\/vocesparalelas.com.ar\/sitio\/wp-json\/wp\/v2\/comments?post=50139"}],"version-history":[{"count":3,"href":"https:\/\/vocesparalelas.com.ar\/sitio\/wp-json\/wp\/v2\/posts\/50139\/revisions"}],"predecessor-version":[{"id":50144,"href":"https:\/\/vocesparalelas.com.ar\/sitio\/wp-json\/wp\/v2\/posts\/50139\/revisions\/50144"}],"wp:featuredmedia":[{"embeddable":true,"href":"https:\/\/vocesparalelas.com.ar\/sitio\/wp-json\/wp\/v2\/media\/50141"}],"wp:attachment":[{"href":"https:\/\/vocesparalelas.com.ar\/sitio\/wp-json\/wp\/v2\/media?parent=50139"}],"wp:term":[{"taxonomy":"category","embeddable":true,"href":"https:\/\/vocesparalelas.com.ar\/sitio\/wp-json\/wp\/v2\/categories?post=50139"},{"taxonomy":"post_tag","embeddable":true,"href":"https:\/\/vocesparalelas.com.ar\/sitio\/wp-json\/wp\/v2\/tags?post=50139"}],"curies":[{"name":"wp","href":"https:\/\/api.w.org\/{rel}","templated":true}]}}