{"id":50090,"date":"2022-06-22T22:49:16","date_gmt":"2022-06-23T01:49:16","guid":{"rendered":"https:\/\/vocesparalelas.com.ar\/sitio\/?p=50090"},"modified":"2022-06-24T01:20:48","modified_gmt":"2022-06-24T04:20:48","slug":"se-lanzo-el-programa-de-fortalecimiento-institucional-en-san-juan","status":"publish","type":"post","link":"https:\/\/vocesparalelas.com.ar\/sitio\/se-lanzo-el-programa-de-fortalecimiento-institucional-en-san-juan\/","title":{"rendered":"Se lanz\u00f3 el \u00abPrograma de Fortalecimiento Institucional\u00bb en San Juan"},"content":{"rendered":"<p>En Sala Huarpes del Centro C\u00edvico, el Ministerio de Gobierno lanz\u00f3 el Programa de Fortalecimiento Institucional y anunci\u00f3 la Expo Solidaria en San Juan.<\/p>\n<p>Por ello, el Ministro de Gobierno, Dr. Alberto Hensel presidi\u00f3 la conferencia de prensa en la que sostuvo que en el 2022 vuelve el certamen que se destaca por la participaci\u00f3n de entidades civiles que realizan actividades solidarias y promueven valores esenciales en la sociedad.<\/p>\n<p>&nbsp;<\/p>\n<p><iframe loading=\"lazy\" title=\"SAN JUAN DR ALBERTO HENSEL\" width=\"800\" height=\"450\" src=\"https:\/\/www.youtube.com\/embed\/XO5CHsUk3Bg?feature=oembed\" frameborder=\"0\" allow=\"accelerometer; autoplay; clipboard-write; encrypted-media; gyroscope; picture-in-picture\" allowfullscreen><\/iframe><\/p>\n<p>Acompa\u00f1aron al ministro de Gobierno el secretario de Relaciones Institucionales, Lic. Marcelo Fretes y la directora de Culto y ONG, Dra. Liliana Olgu\u00edn.<\/p>\n<p>En la edici\u00f3n 2022, participar\u00e1n diversos actores de la Sociedad, Estado, empresas, instituciones intermedias y voluntarios de distintas especialidades, quienes en conjunto con las ONG expresar\u00e1n su compromiso social, colaborando de forma solidaria para llevar a cabo este evento.<\/p>\n<p>La Expo Solidaria 2022 tendr\u00e1 un programa amplio que incluir\u00e1:<\/p>\n<ol>\n<li>Concurso de Proyectos Solidarios.<\/li>\n<li>Exposici\u00f3n de las ONG en la \u201cFeria Solidaria\u201d, a realizarse los d\u00edas 30 de Septiembre y 1 de octubre de 2022.<\/li>\n<li>C\u00f3ctel de Gala, el cual tendr\u00e1 lugar el d\u00eda 30 de septiembre de 2022 en el Sal\u00f3n Cruce de los Andes, sito en avenida Libertador Gral. San Mart\u00edn 750 oeste, 1\u00ba Piso, N\u00facleo 7.<\/li>\n<li>Anuncio de Ganadores del Proyectos Solidarios- Show Art\u00edstico, el cual tendr\u00e1 lugar el d\u00eda 1 de octubre de 2022.<\/li>\n<\/ol>\n<p>La Expo Solidaria es un concurso de proyectos destinados a instituciones con asiento en la Provincia. Los mismos ser\u00e1n financiados a trav\u00e9s de los aportes que realicen las empresas locales y los ganadores ser\u00e1n seleccionados, en una primera etapa, por un jurado integrado por representantes de diferentes sectores y luego por la comunidad sanjuanina a trav\u00e9s de redes sociales.<\/p>\n<p>Adem\u00e1s, ser\u00e1 realizada una noche de gala con subasta solidaria (de obras de artistas locales) y la presencia de quienes aporten y deseen comprar una opci\u00f3n para la misma. El anuncio del ganador ser\u00e1 en la Feria de ONG donde las instituciones podr\u00e1n difundir sus actividades y habr\u00e1 una urna para que el p\u00fablico pueda donar y con cada donaci\u00f3n se les entrega un n\u00famero para participar de sorteos de diferentes comercios de San Juan.<\/p>\n<p>El monto recaudado en la subasta, en la urna y el excedente que pudiera existir de los aportes de las empresas se divide equitativamente entre las instituciones que participen de la exposici\u00f3n en la Feria de ONG .<\/p>\n<p>Las empresas realizan la donaci\u00f3n directamente a las instituciones, lo que les permite deducir ganancia. Todo el proceso de la Expo Solidaria es fiscalizado por la Escriban\u00eda Mayor de Gobierno.<\/p>\n<p>Las inscripciones abrir\u00e1n el 22 de agosto y se comunicar\u00e1 oportunamente la metodolog\u00eda para inscribirse.<\/p>\n<p>En cuanto a los requisitos comentaron que las asociaciones deben contar con personer\u00eda jur\u00eddica al d\u00eda, Inscripci\u00f3n en el Registro \u00danico de Cultos y ONG, CBU y Constancia de Inscripci\u00f3n en AFIP.<\/p>\n<p><span style=\"color: #99cc00;\"><strong>Asesoramiento y consultas<\/strong><\/span><\/p>\n<p>430-7200<\/p>\n<p><span id=\"cloak4a6e7c1913082f90dd113ce759f1ac3b\"><a href=\"mailto:cultoong@gmail.com\">cultoong@gmail.com<\/a><\/span><\/p>\n<p>3\u00ba piso n\u00facleo 8<\/p>\n<p>&nbsp;<\/p>\n<p>Publicado el Mi\u00e9rcoles, 22 de Junio de 2022<\/p>\n","protected":false},"excerpt":{"rendered":"<p>En Sala Huarpes del Centro C\u00edvico, el Ministerio de Gobierno lanz\u00f3 el Programa de Fortalecimiento Institucional y anunci\u00f3 la Expo<\/p>\n","protected":false},"author":3,"featured_media":50092,"comment_status":"closed","ping_status":"closed","sticky":false,"template":"","format":"video","meta":{"_acf_changed":false,"_seopress_robots_primary_cat":"none","_seopress_titles_title":"","_seopress_titles_desc":"","_seopress_robots_index":"","colormag_page_container_layout":"default_layout","colormag_page_sidebar_layout":"default_layout","footnotes":""},"categories":[2,7],"tags":[],"class_list":["post-50090","post","type-post","status-publish","format-video","has-post-thumbnail","hentry","category-convocatorias","category-videos","post_format-post-format-video"],"acf":[],"_links":{"self":[{"href":"https:\/\/vocesparalelas.com.ar\/sitio\/wp-json\/wp\/v2\/posts\/50090","targetHints":{"allow":["GET"]}}],"collection":[{"href":"https:\/\/vocesparalelas.com.ar\/sitio\/wp-json\/wp\/v2\/posts"}],"about":[{"href":"https:\/\/vocesparalelas.com.ar\/sitio\/wp-json\/wp\/v2\/types\/post"}],"author":[{"embeddable":true,"href":"https:\/\/vocesparalelas.com.ar\/sitio\/wp-json\/wp\/v2\/users\/3"}],"replies":[{"embeddable":true,"href":"https:\/\/vocesparalelas.com.ar\/sitio\/wp-json\/wp\/v2\/comments?post=50090"}],"version-history":[{"count":1,"href":"https:\/\/vocesparalelas.com.ar\/sitio\/wp-json\/wp\/v2\/posts\/50090\/revisions"}],"predecessor-version":[{"id":50093,"href":"https:\/\/vocesparalelas.com.ar\/sitio\/wp-json\/wp\/v2\/posts\/50090\/revisions\/50093"}],"wp:featuredmedia":[{"embeddable":true,"href":"https:\/\/vocesparalelas.com.ar\/sitio\/wp-json\/wp\/v2\/media\/50092"}],"wp:attachment":[{"href":"https:\/\/vocesparalelas.com.ar\/sitio\/wp-json\/wp\/v2\/media?parent=50090"}],"wp:term":[{"taxonomy":"category","embeddable":true,"href":"https:\/\/vocesparalelas.com.ar\/sitio\/wp-json\/wp\/v2\/categories?post=50090"},{"taxonomy":"post_tag","embeddable":true,"href":"https:\/\/vocesparalelas.com.ar\/sitio\/wp-json\/wp\/v2\/tags?post=50090"}],"curies":[{"name":"wp","href":"https:\/\/api.w.org\/{rel}","templated":true}]}}