{"id":50050,"date":"2022-06-21T22:49:06","date_gmt":"2022-06-22T01:49:06","guid":{"rendered":"https:\/\/vocesparalelas.com.ar\/sitio\/?p=50050"},"modified":"2022-06-22T00:57:09","modified_gmt":"2022-06-22T03:57:09","slug":"ley-de-recetas-electronicas-y-ley-yolanda-se-suma-san-juan","status":"publish","type":"post","link":"https:\/\/vocesparalelas.com.ar\/sitio\/ley-de-recetas-electronicas-y-ley-yolanda-se-suma-san-juan\/","title":{"rendered":"Ley de Recetas Electr\u00f3nicas y Ley Yolanda se suma San Juan"},"content":{"rendered":"<div class=\"itemFullText jbintrotext\">\n<p>La C\u00e1mara de Diputados de San Juan celebr\u00f3 el Jueves, 16 de Junio, la Quinta Sesi\u00f3n del per\u00edodo ordinario, en cuyo transcurso fueron aprobados diversos temas incluidos en el Orden del D\u00eda, entre ellos diversos convenios; la adhesi\u00f3n de la provincia a la ley nacional de Recetas Electr\u00f3nicas o Digitales; la adhesi\u00f3n a la Ley Yolanda y la aprobaci\u00f3n un\u00e1nime de la modificaci\u00f3n de un art\u00edculo de la ley 716-M de Regal\u00edas Mineras.<\/p>\n<\/div>\n<div class=\"itemFullText\">\n<p>La sesi\u00f3n fue conducida en forma alternada por el vicepresidente primero del cuerpo, Eduardo Cabello; el vicepresidente segundo Carlos Platero y el vicepresidente alterno, Edgardo Sancassani, acompa\u00f1ados por los secretarios Legislativo, Nicol\u00e1s Alvo y Administrativo, Roberto Iglesias.<\/p>\n<p><span style=\"color: #800080;\"><strong>Ley de Recetas Electr\u00f3nicas o Digitales<\/strong><\/span><\/p>\n<p>La C\u00e1mara de Diputados adhiri\u00f3 en todos sus t\u00e9rminos a la Ley Nacional N\u00b0 27.553, Recetas Electr\u00f3nicas o Digitales. El legislador Jos\u00e9 Luis Esteve estuvo a cargo de fundamentar este proyecto de Ley remitido por el Poder Ejecutivo.<\/p>\n<p>En la ocasi\u00f3n, el diputado sostuvo que \u201cla prescripci\u00f3n de medicamentos es el acto de indicar un tratamiento farmacol\u00f3gico que se requiere para una situaci\u00f3n espec\u00edfica. Este acto lo realiza un profesional matriculado a trav\u00e9s de una receta. Las recetas son cl\u00e1sicamente redactadas en papel, por pu\u00f1o y letra del prescriptor La prescripci\u00f3n y dispensa de medicamentos son actos sanitarios, que est\u00e1n comprendidos dentro de uno de los procesos asistenciales, que m\u00e1s beneficios presentan para su informatizaci\u00f3n, por sus aspectos cl\u00ednicos, de seguridad, comodidad del paciente, y la simplificaci\u00f3n de procesos administrativos. En la actualidad la legislaci\u00f3n vigente en la Argentina (Nacional y Provincial) que rige para las prescripciones de medicamentos fueron redactadas hace muchos a\u00f1os (en su mayor\u00eda en las d\u00e9cadas de 1960 y 1970) y esas legislaciones expresan que las prescripciones y las actuaciones relacionadas con la prescripci\u00f3n y dispensaci\u00f3n de medicamentos son realizadas de pu\u00f1o y letra\u201d.<\/p>\n<p>\u201cLa receta digital es una herramienta en la gesti\u00f3n sanitaria que permite un mejor control de las prescripciones, reducci\u00f3n de errores m\u00e9dicos, aceleraci\u00f3n o simplificaci\u00f3n del proceso en los centros de salud, aumento en la adherencia a los tratamientos cr\u00f3nicos, optimizaci\u00f3n de gesti\u00f3n en farmacias, crecimiento y ordenamiento en las capacidades de fiscalizaci\u00f3n y auditoria de la gesti\u00f3n de medicamentos, y disminuci\u00f3n de los costos financieros entre otras ventajas\u201d expuso el diputado.<\/p>\n<p>Seguidamente agreg\u00f3 que \u201cla Receta Digital es el documento digital de car\u00e1cter sanitario confeccionado y firmado a trav\u00e9s de un sistema de prescripci\u00f3n electr\u00f3nica espec\u00edficamente dise\u00f1ado para tal fin, por un profesional de la salud autorizado, mediante el cual, en el \u00e1mbito de sus competencias, prescribe a un paciente, medicamentos y\/o productos m\u00e9dicos para ser administrados, aplicados o consumidos, cuando as\u00ed lo requiera. Consiste en la posibilidad de que un m\u00e9dico prescriba un medicamento a un paciente y reemplace la tradicional receta de papel por un documento firmado y trabajado en un token (es una llave electr\u00f3nica para validar las prestaciones, permite visualizar un c\u00f3digo \u00fanico e irrepetible).<\/p>\n<p>Asimismo, manifest\u00f3 \u201cde acuerdo al avance de las tecnolog\u00edas de la informaci\u00f3n y comunicaci\u00f3n en las prestaciones de salud y augurando que los registros digitales\/electr\u00f3nicos en esta \u00e1rea podr\u00e1n facilitar la gesti\u00f3n, simplificar los procedimientos para ordenamiento, control y gesti\u00f3n en la prescripci\u00f3n, dispensaci\u00f3n, facturaci\u00f3n, uso seguro, racional y gesti\u00f3n en general de los medicamentos, es que se propone establecer la adhesi\u00f3n a la Ley N\u00b0 27553.<\/p>\n<p>\u201cEs de p\u00fablico y notorio conocimiento que los principales problemas que afectan a la receta manual son, las dificultades para dilucidar la letra manuscrita, que puede llevar a interpretarse que se prescribi\u00f3 una droga cuando en realidad era otra, suministr\u00e1ndose un medicamento equivocado; y asimismo, el registro manual defectuoso, que puede generar &#8211; ya sea por omisi\u00f3n, ilegibilidad, da\u00f1o o p\u00e9rdida- un error m\u00e9dico que conlleve a la mala praxis, todo lo que en definitiva implica un aumento del costo social de salud, en detrimento de la garant\u00eda constitucional que se tutela en este proyecto\u201d, explico Esteve.<\/p>\n<p>Por \u00faltimo, dijo que \u201cla calidad, eficacia y eficiencia del sistema de salud debe ser preservado por el Estado y asegurado al paciente en los t\u00e9rminos del art\u00edculo 42 de la Constituci\u00f3n Nacional, as\u00ed como tambi\u00e9n teniendo en consideraci\u00f3n los Tratados Internacionales que nuestro pa\u00eds ha adoptado. El acto m\u00e9dico o de los profesionales regulados espec\u00edficamente por la ley 17.132, no puede entenderse como un mero acto individual de ejercicio profesional y de efecto entre particulares. Recu\u00e9rdese que \u00e9ste se relaciona de manera primordial con la actividad de evaluaci\u00f3n diagn\u00f3stica, pronostica, de prescripci\u00f3n y\/o ejecuci\u00f3n de medidas terap\u00e9uticas relativas a La salud de las personas, grupos o comunidades, ejercidas por un m\u00e9dico con libertad de decisi\u00f3n y consentimiento del sujeto alcanzado por el mismo. Por ende, esta actividad profesional se vincula directamente con los derechos del paciente, que se encuentran previstos, a su vez en la Ley N\u00ba 26.529\u201d.<\/p>\n<p><span style=\"color: #800080;\"><strong>Adhesi\u00f3n a la \u201cLey Yolanda\u201d<\/strong><\/span><\/p>\n<p>Posteriormente la legisladora Fernanda Paredes fue la responsable de brindar los fundamentos de un proyecto de Ley que result de la unificaci\u00f3n de cuatro proyectos presentados, uno por el bloque Justicialista; otro por el bloque Actuar; un tercero por el bloque Producci\u00f3n y Trabajo, y tambi\u00e9n otro por el Poder Ejecutivo.<\/p>\n<p>Este asunto propone la adhesi\u00f3n de la provincia de San Juan a la Ley Nacional N\u00ba 27592 denominada \u201cLey Yolanda\u201d, que tiene por objeto garantizar la formaci\u00f3n integral en perspectiva de desarrollo sostenible, apoyada en valores sustentables y ambientales para las personas que se desempe\u00f1en en la funci\u00f3n p\u00fablica.<\/p>\n<p><span style=\"color: #800080;\"><strong>Convenio con la Universidad del Gran Rosario<\/strong><\/span><\/p>\n<p>El cuerpo legislativo ratific\u00f3 un convenio marco de Cooperaci\u00f3n T\u00e9cnica y Fortalecimiento con la Universidad del Gran Rosario, suscripto el 6 de septiembre del 2021 entre el Ministerio de Salud P\u00fablica de la Provincia de San Juan y la Universidad del Gran Rosario.<\/p>\n<p>En la ocasi\u00f3n, la diputada Marcela Monti fue la encarda de fundamentar el asunto como miembro informante. Durante su alocuci\u00f3n se\u00f1al\u00f3 que las partes intervinientes en este acuerdo buscan implementar un marco institucional para llevar a cabo la promoci\u00f3n de acciones conjuntas realizando aportes comunes en raz\u00f3n de su naturaleza institucional, acad\u00e9mica, cient\u00edfica, cultural y\/o empresaria, tendientes a crear lazos de cooperaci\u00f3n y complementaci\u00f3n, con el objetivo de promover la colaboraci\u00f3n a fin de realizar conjuntamente actividades, en \u00e1reas de inter\u00e9s com\u00fan.<\/p>\n<p><span style=\"color: #800080;\"><strong>Convenio con el Instituto Nacional del C\u00e1ncer<\/strong><\/span><\/p>\n<p>Luego, la Legislatura aprob\u00f3 otro convenio marco de cooperaci\u00f3n y tambi\u00e9n un convenio espec\u00edfico celebrado entre el Instituto Nacional del C\u00e1ncer, y la provincia de San Juan. En esta oportunidad, los fundamentos del proyecto fueron presentados por el diputado Gustavo Rodr\u00edguez.<\/p>\n<p>El legislador explic\u00f3 que el objeto de este acuerdo marco consiste en formalizar las relaciones institucionales entre ambas partes, a fin de desarrollar acciones tendientes a reducir la incidencia y mortalidad por c\u00e1ncer, como as\u00ed tambi\u00e9n mejorar la calidad de vida de los pacientes oncol\u00f3gicos del pa\u00eds.<\/p>\n<p>Por otro lado, sostuvo que el Convenio Espec\u00edfico, y su Anexo I Compromiso de Gesti\u00f3n, tienen por objeto la adhesi\u00f3n de la Provincia de San Juan, al Programa Nacional de Prevenci\u00f3n y Detecci\u00f3n Temprana del C\u00e1ncer Colorrectal (PNCCR), seg\u00fan las caracter\u00edsticas organizativas e institucionales del mismo, implementando las responsabilidades, compromisos y obligaciones a ser asumidas por cada una de las partes.<\/p>\n<p><span style=\"color: #800080;\"><strong>Reducir el circulante de armas de fuego<\/strong><\/span><\/p>\n<p>Despu\u00e9s, la C\u00e1mara otorg\u00f3 acuerdo a un convenio marco de cooperaci\u00f3n y asistencia t\u00e9cnica firmado entre la Agencia Nacional de Materiales Controlados (ANMaC), representada en este acto por su director ejecutivo, Ramiro Urristi, por una parte y por la otra, por el secretario de Estado de Seguridad y Orden P\u00fablico, Carlos Ariel Munisaga. Los argumentos de este asunto fueron explicados por la diputada Celina Ramella.<\/p>\n<p>\u201cEl objetivo de este acuerdo es establecer v\u00ednculos de colaboraci\u00f3n para la programaci\u00f3n de gestiones tendientes a desarrollar acciones, proyectos de cooperaci\u00f3n y\/o asistencia para el trabajo en conjunto, a fin de instaurar la implementaci\u00f3n de pol\u00edticas p\u00fablicas destinadas a reducir el circulante de armas de fuego en la sociedad civil, previniendo los efectos de la violencia armada como as\u00ed la violencia de g\u00e9nero, e intercambiando informaci\u00f3n de manera rec\u00edproca a efectos de prevenir la proliferaci\u00f3n il\u00edcita de armas y agilizar la investigaci\u00f3n criminal\u201d, indic\u00f3 la diputada.<\/p>\n<p>Adem\u00e1s, manifest\u00f3 que \u201clas partes se comprometen a realizar actividades conjuntas tendientes al procesamiento y env\u00edo de materiales controlados que hayan sido secuestrados, incautados o decomisados en la jurisdicci\u00f3n de la provincia de San Juan, al Banco Nacional de Materiales Controlados, con el fin, de destrucci\u00f3n en el marco de las Leyes n\u00fameros 20.429, 25.938, 26.216, de las cuales surge la competencia con car\u00e1cter exclusivo y excluyente de la ANMaC para esta acci\u00f3n\u201d.<\/p>\n<p>Tambi\u00e9n, inform\u00f3 entre otros puntos, que \u201cbuscan la instalaci\u00f3n de puestos m\u00f3viles de recepci\u00f3n de materiales controlados, en diferentes puntos del territorio provincial en el marco del PEVAF. Dise\u00f1o e implementaci\u00f3n en-forma conjunta, de planes de capacitaci\u00f3n para organizaci\u00f3n de la sociedad civil, universidades, agentes y funcionarios. Delineaci\u00f3n en conjunto de actividades de prevenci\u00f3n y concientizaci\u00f3n relativas al desarme y a la cultura de la no violencia, como as\u00ed tambi\u00e9n la difusi\u00f3n de las mismas\u201d.<\/p>\n<p>Por \u00faltimo, se\u00f1al\u00f3 que se comprometen a: ejercer las acciones tendientes a establecer mecanismos de notificaci\u00f3n de denuncias vinculadas a Violencia de G\u00e9nero o Intrafamiliar de las que tome conocimiento la Secretaria para hacerlas saber a la ANMaC, a fin de que esta se anoticie y tome consecuentemente las medidas de su competencia correspondiente; buscar consensos y colaboraci\u00f3n respecto al eventual traslado de la Delegaci\u00f3n de la ANMaC dentro del territorio provincial; actualizar la informaci\u00f3n por parte de la Secretar\u00eda respecto a la composici\u00f3n de las exigencias de armamento de dotaci\u00f3n de la Polic\u00eda de la Provincia de San Juan como del Servicio Penitenciario Provincial, a fin de mantener actualizado el Banco Nacional Informatizado de Datos sobre Materiales Controlados de la ANMaC, conforme a la legislaci\u00f3n vigente;\u00a0 fomentar programas de regularizaci\u00f3n de permisos fenecidos supeditados al acuerdo de Partes, sobre materiales controlados de titularidad particular de miembros en actividad y retiro de la Polic\u00eda y el Servicio Penitenciario de la Provincia de San Juan y promover, facilitar y reforzar la cooperaci\u00f3n entre las partes, manteniendo reuniones peri\u00f3dicas tendientes a evaluar los avances obtenidos.<\/p>\n<p><span style=\"color: #800080;\"><strong>Convenio con el Poder Judicial<\/strong><\/span><\/p>\n<p>Posteriormente, el cuerpo parlamentario ratific\u00f3 un convenio marco celebrado entre el Poder Ejecutivo provincial, representado por el gobernador Sergio Mauricio U\u00f1ac, y la ministra de Hacienda y Finanzas, Marisa Sandra L\u00f3pez por una parte, y por la otra, el Poder Judicial de San Juan, representado por el ex presidente de la Corte de Justicia, Daniel Olivares Yapur. Este punto del orden del d\u00eda fue fundamentado por el diputado Gast\u00f3n Berenguer.<\/p>\n<p>Durante su alocuci\u00f3n explic\u00f3 que el referido acuerdo tiene por objeto, que ambos Poderes establezcan un marco para la colaboraci\u00f3n y cooperaci\u00f3n institucional entre ellas, a fin de asistirse y asesorarse mutuamente para avanzar con el logro de los objetivos que les son propios y, en particular, promover la incorporaci\u00f3n de medios electr\u00f3nicos para el intercambio de informaci\u00f3n a trav\u00e9s de oficios por v\u00eda electr\u00f3nica, as\u00ed como el desarrollo, implementaci\u00f3n y utilizaci\u00f3n de plataformas inform\u00e1ticas comunes.<\/p>\n<p><span style=\"color: #800080;\"><strong>Convenio con el Banco de Drogas Especiales<\/strong><\/span><\/p>\n<p>Luego aprobaron un proyecto de Ley presentado por el Poder Ejecutivo, mediante mensaje N\u00ba 23, el cual propone aprobar un convenio de Adhesi\u00f3n, Cooperaci\u00f3n y Colaboraci\u00f3n con el Banco de Drogas Especiales y su anexo 1 suscriptos entre el Ministerio de Salud de la Naci\u00f3n, y el Ministerio de Salud P\u00fablica de la Provincia de San Juan.<\/p>\n<p>En la oportunidad, fue la diputada Celina Ramella quien ofreci\u00f3 los fundamentos de este proyecto de ley que tiene como objeto determinar las condiciones de adhesi\u00f3n, cooperaci\u00f3n, para desarrollar acciones conjuntas entre el Banco de Drogas Especiales y la Jurisdicci\u00f3n, tendientes a reducir la incidencia y mortalidad por c\u00e1ncer; mejorar la calidad de vida de los pacientes oncol\u00f3gicos en nuestro pa\u00eds; como as\u00ed tambi\u00e9n, universalizar el uso racional y el acceso a medicamentos estrat\u00e9gicos e insumos sanitarios consensuados entre las partes.<\/p>\n<p><span style=\"color: #800080;\"><strong>Modificaci\u00f3n de la Ley de Regal\u00edas Mineras<\/strong><\/span><\/p>\n<p>Luego, el Poder Legislativo pondr\u00e1 a consideraci\u00f3n un proyecto Interbloque que propone modificar el art\u00edculo 19\u00ba de la Ley N\u00ba 716-M, sobre Regal\u00edas Mineras, el cual quedar\u00e1 redactado de la siguiente forma:<\/p>\n<p>\u00abART\u00cdCULO 19.- Los proyectos mineros que desarrollen obras de infraestructura vial y\/o energ\u00e9ticas en beneficio de la Provincia, podr\u00e1n compensar parcial o totalmente su inversi\u00f3n con las Regal\u00edas Mineras, siempre que las obras sean realizadas, previa declaraci\u00f3n de utilidad p\u00fablica sancionada por la C\u00e1mara de Diputados de la Provincia, con los dos tercios de sus miembros y que su proyecto y realizaci\u00f3n lo sea de conformidad a la normativa de aplicaci\u00f3n por la autoridad competente. Las inversiones realizadas ser\u00e1n compensables exclusivamente con el Estado Provincial, hasta el importe que se origine por aplicaci\u00f3n de los porcentajes establecidos en el art\u00edculo 17, inc. 1, apartado 1.1, o en el inc. 2, apartado 2.1, seg\u00fan corresponda\u00bb. (ver aparte)<\/p>\n<p><span style=\"color: #800080;\"><strong>Cajeros autom\u00e1ticos en Rawson<\/strong><\/span><\/p>\n<p>Asimismo, fue aprobado un proyecto de Comunicaci\u00f3n autor\u00eda de los diputados Juan Carlos Gioja, Leonardo Gioja y la diputada Graciela Seva que requiere al Poder Ejecutivo que exija, en su car\u00e1cter de Ente Regulador, a las autoridades del Banco San Juan, la instalaci\u00f3n y puesta en funcionamiento del Servicio de Cajeros Autom\u00e1ticos en los C.I.C. (Centro Integrador Comunitario) ubicados en Villa Krause, Villa Ang\u00e9lica y M\u00e9dano de Oro del departamento \u00a0Rawson.<\/p>\n<p><span style=\"color: #800080;\"><strong>Resoluciones<\/strong><\/span><\/p>\n<p>Sobre tablas fueron considerados y aprobadas dos resoluciones que declaran de Inter\u00e9s:<\/p>\n<p>Social, Educativo y Cient\u00edfico las Jornadas Preparatorias del XXXI Congreso Nacional de Derecho Procesal Mendoza 2022, que ser\u00e1 llevado a cabo el 30 de junio pr\u00f3ximo en el Auditorio Eloy P. Camus, en el horario de 16.30 a 20. (diputada Celina Ramella), y<\/p>\n<p>Cultural y Social la Milonga del Parque al aire libre, organizada desde 2008 por la Asociaci\u00f3n Civil de Milongueros de San Juan en el Parque de Mayo. (diputado Leonardo Gioja).<\/p>\n<p>Publicado el Martes, 21 de Junio de 2022<\/p>\n<\/div>\n","protected":false},"excerpt":{"rendered":"<p>La C\u00e1mara de Diputados de San Juan celebr\u00f3 el Jueves, 16 de Junio, la Quinta Sesi\u00f3n del per\u00edodo ordinario, en<\/p>\n","protected":false},"author":3,"featured_media":50038,"comment_status":"closed","ping_status":"closed","sticky":false,"template":"","format":"standard","meta":{"_acf_changed":false,"_seopress_robots_primary_cat":"none","_seopress_titles_title":"","_seopress_titles_desc":"","_seopress_robots_index":"","colormag_page_container_layout":"default_layout","colormag_page_sidebar_layout":"default_layout","footnotes":""},"categories":[1],"tags":[],"class_list":["post-50050","post","type-post","status-publish","format-standard","has-post-thumbnail","hentry","category-destacadas"],"acf":[],"_links":{"self":[{"href":"https:\/\/vocesparalelas.com.ar\/sitio\/wp-json\/wp\/v2\/posts\/50050","targetHints":{"allow":["GET"]}}],"collection":[{"href":"https:\/\/vocesparalelas.com.ar\/sitio\/wp-json\/wp\/v2\/posts"}],"about":[{"href":"https:\/\/vocesparalelas.com.ar\/sitio\/wp-json\/wp\/v2\/types\/post"}],"author":[{"embeddable":true,"href":"https:\/\/vocesparalelas.com.ar\/sitio\/wp-json\/wp\/v2\/users\/3"}],"replies":[{"embeddable":true,"href":"https:\/\/vocesparalelas.com.ar\/sitio\/wp-json\/wp\/v2\/comments?post=50050"}],"version-history":[{"count":2,"href":"https:\/\/vocesparalelas.com.ar\/sitio\/wp-json\/wp\/v2\/posts\/50050\/revisions"}],"predecessor-version":[{"id":50059,"href":"https:\/\/vocesparalelas.com.ar\/sitio\/wp-json\/wp\/v2\/posts\/50050\/revisions\/50059"}],"wp:featuredmedia":[{"embeddable":true,"href":"https:\/\/vocesparalelas.com.ar\/sitio\/wp-json\/wp\/v2\/media\/50038"}],"wp:attachment":[{"href":"https:\/\/vocesparalelas.com.ar\/sitio\/wp-json\/wp\/v2\/media?parent=50050"}],"wp:term":[{"taxonomy":"category","embeddable":true,"href":"https:\/\/vocesparalelas.com.ar\/sitio\/wp-json\/wp\/v2\/categories?post=50050"},{"taxonomy":"post_tag","embeddable":true,"href":"https:\/\/vocesparalelas.com.ar\/sitio\/wp-json\/wp\/v2\/tags?post=50050"}],"curies":[{"name":"wp","href":"https:\/\/api.w.org\/{rel}","templated":true}]}}