{"id":49978,"date":"2022-06-16T18:22:19","date_gmt":"2022-06-16T21:22:19","guid":{"rendered":"https:\/\/vocesparalelas.com.ar\/sitio\/?p=49978"},"modified":"2022-06-17T23:22:38","modified_gmt":"2022-06-18T02:22:38","slug":"reclamaron-por-un-salario-digno-para-los-docentes-jubilados","status":"publish","type":"post","link":"https:\/\/vocesparalelas.com.ar\/sitio\/reclamaron-por-un-salario-digno-para-los-docentes-jubilados\/","title":{"rendered":"Reclamaron por un salario digno para los docentes jubilados"},"content":{"rendered":"<p>El Jueves, 16 de junio, CTERA realiz\u00f3 una concentraci\u00f3n y un acto, con clase p\u00fablica, frente al Ministerio de Trabajo de la Naci\u00f3n, en defensa de las jubilaciones docentes nacionales.<\/p>\n<p>Con la presencia de docentes de las 11 provincias que cobran por Naci\u00f3n , hicieron uso de la palabra por la CTERA Eduardo L\u00f3pez \u2013 Secretario Gremial -, Jorge Molina \u2013 Secretario de Asuntos Previsionales \u2013 y representantes de Ciudad de Buenos Aires, Salta, Catamarca, Jujuy, San Juan, Rio Negro, Mendoza, San Luis; La Rioja, Santiago del Estero y Tucum\u00e1n.<\/p>\n<p>Es importante destacar que, el Secretario General de UDAP, Prof. Luis Lucero particip\u00f3 del acto.<\/p>\n<p>CTERA exige:<\/p>\n<ul>\n<li>La trimestralizaci\u00f3n de la actualizaci\u00f3n de las jubilaciones docentes nacionales.<\/li>\n<li>Que se abone a la brevedad un incremento extraordinario en las jubilaciones docentes nacionales, para equiparar con el incremento otorgado al resto de las jubilaciones.<\/li>\n<\/ul>\n<p>Situaci\u00f3n de los haberes de las jubilaciones docentes nacionales en comparaci\u00f3n con la inflaci\u00f3n y aumento otorgado:<\/p>\n<ul>\n<li>Inflaci\u00f3n proyectada del primer semestre del 2022 es de m\u00e1s del 30% \u2013 los primeros cinco meses es de 29,3 %<\/li>\n<li>Aumento a las jubiladas y jubilados docentes cuyas cajas dependen de Naci\u00f3n, m\u00e1s exactamente del Ministerio de Trabajo, Empleo y Seguridad Social de la Naci\u00f3n durante el primer semestre del 2022 fue de 9,3%.<\/li>\n<\/ul>\n<p>Al finalizar el acto, una delegaci\u00f3n de CTERA, presidida por Jorge Molina, entreg\u00f3 los petitorios al Ministerio de Trabajo, con miles de firmas, que se recolectaron en las once provincias con cajas transferidas a Naci\u00f3n.<\/p>\n<p>CTERA vuelve a reiterar que en forma urgente se solucione la situaci\u00f3n injusta por la que atraviesan los jubilados docentes.<\/p>\n<p>Publicado el Jueves, 16 de Junio de 2022<\/p>\n","protected":false},"excerpt":{"rendered":"<p>El Jueves, 16 de junio, CTERA realiz\u00f3 una concentraci\u00f3n y un acto, con clase p\u00fablica, frente al Ministerio de Trabajo<\/p>\n","protected":false},"author":3,"featured_media":49980,"comment_status":"closed","ping_status":"closed","sticky":false,"template":"","format":"standard","meta":{"_acf_changed":false,"_seopress_robots_primary_cat":"none","_seopress_titles_title":"","_seopress_titles_desc":"","_seopress_robots_index":"","colormag_page_container_layout":"default_layout","colormag_page_sidebar_layout":"default_layout","footnotes":""},"categories":[1],"tags":[],"class_list":["post-49978","post","type-post","status-publish","format-standard","has-post-thumbnail","hentry","category-destacadas"],"acf":[],"_links":{"self":[{"href":"https:\/\/vocesparalelas.com.ar\/sitio\/wp-json\/wp\/v2\/posts\/49978","targetHints":{"allow":["GET"]}}],"collection":[{"href":"https:\/\/vocesparalelas.com.ar\/sitio\/wp-json\/wp\/v2\/posts"}],"about":[{"href":"https:\/\/vocesparalelas.com.ar\/sitio\/wp-json\/wp\/v2\/types\/post"}],"author":[{"embeddable":true,"href":"https:\/\/vocesparalelas.com.ar\/sitio\/wp-json\/wp\/v2\/users\/3"}],"replies":[{"embeddable":true,"href":"https:\/\/vocesparalelas.com.ar\/sitio\/wp-json\/wp\/v2\/comments?post=49978"}],"version-history":[{"count":1,"href":"https:\/\/vocesparalelas.com.ar\/sitio\/wp-json\/wp\/v2\/posts\/49978\/revisions"}],"predecessor-version":[{"id":49983,"href":"https:\/\/vocesparalelas.com.ar\/sitio\/wp-json\/wp\/v2\/posts\/49978\/revisions\/49983"}],"wp:featuredmedia":[{"embeddable":true,"href":"https:\/\/vocesparalelas.com.ar\/sitio\/wp-json\/wp\/v2\/media\/49980"}],"wp:attachment":[{"href":"https:\/\/vocesparalelas.com.ar\/sitio\/wp-json\/wp\/v2\/media?parent=49978"}],"wp:term":[{"taxonomy":"category","embeddable":true,"href":"https:\/\/vocesparalelas.com.ar\/sitio\/wp-json\/wp\/v2\/categories?post=49978"},{"taxonomy":"post_tag","embeddable":true,"href":"https:\/\/vocesparalelas.com.ar\/sitio\/wp-json\/wp\/v2\/tags?post=49978"}],"curies":[{"name":"wp","href":"https:\/\/api.w.org\/{rel}","templated":true}]}}