{"id":49975,"date":"2022-06-16T22:35:12","date_gmt":"2022-06-17T01:35:12","guid":{"rendered":"https:\/\/vocesparalelas.com.ar\/sitio\/?p=49975"},"modified":"2022-06-22T00:43:28","modified_gmt":"2022-06-22T03:43:28","slug":"seminario-prevencion-de-accidentes-por-monoxido-de-carbono","status":"publish","type":"post","link":"https:\/\/vocesparalelas.com.ar\/sitio\/seminario-prevencion-de-accidentes-por-monoxido-de-carbono\/","title":{"rendered":"Seminario \u00abPrevenci\u00f3n de accidentes por mon\u00f3xido de carbono\u00bb"},"content":{"rendered":"<p>El Jueves, 23 de Junio, de 17 a 19 hs.; en la sala de conferencias del Instituto de Energ\u00eda El\u00e9ctrica de la Facultad de Ingenier\u00eda de la Universidad Nacional de San Juan se desarrolla el Seminario \u00abPrevenci\u00f3n de accidentes por mon\u00f3xido de carbono\u00bb.<\/p>\n<p>El seminario es gratuito y est\u00e1 destinado a toda persona interesada en el tema.<\/p>\n<p><span style=\"color: #339966;\"><strong>Inscripci\u00f3n completando el formulario<\/strong><\/span><\/p>\n<p><a href=\"https:\/\/forms.gle\/4XeMQtJFa4ZkD15S6\">https:\/\/forms.gle\/4XeMQtJFa4ZkD15S6<\/a><\/p>\n<p>&nbsp;<\/p>\n<p>&nbsp;<\/p>\n<p>&nbsp;<\/p>\n","protected":false},"excerpt":{"rendered":"<p>El Jueves, 23 de Junio, de 17 a 19 hs.; en la sala de conferencias del Instituto de Energ\u00eda El\u00e9ctrica<\/p>\n","protected":false},"author":3,"featured_media":27182,"comment_status":"closed","ping_status":"closed","sticky":false,"template":"","format":"standard","meta":{"_acf_changed":false,"_seopress_robots_primary_cat":"none","_seopress_titles_title":"","_seopress_titles_desc":"","_seopress_robots_index":"","colormag_page_container_layout":"default_layout","colormag_page_sidebar_layout":"default_layout","footnotes":""},"categories":[9],"tags":[],"class_list":["post-49975","post","type-post","status-publish","format-standard","has-post-thumbnail","hentry","category-cursos"],"acf":[],"_links":{"self":[{"href":"https:\/\/vocesparalelas.com.ar\/sitio\/wp-json\/wp\/v2\/posts\/49975","targetHints":{"allow":["GET"]}}],"collection":[{"href":"https:\/\/vocesparalelas.com.ar\/sitio\/wp-json\/wp\/v2\/posts"}],"about":[{"href":"https:\/\/vocesparalelas.com.ar\/sitio\/wp-json\/wp\/v2\/types\/post"}],"author":[{"embeddable":true,"href":"https:\/\/vocesparalelas.com.ar\/sitio\/wp-json\/wp\/v2\/users\/3"}],"replies":[{"embeddable":true,"href":"https:\/\/vocesparalelas.com.ar\/sitio\/wp-json\/wp\/v2\/comments?post=49975"}],"version-history":[{"count":1,"href":"https:\/\/vocesparalelas.com.ar\/sitio\/wp-json\/wp\/v2\/posts\/49975\/revisions"}],"predecessor-version":[{"id":49977,"href":"https:\/\/vocesparalelas.com.ar\/sitio\/wp-json\/wp\/v2\/posts\/49975\/revisions\/49977"}],"wp:featuredmedia":[{"embeddable":true,"href":"https:\/\/vocesparalelas.com.ar\/sitio\/wp-json\/wp\/v2\/media\/27182"}],"wp:attachment":[{"href":"https:\/\/vocesparalelas.com.ar\/sitio\/wp-json\/wp\/v2\/media?parent=49975"}],"wp:term":[{"taxonomy":"category","embeddable":true,"href":"https:\/\/vocesparalelas.com.ar\/sitio\/wp-json\/wp\/v2\/categories?post=49975"},{"taxonomy":"post_tag","embeddable":true,"href":"https:\/\/vocesparalelas.com.ar\/sitio\/wp-json\/wp\/v2\/tags?post=49975"}],"curies":[{"name":"wp","href":"https:\/\/api.w.org\/{rel}","templated":true}]}}