{"id":49954,"date":"2022-06-16T13:37:23","date_gmt":"2022-06-16T16:37:23","guid":{"rendered":"https:\/\/vocesparalelas.com.ar\/sitio\/?p=49954"},"modified":"2022-06-17T23:35:06","modified_gmt":"2022-06-18T02:35:06","slug":"se-desarrollo-el-1-encuentro-de-fortalecimiento-institucional-en-alfabetizacion-inicial-y-matematica-de-san-juan","status":"publish","type":"post","link":"https:\/\/vocesparalelas.com.ar\/sitio\/se-desarrollo-el-1-encuentro-de-fortalecimiento-institucional-en-alfabetizacion-inicial-y-matematica-de-san-juan\/","title":{"rendered":"Se desarroll\u00f3 el 1\u00b0 Encuentro de Fortalecimiento institucional en Alfabetizaci\u00f3n Inicial y Matem\u00e1tica de San Juan"},"content":{"rendered":"<p>La Direcci\u00f3n Nacional de Educaci\u00f3n Inicial del Ministerio de Educaci\u00f3n de Argentina junto a la Direcci\u00f3n de Nivel Inicial del Ministerio de Educaci\u00f3n del Gobierno de San Juan organizaron el Primer Encuentro de Fortalecimiento institucional en Alfabetizaci\u00f3n Inicial y Matem\u00e1tica.<\/p>\n<p>Para ello, participaron de San Juan, la Ministro de Educaci\u00f3n, Prof. Cecilia Trincado, la Prof. Laura Castro, Nacional la Prof. Susana Santar\u00e9n con las referentes t\u00e9cnicas del equipo nacional en Matem\u00e1tica, la Prof. Adriana Santos y de Lengua, Prof. Karina Benchimol, quienes dieron las nuevas propuestas pedag\u00f3gicas dedicadas a los alumnos del Nivel Inicial, los peque\u00f1os que inician el circuito educativo con muchas expectativas, gustosos de asistir a la escuela con el guardapolvo que los identifican.<\/p>\n<p><img loading=\"lazy\" decoding=\"async\" class=\"alignnone size-full wp-image-49959\" src=\"https:\/\/vocesparalelas.com.ar\/sitio\/wp-content\/uploads\/2022\/06\/NI-SAN-JUAN-04.jpg\" alt=\"\" width=\"800\" height=\"533\" srcset=\"https:\/\/vocesparalelas.com.ar\/sitio\/wp-content\/uploads\/2022\/06\/NI-SAN-JUAN-04.jpg 800w, https:\/\/vocesparalelas.com.ar\/sitio\/wp-content\/uploads\/2022\/06\/NI-SAN-JUAN-04-300x200.jpg 300w, https:\/\/vocesparalelas.com.ar\/sitio\/wp-content\/uploads\/2022\/06\/NI-SAN-JUAN-04-768x512.jpg 768w\" sizes=\"auto, (max-width: 800px) 100vw, 800px\" \/><\/p>\n<p>Adem\u00e1s, es necesario destacar que la convocatoria destinada a los Directores y Docentes del Nivel Inicial que superaron los 300 interesados en la capacitaci\u00f3n que durante el 2022, se refuerza con dos encuentros m\u00e1s. Todos esperan expectantes para fortalecer el Nivel Inicial y que cada vez los ni\u00f1os se suman con m\u00e1s posibilidades de aprender nuevas propuestas para leer y escribir de acuerdo lo que se presentan en el Siglo XXI.<\/p>\n<p><img loading=\"lazy\" decoding=\"async\" class=\"alignnone size-full wp-image-49958\" src=\"https:\/\/vocesparalelas.com.ar\/sitio\/wp-content\/uploads\/2022\/06\/NI-SAN-JUAN-03.jpg\" alt=\"\" width=\"800\" height=\"533\" srcset=\"https:\/\/vocesparalelas.com.ar\/sitio\/wp-content\/uploads\/2022\/06\/NI-SAN-JUAN-03.jpg 800w, https:\/\/vocesparalelas.com.ar\/sitio\/wp-content\/uploads\/2022\/06\/NI-SAN-JUAN-03-300x200.jpg 300w, https:\/\/vocesparalelas.com.ar\/sitio\/wp-content\/uploads\/2022\/06\/NI-SAN-JUAN-03-768x512.jpg 768w\" sizes=\"auto, (max-width: 800px) 100vw, 800px\" \/><\/p>\n<p>Por ello, Voces Paralelas entrevist\u00f3 a la Ministro de Educaci\u00f3n del Gobierno de San Juan, Prof. Cecilia Trincado, quien destac\u00f3 la gran posibilidad para los docentes tener referentes nacionales para que est\u00e9n en estas capacitaciones para transmitir\u00a0 nuevas propuestas pedag\u00f3gicas.<\/p>\n<p><iframe loading=\"lazy\" title=\"NI PROF CECILIA TRINCADO\" width=\"800\" height=\"450\" src=\"https:\/\/www.youtube.com\/embed\/CM7oVnAjKnY?feature=oembed\" frameborder=\"0\" allow=\"accelerometer; autoplay; clipboard-write; encrypted-media; gyroscope; picture-in-picture\" allowfullscreen><\/iframe><\/p>\n<p>&nbsp;<\/p>\n<p>Seguidamente, la Directora de Nivel Inicial del Ministerio de Educaci\u00f3n del Gobierno de San Juan, Prof. Laura Castro destac\u00f3 que estos encuentros son muy esperados por los docentes del Nivel Inicial porque permiten conocer otras miradas y ayudan al momento de reaccionar a las respuestas de los alumnos tan peque\u00f1os para encaminarlos en el mundo de la Matem\u00e1tica y de la escritura -lectura.<\/p>\n<p><iframe loading=\"lazy\" title=\"NI PROF LAURA CASTRO\" width=\"800\" height=\"450\" src=\"https:\/\/www.youtube.com\/embed\/ZhehzMNs9i4?feature=oembed\" frameborder=\"0\" allow=\"accelerometer; autoplay; clipboard-write; encrypted-media; gyroscope; picture-in-picture\" allowfullscreen><\/iframe><\/p>\n<p>Luego, la referente t\u00e9cnica del equipo nacional en Matem\u00e1tica, la Prof. Adriana Santos puntualiz\u00f3 la necesidad de aprovechar la ciencia hacia lo que rodea al ni\u00f1o en la vida diaria y que el docente debe aprovechar para guiar la construcci\u00f3n del conocimiento.<\/p>\n<p>&nbsp;<\/p>\n<p><iframe loading=\"lazy\" title=\"NI PROF ADRIANA SANTOS\" width=\"800\" height=\"450\" src=\"https:\/\/www.youtube.com\/embed\/R3TgQCCYR68?feature=oembed\" frameborder=\"0\" allow=\"accelerometer; autoplay; clipboard-write; encrypted-media; gyroscope; picture-in-picture\" allowfullscreen><\/iframe><\/p>\n<p>Por \u00faltimo, la referente t\u00e9cnica del equipo nacional en Lengua, Prof. Karina Benchimol, quien invit\u00f3 a los docentes y a los padres no perder la actividad de lectura de cuentos para los ni\u00f1os. Ellos son muy creativos y son capaces de ampliar su experiencia para iniciarse en la lecto-escritura con la ayuda del docente y del mundo que los rodea.<\/p>\n<p><iframe loading=\"lazy\" title=\"NI PROF KARINA  BENCHIMOL .\" width=\"800\" height=\"450\" src=\"https:\/\/www.youtube.com\/embed\/GG9uctt_0no?feature=oembed\" frameborder=\"0\" allow=\"accelerometer; autoplay; clipboard-write; encrypted-media; gyroscope; picture-in-picture\" allowfullscreen><\/iframe><\/p>\n<p>&nbsp;<\/p>\n<p><img loading=\"lazy\" decoding=\"async\" class=\"alignnone size-full wp-image-49957\" src=\"https:\/\/vocesparalelas.com.ar\/sitio\/wp-content\/uploads\/2022\/06\/NI-SAN-JUAN-02.jpg\" alt=\"\" width=\"800\" height=\"533\" srcset=\"https:\/\/vocesparalelas.com.ar\/sitio\/wp-content\/uploads\/2022\/06\/NI-SAN-JUAN-02.jpg 800w, https:\/\/vocesparalelas.com.ar\/sitio\/wp-content\/uploads\/2022\/06\/NI-SAN-JUAN-02-300x200.jpg 300w, https:\/\/vocesparalelas.com.ar\/sitio\/wp-content\/uploads\/2022\/06\/NI-SAN-JUAN-02-768x512.jpg 768w\" sizes=\"auto, (max-width: 800px) 100vw, 800px\" \/><\/p>\n<p>Publicado el Jueves, 16 de Junio de 2022<\/p>\n","protected":false},"excerpt":{"rendered":"<p>La Direcci\u00f3n Nacional de Educaci\u00f3n Inicial del Ministerio de Educaci\u00f3n de Argentina junto a la Direcci\u00f3n de Nivel Inicial del<\/p>\n","protected":false},"author":3,"featured_media":49956,"comment_status":"closed","ping_status":"closed","sticky":false,"template":"","format":"video","meta":{"_acf_changed":false,"_seopress_robots_primary_cat":"none","_seopress_titles_title":"","_seopress_titles_desc":"","_seopress_robots_index":"","colormag_page_container_layout":"default_layout","colormag_page_sidebar_layout":"default_layout","footnotes":""},"categories":[9,7],"tags":[],"class_list":["post-49954","post","type-post","status-publish","format-video","has-post-thumbnail","hentry","category-cursos","category-videos","post_format-post-format-video"],"acf":[],"_links":{"self":[{"href":"https:\/\/vocesparalelas.com.ar\/sitio\/wp-json\/wp\/v2\/posts\/49954","targetHints":{"allow":["GET"]}}],"collection":[{"href":"https:\/\/vocesparalelas.com.ar\/sitio\/wp-json\/wp\/v2\/posts"}],"about":[{"href":"https:\/\/vocesparalelas.com.ar\/sitio\/wp-json\/wp\/v2\/types\/post"}],"author":[{"embeddable":true,"href":"https:\/\/vocesparalelas.com.ar\/sitio\/wp-json\/wp\/v2\/users\/3"}],"replies":[{"embeddable":true,"href":"https:\/\/vocesparalelas.com.ar\/sitio\/wp-json\/wp\/v2\/comments?post=49954"}],"version-history":[{"count":1,"href":"https:\/\/vocesparalelas.com.ar\/sitio\/wp-json\/wp\/v2\/posts\/49954\/revisions"}],"predecessor-version":[{"id":49965,"href":"https:\/\/vocesparalelas.com.ar\/sitio\/wp-json\/wp\/v2\/posts\/49954\/revisions\/49965"}],"wp:featuredmedia":[{"embeddable":true,"href":"https:\/\/vocesparalelas.com.ar\/sitio\/wp-json\/wp\/v2\/media\/49956"}],"wp:attachment":[{"href":"https:\/\/vocesparalelas.com.ar\/sitio\/wp-json\/wp\/v2\/media?parent=49954"}],"wp:term":[{"taxonomy":"category","embeddable":true,"href":"https:\/\/vocesparalelas.com.ar\/sitio\/wp-json\/wp\/v2\/categories?post=49954"},{"taxonomy":"post_tag","embeddable":true,"href":"https:\/\/vocesparalelas.com.ar\/sitio\/wp-json\/wp\/v2\/tags?post=49954"}],"curies":[{"name":"wp","href":"https:\/\/api.w.org\/{rel}","templated":true}]}}