{"id":49951,"date":"2022-06-14T21:35:11","date_gmt":"2022-06-15T00:35:11","guid":{"rendered":"https:\/\/vocesparalelas.com.ar\/sitio\/?p=49951"},"modified":"2022-06-20T01:14:12","modified_gmt":"2022-06-20T04:14:12","slug":"lugares-de-vacunacion-contra-el-covid-19-en-san-juan","status":"publish","type":"post","link":"https:\/\/vocesparalelas.com.ar\/sitio\/lugares-de-vacunacion-contra-el-covid-19-en-san-juan\/","title":{"rendered":"Lugares de Vacunaci\u00f3n contra el COVID-19 en San Juan"},"content":{"rendered":"<div class=\"itemFullText\">\n<p>El Ministerio de Salud P\u00fablica del Gobierno de San Juan informa los lugares de Vacunaci\u00f3n contra el COVID-19 el S\u00e1bado, 18 de Junio de 2022.<\/p>\n<p><span style=\"color: #ff0000;\"><strong>Zona Sanitaria I<\/strong><\/span><\/p>\n<p><span style=\"color: #ff0000;\"><strong>Departamento Capital<\/strong><\/span><\/p>\n<ul>\n<li>CAPS Las Margaritas S\u00e1bado de 8:00 a 12:00 hs.<\/li>\n<li>CAPS Centro de Salud Barassi S\u00e1bado de 8:00 a 12:00 hs.<\/li>\n<li>Centro de Convenciones S\u00e1bado de 8:00 a 12:30 hs.<\/li>\n<\/ul>\n<p><span style=\"color: #ff0000;\"><strong>Departamento Chimbas<\/strong><\/span><\/p>\n<ul>\n<li>CAPS Dr. Ram\u00f3n Carrillo S\u00e1bado de 8:00 a 12:00 hs.<\/li>\n<li>CAPS Mons. B\u00e1ez Laspiur. S\u00e1bado de 8:00 a 12:00 hs.<\/li>\n<li>CAPS Humberto Mira. S\u00e1bado de 8:00 a 12:00 hs.<\/li>\n<li>CAPS San Patricio. S\u00e1bado de 8:00 a 12:00 hs.<\/li>\n<li>CIC Barrio Los Andes. S\u00e1bado de 8 a 12 hs.<\/li>\n<\/ul>\n<p><span style=\"color: #ff0000;\"><strong>Departamento Santa Luc\u00eda<\/strong><\/span><\/p>\n<ul>\n<li>CAPS Ibone Silva S\u00e1bado de 8:00 a 12:00 hs.<\/li>\n<li>CAPS Villa Marini S\u00e1bado de 8:00 a 12:00 hs.<\/li>\n<\/ul>\n<p><span style=\"color: #ff0000;\"><strong>Departamento 9 de Julio<\/strong><\/span><\/p>\n<ul>\n<li>CAPS Arturo Cabral De la Colina S\u00e1bado de 8:00 a 12:00 hs.<\/li>\n<\/ul>\n<p><span style=\"color: #ff0000;\"><strong>Zona Sanitaria II<\/strong><\/span><\/p>\n<p><span style=\"color: #ff0000;\"><strong>Departamento Caucete<\/strong><\/span><\/p>\n<ul>\n<li>Hospital C\u00e9sar Aguilar S\u00e1bado de 8:00 a 13:00 hs.<\/li>\n<\/ul>\n<p><span style=\"color: #ff0000;\"><strong>Departamento San Mart\u00edn<\/strong><\/span><\/p>\n<ul>\n<li>Hospital Stella Molina. S\u00e1bado de 8:00 a 13:00 hs.<\/li>\n<\/ul>\n<p><span style=\"color: #ff0000;\"><strong>Departamento Angaco<\/strong><\/span><\/p>\n<ul>\n<li>Hospital Rizo Esparza. S\u00e1bado de 8:00 a 13:00 hs.<\/li>\n<\/ul>\n<p><span style=\"color: #ff0000;\"><strong>Departamento 25 de Mayo<\/strong><\/span><\/p>\n<ul>\n<li>Hospital 25 de Mayo. S\u00e1bado de 8:00 a 13:00 hs.<\/li>\n<\/ul>\n<p><span style=\"color: #ff0000;\"><strong>Departamento Valle F\u00e9rtil<\/strong><\/span><\/p>\n<ul>\n<li>Hospital Dr. Alejandro Albarrac\u00edn. S\u00e1bado de 8:00 a 13:00 hs.<\/li>\n<\/ul>\n<p><span style=\"color: #ff0000;\"><strong>Zona Sanitaria III<\/strong><\/span><\/p>\n<p><span style=\"color: #ff0000;\"><strong>Departamento Albard\u00f3n<\/strong><\/span><\/p>\n<ul>\n<li>Hospital Dr. Jos\u00e9 Giordano s\u00e1bado de 8:00 a 12:00 hs.<\/li>\n<\/ul>\n<p><span style=\"color: #ff0000;\"><strong>Departamento J\u00e1chal<\/strong><\/span><\/p>\n<ul>\n<li>Hospital San Roque. 25 de Mayo 835 entre Gral. Paz y Aberastain. S\u00e1bados de 8:00 a 12:00 hs.<\/li>\n<\/ul>\n<p><span style=\"color: #ff0000;\"><strong>Departamento Iglesia<\/strong><\/span><\/p>\n<ol>\n<li>Hospital Dr. T. Per\u00f3n. S\u00e1bados de 8:00 a 12:00 hs.<\/li>\n<\/ol>\n<p><span style=\"color: #ff0000;\"><strong>Zona Sanitaria IV<\/strong><\/span><\/p>\n<p><span style=\"color: #ff0000;\"><strong>Departamento Rivadavia<\/strong><\/span><\/p>\n<ul>\n<li>Centro de Salud San Justo. Proyectada S\/N S\u00e1bado de 8:00 a 12:00.<\/li>\n<li>Centro de Salud Ren\u00e9 Favaloro. S\u00e1bado de 8:00 a 12:00.<\/li>\n<li>Centro de Salud Rodr\u00edguez Pinto. S\u00e1bado de 8:00 a 12:00.<\/li>\n<li>Centro de Salud La Bebida S\u00e1bado de 8:00 a 12:00.<\/li>\n<li>Centro de Salud Dominga Raimunda. S\u00e1bado de 8:00 a 12:00.<\/li>\n<li>Centro de Salud Aramburu. S\u00e1bado de 8:00 a 12:00.<\/li>\n<\/ul>\n<p><span style=\"color: #ff0000;\"><strong>Departamento Zonda<\/strong><\/span><\/p>\n<ul>\n<li>CAPS Zonda. S\u00e1bado de 8:00 a 12:00.<\/li>\n<\/ul>\n<p><span style=\"color: #ff0000;\"><strong>Departamento Ullum<\/strong><\/span><\/p>\n<ul>\n<li>CAPS Royon. S\u00e1bado de 8:00 a 12:00.<\/li>\n<li>CIC Ullum. S\u00e1bado de 8:00 a 12:00.<\/li>\n<\/ul>\n<p><span style=\"color: #ff0000;\"><strong>Departamento Calingasta<\/strong><\/span><\/p>\n<ul>\n<li>Tamber\u00edas. S\u00e1bado de 8:00 a 12:00.<\/li>\n<li>Barreal. Hospital de Barreal S\u00e1bado de 8:00 a 12:00.<\/li>\n<li>Calingasta. Hospital Aldo Cantoni, S\u00e1bado de 8:00 a 12:00.<\/li>\n<\/ul>\n<p><span style=\"color: #ff0000;\"><strong>Zona Sanitaria V<\/strong><\/span><\/p>\n<p><span style=\"color: #ff0000;\"><strong>Departamento Rawson<\/strong><\/span><\/p>\n<ul>\n<li>Centro de Adiestramiento Ren\u00e9 Favaloro S\u00e1bados de 8:00 a 11:30 hs.<\/li>\n<li>CAPS Barrio G\u00fcemes. S\u00e1bados de 8:00 a 11:30 hs.<\/li>\n<li>Centro de Salud Valle Grande. S\u00e1bados de 8:00 a 11:30 hs.<\/li>\n<li>Centro de Salud R\u00edo Blanco. S\u00e1bados de 8:00 a 11:30 hs.<\/li>\n<li>CIC del M\u00e9dano. S\u00e1bados de 8:00 a 11:30 hs.<\/li>\n<\/ul>\n<p><span style=\"color: #ff0000;\"><strong>Departamento Pocito<\/strong><\/span><\/p>\n<ul>\n<li>Hospital Federico Cantoni de lunes a viernes de 7:30 a 17:00 hs. S\u00e1bados de 8:00 a 11:30 hs.<\/li>\n<li>Todos los centros de salud de Pocito, excepto el Centro de Salud Constituci\u00f3n, Bracco y Paolini &#8211; S\u00e1bado de 8:30 a 12:00 hs<\/li>\n<\/ul>\n<p><span style=\"color: #ff0000;\"><strong>Departamento Sarmiento<\/strong><\/span><\/p>\n<ul>\n<li>Hospital Ventura Lloveras. S\u00e1bado de 8:00 a 11:30 hs.<\/li>\n<li>Microhospital Los Berros- s\u00e1bado de 8:00 a 11:30 hs.<\/li>\n<\/ul>\n<\/div>\n<div class=\"clr\"><\/div>\n<div class=\"itemContentFooter\"><span class=\"itemDateModified\">Publicado el Jueves, 16 de Junio de 2022\u00a0<\/span><\/div>\n","protected":false},"excerpt":{"rendered":"<p>El Ministerio de Salud P\u00fablica del Gobierno de San Juan informa los lugares de Vacunaci\u00f3n contra el COVID-19 el S\u00e1bado,<\/p>\n","protected":false},"author":3,"featured_media":40320,"comment_status":"closed","ping_status":"closed","sticky":false,"template":"","format":"standard","meta":{"_acf_changed":false,"_seopress_robots_primary_cat":"none","_seopress_titles_title":"","_seopress_titles_desc":"","_seopress_robots_index":"","colormag_page_container_layout":"default_layout","colormag_page_sidebar_layout":"default_layout","footnotes":""},"categories":[6],"tags":[],"class_list":["post-49951","post","type-post","status-publish","format-standard","has-post-thumbnail","hentry","category-eventos"],"acf":[],"_links":{"self":[{"href":"https:\/\/vocesparalelas.com.ar\/sitio\/wp-json\/wp\/v2\/posts\/49951","targetHints":{"allow":["GET"]}}],"collection":[{"href":"https:\/\/vocesparalelas.com.ar\/sitio\/wp-json\/wp\/v2\/posts"}],"about":[{"href":"https:\/\/vocesparalelas.com.ar\/sitio\/wp-json\/wp\/v2\/types\/post"}],"author":[{"embeddable":true,"href":"https:\/\/vocesparalelas.com.ar\/sitio\/wp-json\/wp\/v2\/users\/3"}],"replies":[{"embeddable":true,"href":"https:\/\/vocesparalelas.com.ar\/sitio\/wp-json\/wp\/v2\/comments?post=49951"}],"version-history":[{"count":1,"href":"https:\/\/vocesparalelas.com.ar\/sitio\/wp-json\/wp\/v2\/posts\/49951\/revisions"}],"predecessor-version":[{"id":49953,"href":"https:\/\/vocesparalelas.com.ar\/sitio\/wp-json\/wp\/v2\/posts\/49951\/revisions\/49953"}],"wp:featuredmedia":[{"embeddable":true,"href":"https:\/\/vocesparalelas.com.ar\/sitio\/wp-json\/wp\/v2\/media\/40320"}],"wp:attachment":[{"href":"https:\/\/vocesparalelas.com.ar\/sitio\/wp-json\/wp\/v2\/media?parent=49951"}],"wp:term":[{"taxonomy":"category","embeddable":true,"href":"https:\/\/vocesparalelas.com.ar\/sitio\/wp-json\/wp\/v2\/categories?post=49951"},{"taxonomy":"post_tag","embeddable":true,"href":"https:\/\/vocesparalelas.com.ar\/sitio\/wp-json\/wp\/v2\/tags?post=49951"}],"curies":[{"name":"wp","href":"https:\/\/api.w.org\/{rel}","templated":true}]}}