{"id":49939,"date":"2022-06-16T21:47:22","date_gmt":"2022-06-17T00:47:22","guid":{"rendered":"https:\/\/vocesparalelas.com.ar\/sitio\/?p=49939"},"modified":"2022-06-16T21:55:30","modified_gmt":"2022-06-17T00:55:30","slug":"a-su-regreso-de-canada-el-gobernador-de-san-juan-dr-sergio-unac-se-reunio-con-el-vicegobernador-cpn-roberto-gattoni","status":"publish","type":"post","link":"https:\/\/vocesparalelas.com.ar\/sitio\/a-su-regreso-de-canada-el-gobernador-de-san-juan-dr-sergio-unac-se-reunio-con-el-vicegobernador-cpn-roberto-gattoni\/","title":{"rendered":"A su regreso de Canad\u00e1, el Gobernador de San Juan, Dr. Sergio U\u00f1ac se reuni\u00f3 con el vicegobernador CPN Roberto Gattoni"},"content":{"rendered":"<p>La reuni\u00f3n de trabajo se desarroll\u00f3 en Casa de Gobierno, tras la participaci\u00f3n del gobernador en la Feria Internacional de Miner\u00eda en Canad\u00e1, calificada como un \u00e9xito.<\/p>\n<p>El gobernador Dr. Sergio U\u00f1ac mantuvo en la tarde del Jueves, 16 de Junio, una reuni\u00f3n con el vicegobernador CPN Roberto Gattoni, donde abordaron la situaci\u00f3n provincial y nacional.<\/p>\n<p>Tras el encuentro, desarrollado en el despacho privado del gobernador, el CPN Gattoni explic\u00f3 que \u201cse trat\u00f3 de una reuni\u00f3n de trabajo donde hemos repasado lo que hemos hecho en la semana; lo puse al tanto de las cuestiones que han ocurrido\u00bb.<\/p>\n<p>Agreg\u00f3 que \u201cel gobernador se mostr\u00f3 muy satisfecho con el \u00e9xito de la misi\u00f3n de San Juan en la Feria Internacional de Miner\u00eda y la ponderaci\u00f3n que las empresas, los inversionistas, tienen de San Juan. Realmente nos llena de orgullo\u00bb.<\/p>\n<p>Para cerrar, dijo que \u201cel gobernador ha podido palpar el inter\u00e9s de los inversores mineros en la provincia de San Juan. Se ratifica la calificaci\u00f3n que las consultoras le dan a San Juan como uno de los mejores destinos para inversiones mineras del mundo\u00bb.<\/p>\n<p>&nbsp;<\/p>\n<p>&nbsp;<\/p>\n<p>&nbsp;<\/p>\n","protected":false},"excerpt":{"rendered":"<p>La reuni\u00f3n de trabajo se desarroll\u00f3 en Casa de Gobierno, tras la participaci\u00f3n del gobernador en la Feria Internacional de<\/p>\n","protected":false},"author":3,"featured_media":49941,"comment_status":"closed","ping_status":"closed","sticky":false,"template":"","format":"standard","meta":{"_acf_changed":false,"_seopress_robots_primary_cat":"none","_seopress_titles_title":"","_seopress_titles_desc":"","_seopress_robots_index":"","colormag_page_container_layout":"default_layout","colormag_page_sidebar_layout":"default_layout","footnotes":""},"categories":[1],"tags":[],"class_list":["post-49939","post","type-post","status-publish","format-standard","has-post-thumbnail","hentry","category-destacadas"],"acf":[],"_links":{"self":[{"href":"https:\/\/vocesparalelas.com.ar\/sitio\/wp-json\/wp\/v2\/posts\/49939","targetHints":{"allow":["GET"]}}],"collection":[{"href":"https:\/\/vocesparalelas.com.ar\/sitio\/wp-json\/wp\/v2\/posts"}],"about":[{"href":"https:\/\/vocesparalelas.com.ar\/sitio\/wp-json\/wp\/v2\/types\/post"}],"author":[{"embeddable":true,"href":"https:\/\/vocesparalelas.com.ar\/sitio\/wp-json\/wp\/v2\/users\/3"}],"replies":[{"embeddable":true,"href":"https:\/\/vocesparalelas.com.ar\/sitio\/wp-json\/wp\/v2\/comments?post=49939"}],"version-history":[{"count":1,"href":"https:\/\/vocesparalelas.com.ar\/sitio\/wp-json\/wp\/v2\/posts\/49939\/revisions"}],"predecessor-version":[{"id":49942,"href":"https:\/\/vocesparalelas.com.ar\/sitio\/wp-json\/wp\/v2\/posts\/49939\/revisions\/49942"}],"wp:featuredmedia":[{"embeddable":true,"href":"https:\/\/vocesparalelas.com.ar\/sitio\/wp-json\/wp\/v2\/media\/49941"}],"wp:attachment":[{"href":"https:\/\/vocesparalelas.com.ar\/sitio\/wp-json\/wp\/v2\/media?parent=49939"}],"wp:term":[{"taxonomy":"category","embeddable":true,"href":"https:\/\/vocesparalelas.com.ar\/sitio\/wp-json\/wp\/v2\/categories?post=49939"},{"taxonomy":"post_tag","embeddable":true,"href":"https:\/\/vocesparalelas.com.ar\/sitio\/wp-json\/wp\/v2\/tags?post=49939"}],"curies":[{"name":"wp","href":"https:\/\/api.w.org\/{rel}","templated":true}]}}