{"id":49934,"date":"2022-06-16T21:40:13","date_gmt":"2022-06-17T00:40:13","guid":{"rendered":"https:\/\/vocesparalelas.com.ar\/sitio\/?p=49934"},"modified":"2022-06-16T21:40:39","modified_gmt":"2022-06-17T00:40:39","slug":"700-millones-a-repartir-entre-los-19-municipios-de-la-provincia-de-san-juan-para-el-aumento-salarial","status":"publish","type":"post","link":"https:\/\/vocesparalelas.com.ar\/sitio\/700-millones-a-repartir-entre-los-19-municipios-de-la-provincia-de-san-juan-para-el-aumento-salarial\/","title":{"rendered":"$700 millones a repartir entre los 19 municipios de la provincia de San Juan para el aumento salarial"},"content":{"rendered":"<div class=\"itemFullText\">\n<p>En l\u00ednea con el decreto del Ejecutivo provincial que defini\u00f3 la suba salarial a los trabajadores de la administraci\u00f3n p\u00fablica provincial \u2013docentes y no docentes- el gobernador de San Juan, Dr. Sergio U\u00f1ac, dispuso una suma proyectada de $700 millones a repartir entre los 19 municipios de la provincia para que cuenten con fondos que puedan destinar a mejorar los sueldos de sus empleados.<\/p>\n<p>De este modo, en el mes de Junio se realizar\u00e1 una primera entrega de 230 millones, comunic\u00f3 el 16 de Junio de 2022, en conferencia de Prensa la ministro de Hacienda y Finanzas del Gobierno de San Juan, CPN Marisa L\u00f3pez, quien estuvo acompa\u00f1ada por el\u00a0Secretario de Hacienda y Finanzas, CPN Gerardo Torrent Cuart y la\u00a0Secretaria de la Gesti\u00f3n P\u00fablica, CPN Mar\u00eda Lorena L\u00f3pez Fredes.<\/p>\n<p>.<\/p>\n<p><iframe loading=\"lazy\" title=\"SAN JUAN MINISTRO HACIENDA CPN MARISA L\u00d3PEZ\" width=\"800\" height=\"450\" src=\"https:\/\/www.youtube.com\/embed\/WJeK9prrRuM?feature=oembed\" frameborder=\"0\" allow=\"accelerometer; autoplay; clipboard-write; encrypted-media; gyroscope; picture-in-picture\" allowfullscreen><\/iframe><\/p>\n<p>En una primera instancia se trata de poco m\u00e1s de $700 millones proyectados que se entregar\u00e1n en cuotas a los municipios. La pr\u00f3xima semana se convocar\u00e1 a cada uno de los municipios para analizar y acordar las distintas ayudas.<\/p>\n<p>\u201cLa previsi\u00f3n y la planificaci\u00f3n nos permiten poder usar ahora el Fondo de Emergencia Municipal para que todos los trabajadores municipales tengan su recomposici\u00f3n salarial. Sabemos de su esfuerzo para ganarle a la crisis que nos atraviesa en todo el pa\u00eds y queremos que tengan los mismos beneficios que los trabajadores del Estado\u201d, comunico U\u00f1ac a la titular de Hacienda.<\/p>\n<p>Es un auxilio importante para los municipios, que se repartir\u00e1 50 % en funci\u00f3n de la coparticipaci\u00f3n y 50 % en funci\u00f3n de la planta de trabajadores, se trata de articular esfuerzos para poder superar la situaci\u00f3n, ya que el desfasaje en el presupuesto, producto del importante aumento salarial otorgado a los estatales provinciales del 65 %, tambi\u00e9n lo sufren los municipios.<\/p>\n<p>La ministra de Hacienda y Finanzas de la provincia, Marisa L\u00f3pez, explic\u00f3 que esta es una primera medida, tomada por el gobernador, que busca distribuir los fondos de Emergencia Municipales. Este fondo, tal como su nombre lo indica, es una ayuda para casos de emergencia que permita superar la coyuntura, de modo que puedan hacer frente al aumento salarial sin perder de vista que el esfuerzo debe ser compartido: provincia y municipios.<\/p>\n<p>\u201cNosotros entendemos que el aumento pone a cada municipio en dificultades financieras, al igual que la provincia. La pr\u00f3xima semana, una vez que la provincia tenga reestructurado el presupuesto, vamos a convocar a cada uno de los municipios para analizar y acordar las distintas asistencias\u201d, explic\u00f3 la ministra.<\/p>\n<p>Aunque en esta primera instancia, se han proyectado 700 millones, la distribuci\u00f3n final va a ser producto del estudio que a partir de la pr\u00f3xima semana se realizar\u00e1 con cada uno de los municipios, \u201cTenemos que tener en cuenta que este auxilio a los municipios no se agota en esta distribuci\u00f3n, como lo dice su nombre, es una salida de emergencia\u00bb reiter\u00f3 L\u00f3pez.<\/p>\n<p>En la primera entrega ser\u00e1n $230 millones, con esta medida se lleva tranquilidad a los municipios para el pago de junio (sueldo y aguinaldo), todo conforme a la distribuci\u00f3n de cada uno en funci\u00f3n de sus acuerdos salariales.<\/p>\n<p>Finalmente la ministra record\u00f3 que fue durante esta gesti\u00f3n de Sergio U\u00f1ac cuando se sancion\u00f3 la nueva Ley de Coparticipaci\u00f3n Municipal, que brinda herramientas para la planificaci\u00f3n efectiva de recursos a largo plazo por cada uno de los municipios y la transparencia en el uso de fondos. En la b\u00fasqueda de un reparto m\u00e1s justo y equitativo, la norma establece que el porcentaje de la distribuci\u00f3n se realice en base a la poblaci\u00f3n, mientras que el restante es distribuido en base a las necesidades b\u00e1sicas insatisfechas.<\/p>\n<p><strong><span style=\"color: #339966;\">Aumento hist\u00f3rico<\/span><\/strong><\/p>\n<p>El 8 de Junio de 2022, el gobernador de San Juan, Dr. Sergio U\u00f1ac anunci\u00f3 que los empleados estatales recibir\u00edan (por decreto) un aumento del 40 % todo junto en el pago de junio, que se suma al 25 % ya otorgado; siendo la \u00fanica provincia del pa\u00eds hasta el momento en dar una recomposici\u00f3n salarial del 65 % en 2022.<\/p>\n<p>Esta medida impactar\u00e1 en el aguinaldo que se pagar\u00e1 el 24 de junio, adem\u00e1s se incrementar\u00e1n las asignaciones familiares un 130 %, entre otros \u00edtems definidos para todos los estatales.<\/p>\n<p>Ese decreto provincial tambi\u00e9n llev\u00f3 el Salario M\u00ednimo Garantizado del maestro de grado a $71.500 a partir de Junio y llegar\u00e1 a $88.920 en diciembre de 2022. En funci\u00f3n del 30 % que el salario de San Juan debe superar a la paritaria nacional.<\/p>\n<\/div>\n<div class=\"clr\"><\/div>\n<div class=\"itemContentFooter\"><span class=\"itemDateModified\">Publicado el Jueves, 16 de Junio de 2022\u00a0<\/span><\/div>\n","protected":false},"excerpt":{"rendered":"<p>En l\u00ednea con el decreto del Ejecutivo provincial que defini\u00f3 la suba salarial a los trabajadores de la administraci\u00f3n p\u00fablica<\/p>\n","protected":false},"author":3,"featured_media":49936,"comment_status":"closed","ping_status":"closed","sticky":false,"template":"","format":"video","meta":{"_acf_changed":false,"_seopress_robots_primary_cat":"none","_seopress_titles_title":"","_seopress_titles_desc":"","_seopress_robots_index":"","colormag_page_container_layout":"default_layout","colormag_page_sidebar_layout":"default_layout","footnotes":""},"categories":[1,7],"tags":[],"class_list":["post-49934","post","type-post","status-publish","format-video","has-post-thumbnail","hentry","category-destacadas","category-videos","post_format-post-format-video"],"acf":[],"_links":{"self":[{"href":"https:\/\/vocesparalelas.com.ar\/sitio\/wp-json\/wp\/v2\/posts\/49934","targetHints":{"allow":["GET"]}}],"collection":[{"href":"https:\/\/vocesparalelas.com.ar\/sitio\/wp-json\/wp\/v2\/posts"}],"about":[{"href":"https:\/\/vocesparalelas.com.ar\/sitio\/wp-json\/wp\/v2\/types\/post"}],"author":[{"embeddable":true,"href":"https:\/\/vocesparalelas.com.ar\/sitio\/wp-json\/wp\/v2\/users\/3"}],"replies":[{"embeddable":true,"href":"https:\/\/vocesparalelas.com.ar\/sitio\/wp-json\/wp\/v2\/comments?post=49934"}],"version-history":[{"count":1,"href":"https:\/\/vocesparalelas.com.ar\/sitio\/wp-json\/wp\/v2\/posts\/49934\/revisions"}],"predecessor-version":[{"id":49937,"href":"https:\/\/vocesparalelas.com.ar\/sitio\/wp-json\/wp\/v2\/posts\/49934\/revisions\/49937"}],"wp:featuredmedia":[{"embeddable":true,"href":"https:\/\/vocesparalelas.com.ar\/sitio\/wp-json\/wp\/v2\/media\/49936"}],"wp:attachment":[{"href":"https:\/\/vocesparalelas.com.ar\/sitio\/wp-json\/wp\/v2\/media?parent=49934"}],"wp:term":[{"taxonomy":"category","embeddable":true,"href":"https:\/\/vocesparalelas.com.ar\/sitio\/wp-json\/wp\/v2\/categories?post=49934"},{"taxonomy":"post_tag","embeddable":true,"href":"https:\/\/vocesparalelas.com.ar\/sitio\/wp-json\/wp\/v2\/tags?post=49934"}],"curies":[{"name":"wp","href":"https:\/\/api.w.org\/{rel}","templated":true}]}}