{"id":49927,"date":"2022-06-16T00:22:57","date_gmt":"2022-06-16T03:22:57","guid":{"rendered":"https:\/\/vocesparalelas.com.ar\/sitio\/?p=49927"},"modified":"2022-06-16T00:22:57","modified_gmt":"2022-06-16T03:22:57","slug":"la-embajadora-de-francia-en-la-republica-argentina-claudia-scherer-effosse-en-san-juan","status":"publish","type":"post","link":"https:\/\/vocesparalelas.com.ar\/sitio\/la-embajadora-de-francia-en-la-republica-argentina-claudia-scherer-effosse-en-san-juan\/","title":{"rendered":"La Embajadora de Francia en la Rep\u00fablica Argentina, Claudia Scherer-Effosse en San Juan"},"content":{"rendered":"<p>En la jornada de este mi\u00e9rcoles 15 de junio, el vicegobernador en ejercicio del Poder Ejecutivo, CPN Roberto Gattoni, recibi\u00f3 los saludos protocolares de la embajadora de Francia en la Rep\u00fablica Argentina, Claudia Scherer-Effosse.<\/p>\n<p>La ceremonia de recepci\u00f3n de la diplom\u00e1tica y su comitiva tuvo lugar en los jardines de la Casa de Gobierno. Comenz\u00f3 con la revista y saludo por parte de Gattoni a los efectivos formados de la Guardia de Infanter\u00eda, cadetes de la Escuela de Polic\u00eda, con bandera y Banda de la Polic\u00eda de la provincia de San Juan.<\/p>\n<p><iframe loading=\"lazy\" title=\"La embajadora de  Francia en Argentina present\u00f3 sus saludos al vicegobernador\" width=\"800\" height=\"450\" src=\"https:\/\/www.youtube.com\/embed\/vaHld4zkJXM?feature=oembed\" frameborder=\"0\" allow=\"accelerometer; autoplay; clipboard-write; encrypted-media; gyroscope; picture-in-picture\" allowfullscreen><\/iframe><\/p>\n<p>Posteriormente, el vicegobernador entreg\u00f3 a la embajadora, el decreto de Hu\u00e9sped Oficial y una medalla de plata confeccionada por un artista sanjuanino, con Domingo Faustino Sarmiento en una de sus caras y el Escudo de San Juan, en la otra.<\/p>\n<p>Por su parte, la diplom\u00e1tica entreg\u00f3 al vicegobernador, un libro con la historia de la gastronom\u00eda francesa.<\/p>\n<p>El encuentro continu\u00f3 con una reuni\u00f3n encabezada por Gattoni, acompa\u00f1ado por el subsecretario General de la Gobernaci\u00f3n, Luis Rueda; los ministros de Producci\u00f3n y Desarrollo Econ\u00f3mico, Ariel Lucero; de Hacienda y Finanzas, Marisa L\u00f3pez; de Educaci\u00f3n, Cecilia Trincado; titular de la Asesor\u00eda Letrada de Gobierno, Carlos Lorenzo; los secretarios de Estado de Deporte, Jorge Chica y de Cultura, Virginia Agote.<\/p>\n<p>Durante el acto, Gattoni se dirigi\u00f3 a la embajadora para darle la bienvenida y expresarle que \u201cpara nosotros, para la provincia y para los sanjuaninos es muy importante que una naci\u00f3n tan grande como Francia nos visite, representada por su embajadora. Ponemos nuestra provincia a su disposici\u00f3n. Esperamos que tenga una muy buena estad\u00eda y que podamos generar los v\u00ednculos que hagan m\u00e1s estrecha y profesa nuestra relaci\u00f3n comercial, cultural y bilateral\u201d.<\/p>\n<p>Seguidamente, Scherer-Effosse agradeci\u00f3 el recibimiento por parte de las autoridades locales y respondi\u00f3: \u201cEstoy muy contenta de poder estar en San Juan. Mi visita pone en foco un aspecto que para Francia pone a la provincia en relieve, como su dedicaci\u00f3n para difundir el idioma franc\u00e9s. Esta ma\u00f1ana abr\u00ed el congreso de los profesores de franc\u00e9s en San Juan, denominado \u201cEl franc\u00e9s, un patrimonio de todos\u201d. Un congreso muy esperado porque se demor\u00f3 un a\u00f1o debido a la pandemia, pero como todo lo que se espera mucho, uno lo disfruta mejor\u201d.<\/p>\n<p>\u201cCreo que la provincia de San Juan tiene v\u00ednculos muy importantes con Francia y estoy aqu\u00ed para ver c\u00f3mo podemos seguir buscando los caminos que nos hagan crecer en el \u00e1mbito de la cultura y la econom\u00eda y as\u00ed profundizar a\u00fan m\u00e1s esta cooperaci\u00f3n\u201d, cerr\u00f3 la embajadora.<\/p>\n<p><span style=\"color: #99cc00;\"><strong>Qui\u00e9n es la embajadora<\/strong><\/span><\/p>\n<p>Claudia Scherer-Effosse fue nombrada embajadora de Francia ante la Rep\u00fablica Argentina por decreto del 20 de mayo 2019. Tom\u00f3 posesi\u00f3n de su cargo en Buenos Aires el 12 de agosto del mismo a\u00f1o.<\/p>\n<p>Scherer-Effosse naci\u00f3 el 4 de diciembre 1966. Titulada del Instituto de Estudios Pol\u00edticos de Par\u00eds, la plenipotenciaria fue admitida al concurso para acceder al puesto de secretaria adjunta de Relaciones Exteriores en 1990 y admitida al concurso para acceder al puesto de secretaria de Relaciones exteriores (Oriente) en 1994.<\/p>\n<p>Se convirti\u00f3 en 2019 en la primera mujer al frente de la embajada de Francia en Buenos Aires. Para entonces, ya hab\u00eda unas 40 embajadoras de su pa\u00eds por el mundo, gracias a una ley de 2012 que impuso que al menos el 40% de los cargos directivos sean ocupados por mujeres.<\/p>\n<p>Su carrera cuenta con distinciones: el 13 de mayo 2011 se le otorg\u00f3 el t\u00edtulo Caballero de la Orden Nacional del M\u00e9rito y el 1 de enero 2015, Caballero de la Legi\u00f3n de Honor.<\/p>\n<p>Publicado el Mi\u00e9rcoles, 15 de Junio de 2022<\/p>\n<p>&nbsp;<\/p>\n","protected":false},"excerpt":{"rendered":"<p>En la jornada de este mi\u00e9rcoles 15 de junio, el vicegobernador en ejercicio del Poder Ejecutivo, CPN Roberto Gattoni, recibi\u00f3<\/p>\n","protected":false},"author":3,"featured_media":49929,"comment_status":"closed","ping_status":"closed","sticky":false,"template":"","format":"video","meta":{"_acf_changed":false,"_seopress_robots_primary_cat":"none","_seopress_titles_title":"","_seopress_titles_desc":"","_seopress_robots_index":"","colormag_page_container_layout":"default_layout","colormag_page_sidebar_layout":"default_layout","footnotes":""},"categories":[1,7],"tags":[],"class_list":["post-49927","post","type-post","status-publish","format-video","has-post-thumbnail","hentry","category-destacadas","category-videos","post_format-post-format-video"],"acf":[],"_links":{"self":[{"href":"https:\/\/vocesparalelas.com.ar\/sitio\/wp-json\/wp\/v2\/posts\/49927","targetHints":{"allow":["GET"]}}],"collection":[{"href":"https:\/\/vocesparalelas.com.ar\/sitio\/wp-json\/wp\/v2\/posts"}],"about":[{"href":"https:\/\/vocesparalelas.com.ar\/sitio\/wp-json\/wp\/v2\/types\/post"}],"author":[{"embeddable":true,"href":"https:\/\/vocesparalelas.com.ar\/sitio\/wp-json\/wp\/v2\/users\/3"}],"replies":[{"embeddable":true,"href":"https:\/\/vocesparalelas.com.ar\/sitio\/wp-json\/wp\/v2\/comments?post=49927"}],"version-history":[{"count":1,"href":"https:\/\/vocesparalelas.com.ar\/sitio\/wp-json\/wp\/v2\/posts\/49927\/revisions"}],"predecessor-version":[{"id":49930,"href":"https:\/\/vocesparalelas.com.ar\/sitio\/wp-json\/wp\/v2\/posts\/49927\/revisions\/49930"}],"wp:featuredmedia":[{"embeddable":true,"href":"https:\/\/vocesparalelas.com.ar\/sitio\/wp-json\/wp\/v2\/media\/49929"}],"wp:attachment":[{"href":"https:\/\/vocesparalelas.com.ar\/sitio\/wp-json\/wp\/v2\/media?parent=49927"}],"wp:term":[{"taxonomy":"category","embeddable":true,"href":"https:\/\/vocesparalelas.com.ar\/sitio\/wp-json\/wp\/v2\/categories?post=49927"},{"taxonomy":"post_tag","embeddable":true,"href":"https:\/\/vocesparalelas.com.ar\/sitio\/wp-json\/wp\/v2\/tags?post=49927"}],"curies":[{"name":"wp","href":"https:\/\/api.w.org\/{rel}","templated":true}]}}