{"id":49920,"date":"2022-06-16T00:06:49","date_gmt":"2022-06-16T03:06:49","guid":{"rendered":"https:\/\/vocesparalelas.com.ar\/sitio\/?p=49920"},"modified":"2022-06-16T00:08:18","modified_gmt":"2022-06-16T03:08:18","slug":"el-modelo-san-juan-y-la-importancia-del-trabajo-conjunto-con-todos-los-sectores-en-el-pdac-2022","status":"publish","type":"post","link":"https:\/\/vocesparalelas.com.ar\/sitio\/el-modelo-san-juan-y-la-importancia-del-trabajo-conjunto-con-todos-los-sectores-en-el-pdac-2022\/","title":{"rendered":"El Modelo San Juan y la importancia del trabajo conjunto con todos los sectores en el PDAC 2022"},"content":{"rendered":"<p>La Provincia de San Juan fue uno de los distritos mineros que mayor inter\u00e9s despert\u00f3 en la feria minera m\u00e1s importante a nivel mundial. Todas las potencialidades que ofrece la provincia como su geograf\u00eda, la mano de obra calificada, un sector privado fuerte y la seguridad jur\u00eddica son los distintos aspectos que buscan los inversores para el desarrollo de la actividad, y la provincia puede mostrar todo ellos trabajando de forma armoniosa.<\/p>\n<p>Es por eso que el gobernador de San Juan, Dr. Sergio U\u00f1ac fue uno de los principales oradores en un encuentro organizado por Canciller\u00eda Argentina en el \u00faltimo d\u00eda de la PDAC 2022, denominado \u201cOportunidades y desaf\u00edos en la miner\u00eda argentina\u201d.<\/p>\n<p>El mandatario expuso sobre la diversificaci\u00f3n de la matriz productiva y la infraestructura base con la que cuenta la provincia que permite el desarrollo de diversas actividades econ\u00f3micas. \u201cSan Juan tiene una econom\u00eda diversificada, donde la miner\u00eda implica uno de los aportes m\u00e1s importantes, no solo en el producto exportable, sino su aporte al producto bruto geogr\u00e1fico. La Provincia apuesta desde hace mucho tiempo al desarrollo agr\u00edcola, espec\u00edficamente al vitivin\u00edcola, hort\u00edcola, al desarrollo de la industria, del turismo. A la gran obra p\u00fablica. En materia hidroel\u00e9ctrica, estamos construyendo un nuevo dique. Es el cuarto sobre el cauce del r\u00edo San Juan, un dique de poco caudal que nos permite mantener en movimiento la actividad econ\u00f3mica de los sanjuaninos. Desde hace un tiempo el desarrollo de la energ\u00eda renovable es una realidad. Como tambi\u00e9n el desarrollo del cannabis medicinal. Cuento esto brevemente, solo para ejemplificar que en la provincia apostamos a la miner\u00eda, pero no dejamos de lado otros puntos importantes que son necesarios para la sociedad\u201d.<\/p>\n<p>Otro de los aspectos que el gobernador destac\u00f3 fue el equilibrio fiscal con el que San Juan cuenta. \u201cHace m\u00e1s de 10 a\u00f1os que gastamos menos de lo que nos ingresa. Y eso es algo que nos permite potenciar el desarrollo de otras actividades econ\u00f3micas. La Provincia tiene un 5% de desocupaci\u00f3n en la actualidad\u201d.<\/p>\n<p>Para cerrar, expres\u00f3 la importancia del trabajo en conjunto con todos los sectores de la sociedad y tambi\u00e9n con todas las provincias del pa\u00eds. \u201cSan Juan tiene el desarrollo de algunas minerales como plata, oro y cobre. Pero tambi\u00e9n las otras provincias tienen otras ofertas para que puedan ver a la argentina y San Juan como un lugar atractivo para las inversiones. Por eso los invitamos a que vengan a nuestra provincia, la conozcan y vean todo lo que tiene para ofrecer, para que juntos logremos el crecimiento de todos los sanjuaninos\u201d.<\/p>\n<p><img loading=\"lazy\" decoding=\"async\" class=\"alignnone size-full wp-image-49922\" src=\"https:\/\/vocesparalelas.com.ar\/sitio\/wp-content\/uploads\/2022\/06\/CANADA-SAN-JUAN-04.jpg\" alt=\"\" width=\"800\" height=\"533\" srcset=\"https:\/\/vocesparalelas.com.ar\/sitio\/wp-content\/uploads\/2022\/06\/CANADA-SAN-JUAN-04.jpg 800w, https:\/\/vocesparalelas.com.ar\/sitio\/wp-content\/uploads\/2022\/06\/CANADA-SAN-JUAN-04-300x200.jpg 300w, https:\/\/vocesparalelas.com.ar\/sitio\/wp-content\/uploads\/2022\/06\/CANADA-SAN-JUAN-04-768x512.jpg 768w\" sizes=\"auto, (max-width: 800px) 100vw, 800px\" \/><\/p>\n<p>Publicado el Mi\u00e9rcoles, 15 de Junio de 2022<\/p>\n","protected":false},"excerpt":{"rendered":"<p>La Provincia de San Juan fue uno de los distritos mineros que mayor inter\u00e9s despert\u00f3 en la feria minera m\u00e1s<\/p>\n","protected":false},"author":3,"featured_media":49925,"comment_status":"closed","ping_status":"closed","sticky":false,"template":"","format":"standard","meta":{"_acf_changed":false,"_seopress_robots_primary_cat":"none","_seopress_titles_title":"","_seopress_titles_desc":"","_seopress_robots_index":"","colormag_page_container_layout":"default_layout","colormag_page_sidebar_layout":"default_layout","footnotes":""},"categories":[1],"tags":[],"class_list":["post-49920","post","type-post","status-publish","format-standard","has-post-thumbnail","hentry","category-destacadas"],"acf":[],"_links":{"self":[{"href":"https:\/\/vocesparalelas.com.ar\/sitio\/wp-json\/wp\/v2\/posts\/49920","targetHints":{"allow":["GET"]}}],"collection":[{"href":"https:\/\/vocesparalelas.com.ar\/sitio\/wp-json\/wp\/v2\/posts"}],"about":[{"href":"https:\/\/vocesparalelas.com.ar\/sitio\/wp-json\/wp\/v2\/types\/post"}],"author":[{"embeddable":true,"href":"https:\/\/vocesparalelas.com.ar\/sitio\/wp-json\/wp\/v2\/users\/3"}],"replies":[{"embeddable":true,"href":"https:\/\/vocesparalelas.com.ar\/sitio\/wp-json\/wp\/v2\/comments?post=49920"}],"version-history":[{"count":1,"href":"https:\/\/vocesparalelas.com.ar\/sitio\/wp-json\/wp\/v2\/posts\/49920\/revisions"}],"predecessor-version":[{"id":49923,"href":"https:\/\/vocesparalelas.com.ar\/sitio\/wp-json\/wp\/v2\/posts\/49920\/revisions\/49923"}],"wp:featuredmedia":[{"embeddable":true,"href":"https:\/\/vocesparalelas.com.ar\/sitio\/wp-json\/wp\/v2\/media\/49925"}],"wp:attachment":[{"href":"https:\/\/vocesparalelas.com.ar\/sitio\/wp-json\/wp\/v2\/media?parent=49920"}],"wp:term":[{"taxonomy":"category","embeddable":true,"href":"https:\/\/vocesparalelas.com.ar\/sitio\/wp-json\/wp\/v2\/categories?post=49920"},{"taxonomy":"post_tag","embeddable":true,"href":"https:\/\/vocesparalelas.com.ar\/sitio\/wp-json\/wp\/v2\/tags?post=49920"}],"curies":[{"name":"wp","href":"https:\/\/api.w.org\/{rel}","templated":true}]}}