{"id":49917,"date":"2022-06-15T23:57:05","date_gmt":"2022-06-16T02:57:05","guid":{"rendered":"https:\/\/vocesparalelas.com.ar\/sitio\/?p=49917"},"modified":"2022-06-17T14:47:39","modified_gmt":"2022-06-17T17:47:39","slug":"jornada-experiencias-de-practicas-socioeducativas-en-universidades-publicas","status":"publish","type":"post","link":"https:\/\/vocesparalelas.com.ar\/sitio\/jornada-experiencias-de-practicas-socioeducativas-en-universidades-publicas\/","title":{"rendered":"Jornada \u00abExperiencias de Pr\u00e1cticas Socioeducativas en Universidades P\u00fablicas\u00bb"},"content":{"rendered":"<p>La Secretar\u00eda de Extensi\u00f3n Universitaria de la Universidad Nacional de San Juan invita a participar de la Jornada \u00abExperiencias de Pr\u00e1cticas Socioeducativas en Universidades P\u00fablicas\u00bb, organizada en el marco del programa de fortalecimiento \u00abM\u00e1s Extensi\u00f3n\u00bb.<\/p>\n<p>Se realiza de manera presencial el Martes, 21 de Junio, de 9 a 13 hs.; con almuerzo y de 14 a 17 hs., y el Mi\u00e9rcoles, 22 de Junio, de 9 a 13 hs.; en el hall de Edificio Central UNSJ, Mitre 396 &#8211; E &#8211; Capital.<\/p>\n<p>Cuenta con la participaci\u00f3n de docentes de la Universidad Nacional de Cuyo, la Universidad Aut\u00f3noma de Entre R\u00edos, Universidad Provincial de C\u00f3rdoba y Universidad Nacional de Mar del Plata, quienes exponen sobre diversas experiencias de implementaci\u00f3n de pr\u00e1cticas socioeducativas &#8211; PSE &#8211; en sus universidades.<\/p>\n<p>Tambi\u00e9n se suman a la exposici\u00f3n diversas experiencias potenciales de extensi\u00f3n de la UNSJ posibles de adecuarse a las PSE.<\/p>\n<p>La jornada es gratuita y con entrega de certificaci\u00f3n, para lo cual se solicita completar el formulario<\/p>\n<p><a href=\"https:\/\/docs.google.com\/forms\/d\/e\/1FAIpQLScjpz3won9JHc96Lo3h28HEAK-NHJWhGWax_clxAHNdFGk4pw\/viewform\">https:\/\/docs.google.com\/forms\/d\/e\/1FAIpQLScjpz3won9JHc96Lo3h28HEAK-NHJWhGWax_clxAHNdFGk4pw\/viewform<\/a><\/p>\n<p><span style=\"color: #00ff00;\"><strong>Para m\u00e1s informaci\u00f3n<\/strong><\/span><\/p>\n<p><a href=\"consultasextensionunsj@gmail.com\">consultasextensionunsj@gmail.com<\/a><\/p>\n<p>&nbsp;<\/p>\n<p>Publicado el Mi\u00e9rcoles, 15 de Junio de 2022<\/p>\n","protected":false},"excerpt":{"rendered":"<p>La Secretar\u00eda de Extensi\u00f3n Universitaria de la Universidad Nacional de San Juan invita a participar de la Jornada \u00abExperiencias de<\/p>\n","protected":false},"author":3,"featured_media":37900,"comment_status":"closed","ping_status":"closed","sticky":false,"template":"","format":"standard","meta":{"_acf_changed":false,"_seopress_robots_primary_cat":"none","_seopress_titles_title":"","_seopress_titles_desc":"","_seopress_robots_index":"","colormag_page_container_layout":"default_layout","colormag_page_sidebar_layout":"default_layout","footnotes":""},"categories":[9],"tags":[],"class_list":["post-49917","post","type-post","status-publish","format-standard","has-post-thumbnail","hentry","category-cursos"],"acf":[],"_links":{"self":[{"href":"https:\/\/vocesparalelas.com.ar\/sitio\/wp-json\/wp\/v2\/posts\/49917","targetHints":{"allow":["GET"]}}],"collection":[{"href":"https:\/\/vocesparalelas.com.ar\/sitio\/wp-json\/wp\/v2\/posts"}],"about":[{"href":"https:\/\/vocesparalelas.com.ar\/sitio\/wp-json\/wp\/v2\/types\/post"}],"author":[{"embeddable":true,"href":"https:\/\/vocesparalelas.com.ar\/sitio\/wp-json\/wp\/v2\/users\/3"}],"replies":[{"embeddable":true,"href":"https:\/\/vocesparalelas.com.ar\/sitio\/wp-json\/wp\/v2\/comments?post=49917"}],"version-history":[{"count":2,"href":"https:\/\/vocesparalelas.com.ar\/sitio\/wp-json\/wp\/v2\/posts\/49917\/revisions"}],"predecessor-version":[{"id":49926,"href":"https:\/\/vocesparalelas.com.ar\/sitio\/wp-json\/wp\/v2\/posts\/49917\/revisions\/49926"}],"wp:featuredmedia":[{"embeddable":true,"href":"https:\/\/vocesparalelas.com.ar\/sitio\/wp-json\/wp\/v2\/media\/37900"}],"wp:attachment":[{"href":"https:\/\/vocesparalelas.com.ar\/sitio\/wp-json\/wp\/v2\/media?parent=49917"}],"wp:term":[{"taxonomy":"category","embeddable":true,"href":"https:\/\/vocesparalelas.com.ar\/sitio\/wp-json\/wp\/v2\/categories?post=49917"},{"taxonomy":"post_tag","embeddable":true,"href":"https:\/\/vocesparalelas.com.ar\/sitio\/wp-json\/wp\/v2\/tags?post=49917"}],"curies":[{"name":"wp","href":"https:\/\/api.w.org\/{rel}","templated":true}]}}