{"id":49911,"date":"2022-06-15T23:35:02","date_gmt":"2022-06-16T02:35:02","guid":{"rendered":"https:\/\/vocesparalelas.com.ar\/sitio\/?p=49911"},"modified":"2022-06-15T23:50:50","modified_gmt":"2022-06-16T02:50:50","slug":"un-balance-muy-positivo-de-la-participacion-de-san-juan-en-el-pdac-toronto-canada","status":"publish","type":"post","link":"https:\/\/vocesparalelas.com.ar\/sitio\/un-balance-muy-positivo-de-la-participacion-de-san-juan-en-el-pdac-toronto-canada\/","title":{"rendered":"Un balance muy positivo de la participaci\u00f3n de San Juan en el PDAC, Toronto, Canad\u00e1"},"content":{"rendered":"<p>Luego de tres d\u00edas cargados de actividad en Toronto, Canad\u00e1, donde se realiz\u00f3 una nueva edici\u00f3n de la PDAC, el gobernador de San Juan, Dr. Sergio U\u00f1ac, realiz\u00f3 un balance de la participaci\u00f3n de la Delegaci\u00f3n de San Juan integrada por representantes de empresas y trabajadores que tambi\u00e9n fueron parte del encuentro.<\/p>\n<p>En ese marco, San Juan fue la provincia de la Argentina con mayor representaci\u00f3n del sector privado local, ratificando su potencial geol\u00f3gico, la seguridad jur\u00eddica y el acompa\u00f1amiento de la sociedad, condiciones que hacen de San Juan un lugar donde las inversiones mineras se incrementan a\u00f1o tras a\u00f1o.<\/p>\n<p>No son los \u00fanicos factores que buscan inversores de todo el mundo, otro aspecto fundamental es cuan desarrollada esta la cadena de proveedores locales que pueden permitir el crecimiento de cualquier proyecto minero, aspecto en el que tambi\u00e9n se destaca la provincia.<\/p>\n<p><iframe loading=\"lazy\" title=\"La delegaci\u00f3n sanjuanina hizo un balance positivo de su participaci\u00f3n en el PDAC\" width=\"800\" height=\"450\" src=\"https:\/\/www.youtube.com\/embed\/S4fXWlim51c?feature=oembed\" frameborder=\"0\" allow=\"accelerometer; autoplay; clipboard-write; encrypted-media; gyroscope; picture-in-picture\" allowfullscreen><\/iframe><\/p>\n<p>El primer mandatario de San Juan agradeci\u00f3 la participaci\u00f3n de la comitiva sanjuanina y se mostr\u00f3 \u201corgulloso de formar parte de una provincia que est\u00e1 marcando un camino. Hoy, sobre el cierre, podemos decir que San Juan se ha destacado en esta feria minera y no solo por un sector, sino por un todo social. Me parece que eso marca c\u00f3mo estamos construyendo San Juan los sanjuaninos\u201d.<\/p>\n<p>M\u00e1s de 20 empresas locales viajaron hasta Toronto para acompa\u00f1ar al Gobierno provincial en la b\u00fasqueda de lograr m\u00e1s y mejores herramientas para el desarrollo de la miner\u00eda en San Juan.<\/p>\n<p>La delegaci\u00f3n local estuvo integrada, entre otros, por el ministro de Miner\u00eda, Carlos Astudillo; el secretario de Relaciones Institucionales, Marcelo Fretes; el titular del Instituto de Exploraciones y Explotaciones Mineras (IPEEM), Eduardo Machuca; la gerenta general de Banco San Juan, CPN Silvina Bellantig; la especialista en miner\u00eda e integrante de la Unidad Minera del Grupo Petersen, Laura R\u00f3polo; el presidente de la C\u00e1mara Argentina de la Construcci\u00f3n Delegaci\u00f3n San Juan, Ing. Juli\u00e1n Rins; el secretario general de la Asociaci\u00f3n Sindical del Personal Jer\u00e1rquico, Profesional y T\u00e9cnico de la Actividad Minera Argentina &#8211; Asijemin -, el titular de la C\u00e1mara de Empresas Perforadoras &#8211; Caperfo -, Dr. Wbaldino Acosta; el presidente la C\u00e1mara de Servicios Mineros (Casemi), Daniel C\u00e1rcamo, junto a Alejandro Donna y Nicol\u00e1s Goransky, integrantes la entidad.<\/p>\n<p>A modo de balance, el gobernador resalt\u00f3 que \u201cSan Juan tiene un sector privado potente, con un sector privado que se ha aggiornado y trabajadores calificados. En conjunto hemos logrado esa sinergia que ha determinado que San Juan sea una tierra minera en serio, que respete condiciones y que cuando las cambi\u00f3, fue para mejor\u201d.<\/p>\n<p>Para cerrar, el Dr. U\u00f1ac consider\u00f3 que \u00abla posici\u00f3n alcanzada por la Provincia en el \u00edndice Fraser, que la ubica como el mejor destino para el desarrollo en Am\u00e9rica Latina de la miner\u00eda, \u201ces algo que hemos logrado entre todos y debemos seguir trabajando entre todos para seguir siendo uno de los distritos m\u00e1s atractivos del mundo para las inversiones mineras\u201d.<\/p>\n<p>Por su parte, el presidente de Casemi, Daniel C\u00e1rcamo se\u00f1al\u00f3 que \u00abla participaci\u00f3n de San Juan en esta feria mundial ha sido muy positiva. Nos llevamos oportunidades de desarrollo para San Juan y esperamos poder seguir acompa\u00f1ando a la Provincia en el desarrollo de la miner\u00eda\u201d.<\/p>\n<div class=\"itemFullText\">\n<p>Como representante de los trabajadores mineros, el secretario de Asijemin Marcelo Mena destac\u00f3 que \u00abla seguridad que brinda San Juan en la actividad minera, con trabajo calificado y 100% en blanco en la actividad. Nuestros representados tienen una estabilidad que no tiene otro sector, adem\u00e1s de condiciones de higiene y seguridad con est\u00e1ndares internacionales. Si el Estado y el sector privado contin\u00faan por ese camino, en conjunto con una construcci\u00f3n colectiva como plantea el gobernador vamos a salir adelante\u201d.<\/p>\n<p>A su turno, el presidente de la C\u00e1mara de la Construcci\u00f3n, Ing. Julian Rins, asever\u00f3 que \u201cSan Juan se destaca, funciona distinto a otras jurisdicciones, es una provincia donde el orden institucional se cumple y nos permite trabajar de una forma adecuada. Hoy San Juan est\u00e1 bien posicionada y eso lo reflejan los rankings y las opiniones con las que nos hemos encontrado en esta feria\u201d.<\/p>\n<p>Por \u00faltimo, el titular de la C\u00e1mara de Perforistas, Dr. Wbaldino Acosta m\u00e1s asociada a la exploraci\u00f3n minera, resalt\u00f3 que \u00abla pol\u00edtica de Estado que apunta a que las concesiones mineras son para trabajarlas. Ha sido un gran acierto de este gobierno exigirles a las empresas que exploren, que pongan en valor los proyectos. Esto va a permitir que tengamos miner\u00eda por mucho tiempo y adem\u00e1s va a generar la mano de obra que los sanjuaninos necesitan. Por eso quiero felicitar al Estado y tambi\u00e9n a los compa\u00f1eros de diferentes c\u00e1maras por esta delegaci\u00f3n y por haber podido mostrar San Juan al mundo\u201d.<\/p>\n<figure id=\"attachment_49913\" aria-describedby=\"caption-attachment-49913\" style=\"width: 534px\" class=\"wp-caption aligncenter\"><img loading=\"lazy\" decoding=\"async\" class=\"wp-image-49913 size-large\" src=\"https:\/\/vocesparalelas.com.ar\/sitio\/wp-content\/uploads\/2022\/06\/CANADA-SAN-JUAN-01-534x800.jpg\" alt=\"\" width=\"534\" height=\"800\" srcset=\"https:\/\/vocesparalelas.com.ar\/sitio\/wp-content\/uploads\/2022\/06\/CANADA-SAN-JUAN-01-534x800.jpg 534w, https:\/\/vocesparalelas.com.ar\/sitio\/wp-content\/uploads\/2022\/06\/CANADA-SAN-JUAN-01-200x300.jpg 200w, https:\/\/vocesparalelas.com.ar\/sitio\/wp-content\/uploads\/2022\/06\/CANADA-SAN-JUAN-01.jpg 683w\" sizes=\"auto, (max-width: 534px) 100vw, 534px\" \/><figcaption id=\"caption-attachment-49913\" class=\"wp-caption-text\">La Delegaci\u00f3n de San Juan liderada por el Gobernador, Dr. Sergio U\u00f1ac en la PDAC, Toronto, Canad\u00e1.<\/figcaption><\/figure>\n<\/div>\n<div class=\"clr\"><\/div>\n<div class=\"itemContentFooter\"><span class=\"itemDateModified\">Publicado el Mi\u00e9rcoles, 15 de Junio de 2022\u00a0<\/span><\/div>\n","protected":false},"excerpt":{"rendered":"<p>Luego de tres d\u00edas cargados de actividad en Toronto, Canad\u00e1, donde se realiz\u00f3 una nueva edici\u00f3n de la PDAC, el<\/p>\n","protected":false},"author":3,"featured_media":49914,"comment_status":"closed","ping_status":"closed","sticky":false,"template":"","format":"video","meta":{"_acf_changed":false,"_seopress_robots_primary_cat":"none","_seopress_titles_title":"","_seopress_titles_desc":"","_seopress_robots_index":"","colormag_page_container_layout":"default_layout","colormag_page_sidebar_layout":"default_layout","footnotes":""},"categories":[1,7],"tags":[],"class_list":["post-49911","post","type-post","status-publish","format-video","has-post-thumbnail","hentry","category-destacadas","category-videos","post_format-post-format-video"],"acf":[],"_links":{"self":[{"href":"https:\/\/vocesparalelas.com.ar\/sitio\/wp-json\/wp\/v2\/posts\/49911","targetHints":{"allow":["GET"]}}],"collection":[{"href":"https:\/\/vocesparalelas.com.ar\/sitio\/wp-json\/wp\/v2\/posts"}],"about":[{"href":"https:\/\/vocesparalelas.com.ar\/sitio\/wp-json\/wp\/v2\/types\/post"}],"author":[{"embeddable":true,"href":"https:\/\/vocesparalelas.com.ar\/sitio\/wp-json\/wp\/v2\/users\/3"}],"replies":[{"embeddable":true,"href":"https:\/\/vocesparalelas.com.ar\/sitio\/wp-json\/wp\/v2\/comments?post=49911"}],"version-history":[{"count":1,"href":"https:\/\/vocesparalelas.com.ar\/sitio\/wp-json\/wp\/v2\/posts\/49911\/revisions"}],"predecessor-version":[{"id":49915,"href":"https:\/\/vocesparalelas.com.ar\/sitio\/wp-json\/wp\/v2\/posts\/49911\/revisions\/49915"}],"wp:featuredmedia":[{"embeddable":true,"href":"https:\/\/vocesparalelas.com.ar\/sitio\/wp-json\/wp\/v2\/media\/49914"}],"wp:attachment":[{"href":"https:\/\/vocesparalelas.com.ar\/sitio\/wp-json\/wp\/v2\/media?parent=49911"}],"wp:term":[{"taxonomy":"category","embeddable":true,"href":"https:\/\/vocesparalelas.com.ar\/sitio\/wp-json\/wp\/v2\/categories?post=49911"},{"taxonomy":"post_tag","embeddable":true,"href":"https:\/\/vocesparalelas.com.ar\/sitio\/wp-json\/wp\/v2\/tags?post=49911"}],"curies":[{"name":"wp","href":"https:\/\/api.w.org\/{rel}","templated":true}]}}