{"id":49897,"date":"2022-06-15T21:38:59","date_gmt":"2022-06-16T00:38:59","guid":{"rendered":"https:\/\/vocesparalelas.com.ar\/sitio\/?p=49897"},"modified":"2022-06-15T21:38:59","modified_gmt":"2022-06-16T00:38:59","slug":"distinciones-a-ciudadanos-de-san-juan-en-la-camara-de-diputados","status":"publish","type":"post","link":"https:\/\/vocesparalelas.com.ar\/sitio\/distinciones-a-ciudadanos-de-san-juan-en-la-camara-de-diputados\/","title":{"rendered":"Distinciones a ciudadanos de San Juan en la C\u00e1mara de Diputados"},"content":{"rendered":"<div class=\"itemFullText jbintrotext\">\n<p>En el marco del 460\u00ba aniversario de la Fundaci\u00f3n de San Juan, la C\u00e1mara de Diputados entreg\u00f3 las distinciones de \u201cCiudadano\/a Ilustre\u201d y \u201cPersonalidad Destacada\u201d a siete personas que han prestados servicios de gran importancia a la provincia: Eduardo Pe\u00f1afort; Oscar Alcober; Juan Carlos Bataller; Roberto Ruiz; Pedro Rodolfo Rizo; Nelly Brond de Taja; y Mario Pra Baldi. Estos reconocimientos se realizaron en cumplimiento de los art\u00edculos 6\u00ba y 7\u00ba de la Ley N\u00ba 868-F.<\/p>\n<\/div>\n<div class=\"itemFullText\">\n<p>La Sesi\u00f3n Especial estuvo presidida en forma alternada por el vicepresidente primero, diputado Eduardo Cabello y el vicepresidente segundo, diputado Carlos Platero. Acompa\u00f1aron en el sitial de presidencia, los secretarios Legislativo, Nicol\u00e1s Alvo; y Administrativo, Roberto Iglesias. Estuvieron presentes en el recinto familiares de los ciudadanos destacados.<\/p>\n<p>En primer lugar, fue realizada la presentaci\u00f3n de los candidatos a recibir el t\u00edtulo de \u201cCiudadano\/a Ilustre de la provincia de San Juan\u201d que en la ocasi\u00f3n fueron: Oscar Alcober, Eduardo Pe\u00f1afort y Juan Carlos Bataller.<\/p>\n<p>La diputada Marcela Monti fue la encargada de exponer una breve rese\u00f1a de la vida de Oscar Alcober, fil\u00f3sofo y acad\u00e9mico, Doctor Honoris Causa por la Universidad Nacional de San Juan, en reconocimiento a su trayectoria y significativo aporte a las Humanidades y las Artes en la provincia.<\/p>\n<p>Despu\u00e9s, el diputado Juan Carlos Gioja brind\u00f3 detalles de la biograf\u00eda de Eduardo Pe\u00f1afort, Doctor Ciencias Geol\u00f3gicas, Post Doctorado en Paleontolog\u00eda, en reconocimiento a su trayectoria y significativo aporte a la Investigaci\u00f3n, desarrollo y difusi\u00f3n del conocimiento cient\u00edfico del Patrimonio Natural y Cultural de la provincia de San Juan.<\/p>\n<p>Luego, la diputada Fernanda Paredes habl\u00f3 sobre la historia y aporte de Juan Carlos Bataller, periodista, escritor, empresario y gestor cultural, en reconocimiento a su extensa labor y significativa trayectoria como defensor, custodio y difusor del patrimonio hist\u00f3rico, documental y fotogr\u00e1fico de San Juan y su permanente lucha por la valoraci\u00f3n y defensa de la producci\u00f3n y consumo de productos de San Juan.<\/p>\n<p>En segunda instancia, fue desarrollada la presentaci\u00f3n de los distinguidos con el t\u00edtulo de \u201cPersonalidad Destacada de la provincia de San Juan\u201d cuya lista de nominados estuvo compuesta por: Roberto Ruiz, Pedro Rizo, Nelly Brond de Tajas y Mario Para Baldi.<\/p>\n<p>En esta oportunidad, el diputado Jorge Barifusa habl\u00f3 de la vida de Rodolfo Rizo, fot\u00f3grafo profesional de destacada trayectoria en medios gr\u00e1ficos nacionales y en reconocimiento a su valioso aporte a la cultura provincial en la realizaci\u00f3n de obras fotogr\u00e1ficas emblem\u00e1ticas de la provincia de San Juan.<\/p>\n<p>Posteriormente, el legislador Horacio Quiroga relat\u00f3 la biograf\u00eda de Mario Pra Baldi, arquitecto que realiz\u00f3 dise\u00f1os de muebles y fabricaci\u00f3n de juguetes did\u00e1cticos, y se aboc\u00f3 fundamentalmente a la docencia y a la pintura, destac\u00e1ndose en muestras individuales y colectivas en diferentes instituciones de San Juan, Mendoza y otras provincias argentinas. Tambi\u00e9n en exposiciones en Estados Unidos, Francia y Canad\u00e1.<\/p>\n<p>A continuaci\u00f3n, el diputado Andr\u00e9s Chanampa realiz\u00f3 una exposici\u00f3n de la vida de Pedro Rizo, abogado quien fue uno de los convencionales constituyentes en el a\u00f1o 1986, redact\u00f3 la Constituci\u00f3n de la provincia. Adem\u00e1s, fue diputado provincial en tres ocasiones y tambi\u00e9n Juez de Paz de Valle F\u00e9rtil durante 12 a\u00f1os y luego Juez de Paz de Albard\u00f3n hasta su jubilaci\u00f3n.<\/p>\n<p>Por \u00faltimo, el diputado Jos\u00e9 Luis Esteve present\u00f3 la vida de Nelly Brond de Tajas, la primera mujer en\u00f3loga que tuvo el pa\u00eds, nacida en San Juan. Trabaj\u00f3 en la bodega \u201cEl Globo\u201d donde su principal actividad fue realizar el control de la calidad de los vinos y tambi\u00e9n se dedic\u00f3 a la docencia para transmitir a otros todo lo que hab\u00eda aprendido durante su trayectoria.<\/p>\n<p>Una vez finalizadas las presentaciones de los distinguidos fue realizada la entrega de las medallas alusivas que llevan impreso el Escudo Oficial de la provincia, y los Diplomas de Honor para quienes fueron elegidos como Ciudadanos Ilustres. Y para quienes fueron declarados \u201cPersonalidades Destacadas de San Juan\u201d, fueron otorgados Diplomas de Honor y copia de la resoluci\u00f3n legal pertinente.<\/p>\n<p>Previo a concluir la sesi\u00f3n, el vicepresidente primero, Eduardo Cabello transmiti\u00f3 a los homenajeados los saludos y felicitaciones por parte del vicegobernador Roberto Gattoni quien no pudo estar presente por encontrarse en ejercicio del Poder Ejecutivo.<\/p>\n<p><span style=\"color: #800080;\"><strong>Ciudadanos Ilustres<\/strong><\/span><\/p>\n<p><span style=\"color: #800080;\"><strong>Oscar Alcober<\/strong><\/span><\/p>\n<p>Naci\u00f3 en la provincia de San Juan, en el sector del M\u00e9dano y al poco tiempo la familia se traslad\u00f3 a la provincia de C\u00f3rdoba. All\u00ed realiz\u00f3 los primeros a\u00f1os de primaria y luego retorna a la provincia de San Juan donde culmina la primaria. Realiza los estudios secundarios en la escuela Industrial. Posteriormente asumi\u00f3 un trabajo de asistente t\u00e9cnico como preparador de f\u00f3siles del museo de Ciencias Naturales de la provincia de San Juan. Este empleo lo marc\u00f3 en su vida profesional. As\u00ed comenz\u00f3 su carrera en Geolog\u00eda, recibi\u00e9ndose en el a\u00f1o 1994 en la Facultad de Ciencias Exactas, F\u00edsicas y Naturales de la Universidad Nacional de San Juan (UNSJ). A la par contaba con una participaci\u00f3n en campa\u00f1as paleontol\u00f3gicas que fueron forjando su experiencia. Asimismo, realiz\u00f3 un doctorado en Ciencias Geol\u00f3gicas, y Post Doctorado en Paleontolog\u00eda. El descubrimiento de un f\u00f3sil que hizo el doctor Ricardo Mart\u00ednez, profesional con quien hab\u00eda construido junto su carrera, decidi\u00f3 homenajearlo al doctor Alcober poni\u00e9ndole su apellido al hallazgo cient\u00edfico (Taytalura Alcoberi= abuelo de los lagartos) que volver\u00eda a ordenar la historia de la evoluci\u00f3n para marcar un hito en el conocimiento cient\u00edfico a los ojos del mundo. En el a\u00f1o 2003 gan\u00f3 por concurso la direcci\u00f3n del Museo de Ciencias Naturales, cargo que hasta hoy ostenta. Es un transformador del parque Ischigualasto, impulsor de la Ley que en 2005 cre\u00f3 como Ente Aut\u00e1rquico. En el 2007 le dio forma al Museo y Centro de Interpretaci\u00f3n en Ischigualasto que permiti\u00f3 y permite en la actualidad que cada visitante descubra la riqueza paleontol\u00f3gica que posee el mismo.<\/p>\n<p><span style=\"color: #800080;\"><strong>Eduardo Pe\u00f1afort<\/strong><\/span><\/p>\n<p>Naci\u00f3 en Villa Tulumaya, en Lavalle, departamento lim\u00edtrofe con San Juan. Es fil\u00f3sofo y acad\u00e9mico, Doctor Honoris Causa por la Universidad Nacional de San Juan, en reconocimiento a su trayectoria y significativo aporte a las Humanidades y las Artes en la provincia.<\/p>\n<p>Dedic\u00f3 45 a\u00f1os a la docencia universitaria y antes de eso fue maestro. En Filosof\u00eda se especializ\u00f3 en est\u00e9tica y artes pl\u00e1sticas. Se convirti\u00f3 en militante del Justicialismo desde muy joven. Es esposo de Ruth Colombi; y padre de Graciana (abogada de Amado Boudou y Guillermo Moreno entre otros), de Guiomar, Gabriel y Carlos.<\/p>\n<p>Fue director de proyectos cient\u00edficos, integrante de tribunales docentes, Director de becarios, ha sido Secretario Acad\u00e9mico de la facultad de Filosof\u00eda de la Universidad de San Juan. Tambi\u00e9n fue presidente del Congreso Internacional de Filosof\u00eda en San Juan en 2007, miembro correspondiente por San Juan de la Academia Nacional de Bellas Artes. Se desempe\u00f1\u00f3 como subsecretario de Cultura de San Juan y ha publicado libros y numerosos art\u00edculos.<\/p>\n<p><span style=\"color: #800080;\"><strong>Juan Carlos Bataller<\/strong><\/span><\/p>\n<p>Naci\u00f3 en San Juan el 20 de enero de 1.947. Inici\u00f3 su carrera como periodista en Diario de Cuyo, en 1.968. M\u00e1s tarde, fue designado corresponsal del diario Clar\u00edn en San Juan, donde se desempe\u00f1\u00f3 hasta 1.976, a\u00f1o en que fue convocado a Buenos Aires, asumiendo como secretario de Redacci\u00f3n del mencionado matutino.<\/p>\n<p>En 1.980 fue designado corresponsal en Italia del diario Clar\u00edn, cumpliendo funciones en Roma y el Vaticano. De regreso en San Juan, en 1.984 fund\u00f3 Editores del Oeste, una empresa dedicada a la edici\u00f3n de libros y peri\u00f3dicos. En 1986 fund\u00f3 El Nuevo Diario, publicaci\u00f3n que dirigi\u00f3 hasta 1998.<\/p>\n<p>Fue conductor de varios programas televisivos. En 2002 fund\u00f3 junto a sus hijos la empresa Solaura SRL dedicada a la producci\u00f3n de programas televisivos y contenidos period\u00edsticos. Desde ese a\u00f1o conduce ininterrumpidamente por canal 5 Telesol el programa La Ventana.<\/p>\n<p>Por otro lado, cre\u00f3 la Fundaci\u00f3n Bataller en el a\u00f1o 2005, una instituci\u00f3n sin fines de lucro que se dedica a recuperar, preservar y difundir testimonios orales, gr\u00e1ficos y documentales que mantengan al resguardo la historia de San Juan.<\/p>\n<p><span style=\"color: #800080;\"><strong>Personalidades Destacadas<\/strong><\/span><\/p>\n<p><span style=\"color: #800080;\"><strong>Roberto Ruiz<\/strong><\/span><\/p>\n<p>Naci\u00f3 el 1 de enero de 1951, en J\u00e1chal, provincia de San Juan. Egres\u00f3 como Maestro Rural en la escuela normal de J\u00e1chal. Luego, estudi\u00f3 Realizaci\u00f3n de Cine y T\u00e9cnicas Audiovisuales en la Universidad Nacional de Tucum\u00e1n en 1978.<\/p>\n<p>En 1984 se capacita en la realizaci\u00f3n y producci\u00f3n de fotograf\u00eda Industrial y publicitaria, particip\u00f3 en numerosas producciones de libros. Trabaj\u00f3 para la industria del Petr\u00f3leo, YPF, Techint, San Jorge y varias industrias m\u00e1s del rubro y presta servicios fotogr\u00e1ficos para la industria minera.<\/p>\n<p>Por otro lado, se desempe\u00f1\u00f3 como Reportero Gr\u00e1fico, tambi\u00e9n como camar\u00f3grafo de noticiero y estudio. Desarroll\u00f3 tareas de iluminaci\u00f3n, sonidista, director de c\u00e1maras y producci\u00f3n, coordinador de noticias.<\/p>\n<p>En 1974 se independiz\u00f3 montando su propia productora de cine y video publicitario y documental en Tucum\u00e1n. En esta etapa realiz\u00f3 numerosos cortos para sellos discogr\u00e1ficos como RCA V\u00edctor, Sony Music, CBS y otros comerciales locales. En 1977 se radica en Capital Federal desempe\u00f1\u00e1ndose como camar\u00f3grafo de estudio en ATC vinculado laboralmente con el canal temporalmente por agencia de trabajo.<\/p>\n<p>Realiz\u00f3 muestras fotogr\u00e1ficas al aire libre llamadas intervenci\u00f3n urbana, entre esas la de \u00abLa foto m\u00e1s grande del mundo\u00bb en marzo de 2007 presentada en la plaza del Obelisco, en esta ocasi\u00f3n como autor y director del proyecto, en esta realizaci\u00f3n participaron m\u00e1s de 100 personas. Esta compiti\u00f3 en Records Guines como la foto impresa m\u00e1s grande del mundo.<\/p>\n<p>En 2010 se radic\u00f3 en su J\u00e1chal natal. Llev\u00f3 a cabo catorce exposiciones en San Juan, Rawson. En J\u00e1chal present\u00f3 doce muestras fotogr\u00e1ficas en la plaza principal.<\/p>\n<p><span style=\"color: #800080;\"><strong>Pedro Rodolfo Rizo<\/strong><\/span><\/p>\n<p>Es abogado y fue uno de los convencionales constituyentes que en el a\u00f1o 1986 redact\u00f3 la Constituci\u00f3n de la provincia.<\/p>\n<p>Asimismo, se desempe\u00f1\u00f3 como diputado provincial en tres ocasiones durante el per\u00edodo comprendido entre el 10 de diciembre de 1987 y el 10 de diciembre de 1991; desde el 10 de diciembre de 1991 hasta el 10 de diciembre de 1995 y por \u00faltimo, desde el 10 de diciembre de 1995 hasta el 10 de diciembre de 1995. Adem\u00e1s, desempe\u00f1\u00f3 funciones como concejal de la municipalidad de la Capital y ministro durante el gobierno de Carlos Enrique G\u00f3mez Centuri\u00f3n.<\/p>\n<p>Fue Juez de Paz de Valle F\u00e9rtil durante 12 a\u00f1os y luego Juez de Paz de Albard\u00f3n hasta su jubilaci\u00f3n.<\/p>\n<p><span style=\"color: #800080;\"><strong>Nelly Brond de Tajas<\/strong><\/span><\/p>\n<p>Naci\u00f3 en San Juan, en 1928. Su padre era ferroviario. Comenz\u00f3 en 1946, a los 18 a\u00f1os de edad empez\u00f3 a cursar enolog\u00eda. La carrera duraba 4 a\u00f1os y contaba con profesores tales como el ingeniero Crocce, fruticultura e industria de la fruta, o el se\u00f1or Villanueva en granja, por ejemplo; siendo director de la escuela el ingeniero Ernesto Aubone.<\/p>\n<p>Una vez egresada de la Enolog\u00eda en 1952, sus pr\u00e1cticas y primeros trabajos se desarrollaron en la bodega El Globo. All\u00ed conoci\u00f3 al amor de su vida, Mohamed Tahar con qui\u00e9n contrajo matrimonio al a\u00f1o siguiente en 1953. Pas\u00f3 por Buenos Aires, C\u00f3rdoba y Mendoza ya que su marido era interventor de control agropecuario en distintas provincias. Fruto de esa relaci\u00f3n nacieron dos hijas, Liliam quien ahora es monja en el Convento del Esp\u00edritu Santo en Mendoza y Susana que al mismo tiempo le dio tres nietos.<\/p>\n<p>En la \u00e9poca de los sesenta, Nelly hab\u00eda regresado a la provincia con toda su familia. Un buen d\u00eda, desde la direcci\u00f3n de la escuela la mandaron a llamar para ofrecerle el cargo vacante de una profesora que hab\u00eda dejado de trabajar all\u00ed. Ella, muy entusiasmada, asisti\u00f3 y qued\u00f3 como docente interina. Al poco tiempo fue designada coordinadora y luego ascendi\u00f3 al cargo de vicedirectora.<\/p>\n<p><strong><span style=\"color: #800080;\">Mario Pra Baldi<\/span><\/strong><\/p>\n<p>Naci\u00f3 en Longarone, provincia de Belluno, Italia. En 1951 se radica en el pa\u00eds, donde, inicia sus estudios en la escuela de Arquitectura de la Universidad de Cuyo, egresando con el t\u00edtulo de arquitecto en el a\u00f1o 1961.<\/p>\n<p>Realiz\u00f3 dise\u00f1os de muebles, dedic\u00e1ndose posteriormente a la fabricaci\u00f3n de juguetes did\u00e1cticos, mediante el auspicio del Fondo Nacional de las Artes. Abocado fundamentalmente a la docencia y a la pintura, ejerci\u00f3 como docente en el Instituto Superior de Arte, en el departamento de Artes Pl\u00e1sticas y Museo Tornamb\u00e9 durante diez a\u00f1os. Fue profesor de la Facultad de de Arquitectura donde se lo design\u00f3 profesor em\u00e9rito en el a\u00f1o 1992.<\/p>\n<p>Su abnegada labor de pintor lo llev\u00f3 a la construcci\u00f3n de piezas inquietantes pero contundentes en su definici\u00f3n. En palabras de Leonor Rigau de Carrieri, Pra Baldi sobrevaloriza la t\u00e9cnica tradicional pict\u00f3rica y el espacio organizado, ubica el precepto en un vac\u00edo extra\u00f1amente silencioso pre\u00f1ados de acontecimientos haci\u00e9ndonos sentir la ausencia como llena de mensajes.<\/p>\n<p>Realiz\u00f3 muestras individuales y colectivas en diferentes instituciones de San Juan, Mendoza y otras provincias argentinas. Particip\u00f3 en exposiciones en Estados Unidos, Francia y Canad\u00e1.<\/p>\n<p>Obtuvo premios, menciones y distinciones en los diferentes salones de pintura y su obra se encuentra en diferentes colecciones.<\/p>\n<p><img loading=\"lazy\" decoding=\"async\" class=\"alignnone size-full wp-image-49900\" src=\"https:\/\/vocesparalelas.com.ar\/sitio\/wp-content\/uploads\/2022\/06\/CDSJ-CIUDADANOS-02.jpg\" alt=\"\" width=\"800\" height=\"505\" srcset=\"https:\/\/vocesparalelas.com.ar\/sitio\/wp-content\/uploads\/2022\/06\/CDSJ-CIUDADANOS-02.jpg 800w, https:\/\/vocesparalelas.com.ar\/sitio\/wp-content\/uploads\/2022\/06\/CDSJ-CIUDADANOS-02-300x189.jpg 300w, https:\/\/vocesparalelas.com.ar\/sitio\/wp-content\/uploads\/2022\/06\/CDSJ-CIUDADANOS-02-768x485.jpg 768w\" sizes=\"auto, (max-width: 800px) 100vw, 800px\" \/><\/p>\n<\/div>\n","protected":false},"excerpt":{"rendered":"<p>En el marco del 460\u00ba aniversario de la Fundaci\u00f3n de San Juan, la C\u00e1mara de Diputados entreg\u00f3 las distinciones de<\/p>\n","protected":false},"author":3,"featured_media":49899,"comment_status":"closed","ping_status":"closed","sticky":false,"template":"","format":"standard","meta":{"_acf_changed":false,"_seopress_robots_primary_cat":"none","_seopress_titles_title":"","_seopress_titles_desc":"","_seopress_robots_index":"","colormag_page_container_layout":"default_layout","colormag_page_sidebar_layout":"default_layout","footnotes":""},"categories":[1],"tags":[],"class_list":["post-49897","post","type-post","status-publish","format-standard","has-post-thumbnail","hentry","category-destacadas"],"acf":[],"_links":{"self":[{"href":"https:\/\/vocesparalelas.com.ar\/sitio\/wp-json\/wp\/v2\/posts\/49897","targetHints":{"allow":["GET"]}}],"collection":[{"href":"https:\/\/vocesparalelas.com.ar\/sitio\/wp-json\/wp\/v2\/posts"}],"about":[{"href":"https:\/\/vocesparalelas.com.ar\/sitio\/wp-json\/wp\/v2\/types\/post"}],"author":[{"embeddable":true,"href":"https:\/\/vocesparalelas.com.ar\/sitio\/wp-json\/wp\/v2\/users\/3"}],"replies":[{"embeddable":true,"href":"https:\/\/vocesparalelas.com.ar\/sitio\/wp-json\/wp\/v2\/comments?post=49897"}],"version-history":[{"count":1,"href":"https:\/\/vocesparalelas.com.ar\/sitio\/wp-json\/wp\/v2\/posts\/49897\/revisions"}],"predecessor-version":[{"id":49901,"href":"https:\/\/vocesparalelas.com.ar\/sitio\/wp-json\/wp\/v2\/posts\/49897\/revisions\/49901"}],"wp:featuredmedia":[{"embeddable":true,"href":"https:\/\/vocesparalelas.com.ar\/sitio\/wp-json\/wp\/v2\/media\/49899"}],"wp:attachment":[{"href":"https:\/\/vocesparalelas.com.ar\/sitio\/wp-json\/wp\/v2\/media?parent=49897"}],"wp:term":[{"taxonomy":"category","embeddable":true,"href":"https:\/\/vocesparalelas.com.ar\/sitio\/wp-json\/wp\/v2\/categories?post=49897"},{"taxonomy":"post_tag","embeddable":true,"href":"https:\/\/vocesparalelas.com.ar\/sitio\/wp-json\/wp\/v2\/tags?post=49897"}],"curies":[{"name":"wp","href":"https:\/\/api.w.org\/{rel}","templated":true}]}}