{"id":49874,"date":"2022-06-14T19:32:06","date_gmt":"2022-06-14T22:32:06","guid":{"rendered":"https:\/\/vocesparalelas.com.ar\/sitio\/?p=49874"},"modified":"2022-06-14T19:49:29","modified_gmt":"2022-06-14T22:49:29","slug":"reunion-previa-a-la-quinta-sesion-del-periodo-ordinario-de-la-camara-de-diputados-de-san-juan","status":"publish","type":"post","link":"https:\/\/vocesparalelas.com.ar\/sitio\/reunion-previa-a-la-quinta-sesion-del-periodo-ordinario-de-la-camara-de-diputados-de-san-juan\/","title":{"rendered":"Reuni\u00f3n previa a la Quinta Sesi\u00f3n del per\u00edodo ordinario de la C\u00e1mara de Diputados de San Juan"},"content":{"rendered":"<div class=\"itemFullText jbintrotext\">\n<p>Los diputados de San Juan del Partido Justicialista participaron el Martes, 14 de Junio, de la habitual reuni\u00f3n del bloque, previa a la sesi\u00f3n, en cuyo transcurso trazaron y delinearon la estrategia que aplican durante el desarrollo de la Quinta Sesi\u00f3n del per\u00edodo ordinario.<\/p>\n<\/div>\n<div class=\"itemFullText\">\n<p>Presidi\u00f3 la reuni\u00f3n el presidente del bloque PJ, diputado Juan Carlos Abarca junto a la vicepresidente, Dra. Celina Ramella y los legisladores Dra. Marcela Monti, Dra. Florencia Pe\u00f1aloza, Rodolfo Jalife, Mario Romero, Arq. Jorge Barifusa, Prof. Silvio Atencio, Jos\u00e9 Luis Esteve, Gustavo Rodr\u00edguez, Ram\u00f3n N\u00fa\u00f1ez, Alfredo Sim\u00f3n Ortiz.<\/p>\n<\/div>\n<p>Publicado el Martes, 14 de Junio de 2022<\/p>\n","protected":false},"excerpt":{"rendered":"<p>Los diputados de San Juan del Partido Justicialista participaron el Martes, 14 de Junio, de la habitual reuni\u00f3n del bloque,<\/p>\n","protected":false},"author":3,"featured_media":49876,"comment_status":"closed","ping_status":"closed","sticky":false,"template":"","format":"standard","meta":{"_acf_changed":false,"_seopress_robots_primary_cat":"none","_seopress_titles_title":"","_seopress_titles_desc":"","_seopress_robots_index":"","colormag_page_container_layout":"default_layout","colormag_page_sidebar_layout":"default_layout","footnotes":""},"categories":[1],"tags":[],"class_list":["post-49874","post","type-post","status-publish","format-standard","has-post-thumbnail","hentry","category-destacadas"],"acf":[],"_links":{"self":[{"href":"https:\/\/vocesparalelas.com.ar\/sitio\/wp-json\/wp\/v2\/posts\/49874","targetHints":{"allow":["GET"]}}],"collection":[{"href":"https:\/\/vocesparalelas.com.ar\/sitio\/wp-json\/wp\/v2\/posts"}],"about":[{"href":"https:\/\/vocesparalelas.com.ar\/sitio\/wp-json\/wp\/v2\/types\/post"}],"author":[{"embeddable":true,"href":"https:\/\/vocesparalelas.com.ar\/sitio\/wp-json\/wp\/v2\/users\/3"}],"replies":[{"embeddable":true,"href":"https:\/\/vocesparalelas.com.ar\/sitio\/wp-json\/wp\/v2\/comments?post=49874"}],"version-history":[{"count":1,"href":"https:\/\/vocesparalelas.com.ar\/sitio\/wp-json\/wp\/v2\/posts\/49874\/revisions"}],"predecessor-version":[{"id":49877,"href":"https:\/\/vocesparalelas.com.ar\/sitio\/wp-json\/wp\/v2\/posts\/49874\/revisions\/49877"}],"wp:featuredmedia":[{"embeddable":true,"href":"https:\/\/vocesparalelas.com.ar\/sitio\/wp-json\/wp\/v2\/media\/49876"}],"wp:attachment":[{"href":"https:\/\/vocesparalelas.com.ar\/sitio\/wp-json\/wp\/v2\/media?parent=49874"}],"wp:term":[{"taxonomy":"category","embeddable":true,"href":"https:\/\/vocesparalelas.com.ar\/sitio\/wp-json\/wp\/v2\/categories?post=49874"},{"taxonomy":"post_tag","embeddable":true,"href":"https:\/\/vocesparalelas.com.ar\/sitio\/wp-json\/wp\/v2\/tags?post=49874"}],"curies":[{"name":"wp","href":"https:\/\/api.w.org\/{rel}","templated":true}]}}