{"id":49820,"date":"2022-06-10T17:58:18","date_gmt":"2022-06-10T20:58:18","guid":{"rendered":"https:\/\/vocesparalelas.com.ar\/sitio\/?p=49820"},"modified":"2022-06-13T19:54:16","modified_gmt":"2022-06-13T22:54:16","slug":"acto-central-del-460o-aniversario-de-la-fundacion-de-san-juan","status":"publish","type":"post","link":"https:\/\/vocesparalelas.com.ar\/sitio\/acto-central-del-460o-aniversario-de-la-fundacion-de-san-juan\/","title":{"rendered":"Acto central del 460\u00ba Aniversario de la Fundaci\u00f3n de San Juan"},"content":{"rendered":"<p>El Lunes, 13 de Junio se cumple 460\u00ba Aniversario de la Fundaci\u00f3n de San Juan, a las 10 hs.; el Gobierno de San Juan desarrolla el acto central en la Plaza Juan Jufr\u00e9, Departamento Capital.<\/p>\n<p>Luego, de 11 a 19 hs.; en la Plaza Juan Jufr\u00e9, se desarrolla Kerm\u00e9s, feria gastron\u00f3mica de colectividades, espect\u00e1culos art\u00edsticos con Los Raviolis como invitados especiales.<\/p>\n<p><span style=\"color: #99cc00;\"><strong>Un poco de Historia<\/strong><\/span><\/p>\n<p>La Ciudad de San Juan es una localidad de Argentina, capital de la provincia hom\u00f3nima. Constituye el n\u00facleo administrativo, comercial e institucional del conglomerado llamado Gran San Juan.<\/p>\n<p>La ciudad, para el a\u00f1o 2010, cont\u00f3 con un total de 471.389 habitantes, el segundo de la Regi\u00f3n de Cuyo, posicion\u00e1ndose entre los diez centros urbanos principales del pa\u00eds, y el casco urbano con mayor densidad poblacional de todo Cuyo con 3897,25 hab\/km\u00b2.<\/p>\n<p>Fue fundada el 13 de junio de 1562 por el conquistador espa\u00f1ol Juan Jufr\u00e9 bajo el nombre de San Juan de la Frontera, a trav\u00e9s del mandato de la vieja Capitan\u00eda General de Chile. A fines de 1593, el hermano menor, Luis Jufr\u00e9 traslada la ciudad unas 25 cuadras hacia el sur, en la ubicaci\u00f3n actual de la Plaza 25 de Mayo.<\/p>\n<p>Cuenta con una importante infraestructura de alojamiento y transporte, y en los alrededores, se destacan atractivos como Embalse y dique Ullum, la Quebrada de Zonda, termas, museos y es punto de partida para las Rutas del vino de San Juan.<\/p>\n<p>Publicado el Domingo, 12 de Junio de 2022<\/p>\n","protected":false},"excerpt":{"rendered":"<p>El Lunes, 13 de Junio se cumple 460\u00ba Aniversario de la Fundaci\u00f3n de San Juan, a las 10 hs.; el<\/p>\n","protected":false},"author":3,"featured_media":1813,"comment_status":"closed","ping_status":"closed","sticky":false,"template":"","format":"standard","meta":{"_acf_changed":false,"_seopress_robots_primary_cat":"none","_seopress_titles_title":"","_seopress_titles_desc":"","_seopress_robots_index":"","colormag_page_container_layout":"default_layout","colormag_page_sidebar_layout":"default_layout","footnotes":""},"categories":[1],"tags":[],"class_list":["post-49820","post","type-post","status-publish","format-standard","has-post-thumbnail","hentry","category-destacadas"],"acf":[],"_links":{"self":[{"href":"https:\/\/vocesparalelas.com.ar\/sitio\/wp-json\/wp\/v2\/posts\/49820","targetHints":{"allow":["GET"]}}],"collection":[{"href":"https:\/\/vocesparalelas.com.ar\/sitio\/wp-json\/wp\/v2\/posts"}],"about":[{"href":"https:\/\/vocesparalelas.com.ar\/sitio\/wp-json\/wp\/v2\/types\/post"}],"author":[{"embeddable":true,"href":"https:\/\/vocesparalelas.com.ar\/sitio\/wp-json\/wp\/v2\/users\/3"}],"replies":[{"embeddable":true,"href":"https:\/\/vocesparalelas.com.ar\/sitio\/wp-json\/wp\/v2\/comments?post=49820"}],"version-history":[{"count":2,"href":"https:\/\/vocesparalelas.com.ar\/sitio\/wp-json\/wp\/v2\/posts\/49820\/revisions"}],"predecessor-version":[{"id":49823,"href":"https:\/\/vocesparalelas.com.ar\/sitio\/wp-json\/wp\/v2\/posts\/49820\/revisions\/49823"}],"wp:featuredmedia":[{"embeddable":true,"href":"https:\/\/vocesparalelas.com.ar\/sitio\/wp-json\/wp\/v2\/media\/1813"}],"wp:attachment":[{"href":"https:\/\/vocesparalelas.com.ar\/sitio\/wp-json\/wp\/v2\/media?parent=49820"}],"wp:term":[{"taxonomy":"category","embeddable":true,"href":"https:\/\/vocesparalelas.com.ar\/sitio\/wp-json\/wp\/v2\/categories?post=49820"},{"taxonomy":"post_tag","embeddable":true,"href":"https:\/\/vocesparalelas.com.ar\/sitio\/wp-json\/wp\/v2\/tags?post=49820"}],"curies":[{"name":"wp","href":"https:\/\/api.w.org\/{rel}","templated":true}]}}