{"id":49788,"date":"2022-06-11T00:54:05","date_gmt":"2022-06-11T03:54:05","guid":{"rendered":"https:\/\/vocesparalelas.com.ar\/sitio\/?p=49788"},"modified":"2022-06-11T00:54:18","modified_gmt":"2022-06-11T03:54:18","slug":"los-raviolis-en-san-juan","status":"publish","type":"post","link":"https:\/\/vocesparalelas.com.ar\/sitio\/los-raviolis-en-san-juan\/","title":{"rendered":"Los Raviolis en San Juan"},"content":{"rendered":"<p>La banda de rock para padres, madres e hijos que se juntan para hacer m\u00fasica y catarsis sobretodo lo que con lleva la crianza responsable de los ni\u00f1os llega a la provincia en el marco de la celebraci\u00f3n del 460\u00b0 Aniversario de la Fundaci\u00f3n de San Juan.<\/p>\n<p>La cita es el Lunes, 13 de Junio, a las 16 horas en la Plaza Juan Jufr\u00e9, Concepci\u00f3n, con entrada libre y gratuita, en una jornada que cuenta, adem\u00e1s, con presencia de artistas locales, stands de comidas t\u00edpicas, colectividades y kerm\u00e9s.<\/p>\n<p><strong><span style=\"color: #339966;\">Sobre la banda<\/span><\/strong><\/p>\n<p>Liderada por el \u201cimpredecible\u201d Gabichu (GabrielWisznia) y su c\u00f3mplice en escena \u201cLa licenciada\u201d Valeria Donati, sostenidos por un grupo de m\u00fasicos demoledor con \u201cEl conejo\u201d Bruno Delucchi en teclados, \u201cEl insistidor\u201d Juan Pablo Esmok Lewen guitarras, el grooveafro-pampeano del \u201cProfesor\u201d Esteban Ruiz Barrea en bajo, el el\u00e9ctrico \u201cPr\u00edncipe\u201d Brian Ayliffe en la bater\u00eda y la operaci\u00f3n del<br \/>\nsonido a cargo del \u201cM\u00e1gico Padre\u201d Bucci.<\/p>\n<p>Desde2014 hasta su actualidad, Los Raviolis han girado present\u00e1ndose en escenarios y festivales de distintas magnitudes, nacionales e internacionales, cerrando 3 veces el Lollapaloozza y convirti\u00e9ndose en una de las bandas de referencia con mayor convocatoria del momento.<\/p>\n<p>La m\u00fasica y los juegos son la excusa para el encuentro: En sus espect\u00e1culos hay canciones sobre los derechos, pero esta vez de los padres y madres. Un nene neoliberal que se quiere comprar todo, una canci\u00f3n para los abuelos que le dejan hacer cualquier cosa a sus nietos, el mal negocio de<br \/>\ncomprar una mascota, una ni\u00f1era que no viene y complica todo, la locura pand\u00e9mica de las burbujas y las clases, un padre que arregla una cosa y autom\u00e1ticamente rompe otra peor, un nene al que no le sale la tarea porque no entiende nada\u2026 Miserias y maravillas cotidianas que van<br \/>\napareciendo durante el show y as\u00ed, cada uno de los espectadores sabe que no est\u00e1 solo en esta aventura.<\/p>\n<p>Entre sus canciones se destacan Pelotita de ping pong, El Resorte, los Bomberos voluntarios y por supuesto, el himno y bandera que ha sabido instalar la banda:\u201c\u00bfPor qu\u00e9 no te mand\u00e9 al Turno Tarde?\u201d que es el t\u00edtulo de su primer disco.<\/p>\n<p>En 2020 su segundo disco \u00abHoy No Vino la Ni\u00f1era\u00bb estuvo nominado a los Premios Gardel en la categor\u00eda Mejor \u00c1lbum Infantil.<\/p>\n<p><iframe loading=\"lazy\" title=\"Raviolis: Hoy no vino la ni\u00f1era (Disco completo)\" width=\"800\" height=\"450\" src=\"https:\/\/www.youtube.com\/embed\/zdvQbBLI90Q?feature=oembed\" frameborder=\"0\" allow=\"accelerometer; autoplay; clipboard-write; encrypted-media; gyroscope; picture-in-picture\" allowfullscreen><\/iframe><\/p>\n","protected":false},"excerpt":{"rendered":"<p>La banda de rock para padres, madres e hijos que se juntan para hacer m\u00fasica y catarsis sobretodo lo que<\/p>\n","protected":false},"author":3,"featured_media":49790,"comment_status":"closed","ping_status":"closed","sticky":false,"template":"","format":"standard","meta":{"_acf_changed":false,"_seopress_robots_primary_cat":"none","_seopress_titles_title":"","_seopress_titles_desc":"","_seopress_robots_index":"","colormag_page_container_layout":"default_layout","colormag_page_sidebar_layout":"default_layout","footnotes":""},"categories":[20],"tags":[],"class_list":["post-49788","post","type-post","status-publish","format-standard","has-post-thumbnail","hentry","category-cartelera"],"acf":[],"_links":{"self":[{"href":"https:\/\/vocesparalelas.com.ar\/sitio\/wp-json\/wp\/v2\/posts\/49788","targetHints":{"allow":["GET"]}}],"collection":[{"href":"https:\/\/vocesparalelas.com.ar\/sitio\/wp-json\/wp\/v2\/posts"}],"about":[{"href":"https:\/\/vocesparalelas.com.ar\/sitio\/wp-json\/wp\/v2\/types\/post"}],"author":[{"embeddable":true,"href":"https:\/\/vocesparalelas.com.ar\/sitio\/wp-json\/wp\/v2\/users\/3"}],"replies":[{"embeddable":true,"href":"https:\/\/vocesparalelas.com.ar\/sitio\/wp-json\/wp\/v2\/comments?post=49788"}],"version-history":[{"count":1,"href":"https:\/\/vocesparalelas.com.ar\/sitio\/wp-json\/wp\/v2\/posts\/49788\/revisions"}],"predecessor-version":[{"id":49791,"href":"https:\/\/vocesparalelas.com.ar\/sitio\/wp-json\/wp\/v2\/posts\/49788\/revisions\/49791"}],"wp:featuredmedia":[{"embeddable":true,"href":"https:\/\/vocesparalelas.com.ar\/sitio\/wp-json\/wp\/v2\/media\/49790"}],"wp:attachment":[{"href":"https:\/\/vocesparalelas.com.ar\/sitio\/wp-json\/wp\/v2\/media?parent=49788"}],"wp:term":[{"taxonomy":"category","embeddable":true,"href":"https:\/\/vocesparalelas.com.ar\/sitio\/wp-json\/wp\/v2\/categories?post=49788"},{"taxonomy":"post_tag","embeddable":true,"href":"https:\/\/vocesparalelas.com.ar\/sitio\/wp-json\/wp\/v2\/tags?post=49788"}],"curies":[{"name":"wp","href":"https:\/\/api.w.org\/{rel}","templated":true}]}}