{"id":49769,"date":"2022-06-10T20:33:52","date_gmt":"2022-06-10T23:33:52","guid":{"rendered":"https:\/\/vocesparalelas.com.ar\/sitio\/?p=49769"},"modified":"2022-06-11T21:19:57","modified_gmt":"2022-06-12T00:19:57","slug":"concurso-de-dibujo-infantil-malvinas-en-nuestros-corazones-2","status":"publish","type":"post","link":"https:\/\/vocesparalelas.com.ar\/sitio\/concurso-de-dibujo-infantil-malvinas-en-nuestros-corazones-2\/","title":{"rendered":"Concurso de Dibujo Infantil \u00abMalvinas en nuestros corazones\u00bb"},"content":{"rendered":"<div class=\"itemFullText\">\n<p>En la segunda edici\u00f3n el Concurso de Dibujo Infantil \u00abMalvinas en nuestros corazones\u00bb tiene como finalidad fomentar la creatividad de los ni\u00f1os y el conocimiento de la gesta de Malvinas, en el marco del \u201cD\u00eda de la afirmaci\u00f3n de los Derechos Argentinos sobre las Malvinas, Islas y Sector Ant\u00e1rtico\u201d.<\/p>\n<p>El tema de las obras debe estar vinculado con el significado que tiene para los argentinos la gesta realizada por nuestros h\u00e9roes de Malvinas y la importancia de reafirmar nuestros derechos sobre las Islas.<\/p>\n<p>Pueden participar del concurso ni\u00f1os y ni\u00f1as de instituciones educativas de la provincia de San Juan, entre los 6 y los 12 a\u00f1os, divididos en dos categor\u00edas:<\/p>\n<ul>\n<li>6-9 a\u00f1os<\/li>\n<li>10-12 a\u00f1os.<\/li>\n<\/ul>\n<p>La iniciativa busca que por medio de la expresi\u00f3n art\u00edstica con t\u00e9cnica libre, los participantes puedan conocer, con la ayuda de los docentes de nivel primario, los sucesos relacionados con la Guerra de Malvinas y los argumentos por los cuales seguimos reclamando nuestra soberan\u00eda, para luego plasmar en un dibujo las sensaciones que esto genera y para poner en valor el patriotismo y valor con el que los Veteranos de Guerra defendieron nuestro territorio.<\/p>\n<p><span style=\"color: #0000ff;\"><strong>Bases y Condiciones<\/strong><\/span><\/p>\n<p><span style=\"color: #0000ff;\"><strong>Concurso:<\/strong><\/span>\u00a02\u00ba edici\u00f3n del Concurso de Dibujo Infantil con la finalidad de fomentar la creatividad de los ni\u00f1os y el conocimiento de la gesta de Malvinas, en el marco del \u201cD\u00eda de la afirmaci\u00f3n de los Derechos Argentinos sobre las Malvinas, Islas y Sector Ant\u00e1rtico\u201d.<\/p>\n<p><span style=\"color: #0000ff;\"><strong>Tema:<\/strong><\/span>\u00a0el tema de las obras debe estar vinculado con el significado que tiene para los argentinos la gesta realizada por nuestros h\u00e9roes de Malvinas y la importancia de reafirmar nuestros derechos sobre las Islas.<\/p>\n<p><strong><span style=\"color: #0000ff;\">De los participantes:<\/span> p<\/strong>odr\u00e1n participar del concurso ni\u00f1os y ni\u00f1as de instituciones educativas de toda la provincia, cuya edad est\u00e9 comprendida entre los 6 y los 12 a\u00f1os. Se dividir\u00e1n en dos categor\u00edas: 6-9 a\u00f1os y de 10-12 a\u00f1os.<\/p>\n<p>Los participantes deber\u00e1n completar el formulario que se adjunta como Anexo 1, con los siguientes datos: \u2013\u2013 \u00b7 Autor: nombre, apellido, documento de identidad, fecha de nacimiento, tel\u00e9fono, correo electr\u00f3nico, instituci\u00f3n escolar a la que asiste y a\u00f1o escolar en curso, t\u00edtulo del dibujo. \u00b7 Padre, madre y\/o tutor del\/la menor: nombre, apellido, documento de identidad, grado de parentesco y\/o relaci\u00f3n que guarde con el\/la menor concursante.<\/p>\n<p>La sola presentaci\u00f3n de los trabajos implica la aceptaci\u00f3n \u00edntegra de las presentes Bases y Condiciones. La participaci\u00f3n en el concurso es gratuita.<\/p>\n<p><span style=\"color: #0000ff;\"><strong>Para completar el formulario<\/strong><\/span><\/p>\n<p><a href=\"https:\/\/forms.gle\/UsvFLf8duAhMw9wZ9\">https:\/\/forms.gle\/UsvFLf8duAhMw9wZ9<\/a><\/p>\n<p><span style=\"color: #0000ff;\"><strong>De los dibujos a presentar:<\/strong><\/span>\u00a0los trabajos deber\u00e1n ser individuales y no se aceptar\u00e1 m\u00e1s de 1 (uno) por participante. Los dise\u00f1os deber\u00e1n ser creaciones originales, in\u00e9ditas, no pueden ser copias o reproducciones de trabajos art\u00edsticos de otras personas. No se aceptar\u00e1n trabajos que hayan ganado un concurso u obtenido alg\u00fan premio o reconocimiento o que hayan sido expuestos o publicados por cualquier medio. Los materiales para la confecci\u00f3n del dibujo es libre y a elecci\u00f3n de los participantes, como as\u00ed tambi\u00e9n la t\u00e9cnica a utilizar (ej.: crayones, l\u00e1pices de colores, pintura acr\u00edlica, pinturas al agua, \u00f3leos, xilograf\u00edas, mixtas o cualquier otro elemento de dibujo) Los trabajos deber\u00e1n realizarse en dos dimensiones y sobre una hoja en blanco o fondo claro, tama\u00f1o A4 o carta vertical o apaisado. No se aceptar\u00e1n trabajos realizados en volumen, como maquetas o esculturas.<\/p>\n<p><span style=\"color: #0000ff;\"><strong>Plazos y env\u00edos:<\/strong><\/span>\u00a0todos los trabajos ser\u00e1n cargados en el formulario de inscripci\u00f3n hasta el 8 de julio de 2022 inclusive, d\u00eda que se cierra la recepci\u00f3n de trabajos.<\/p>\n<p><span style=\"color: #0000ff;\"><strong>De los premios<\/strong>:<\/span> se otorgar\u00e1n dos tablets, una por cada categor\u00eda (6-9 a\u00f1os y 10-12 a\u00f1os).<\/p>\n<p>El jurado se reserva el derecho de otorgar \u201cmenciones especiales\u201d. Los ganadores deber\u00e1n identificarse presentando su documento nacional de identidad u otro documento que figure en el trabajo, al igual que los padres y\/o tutores, quienes dar\u00e1n fe de la recepci\u00f3n del premio otorgado. Los premios no podr\u00e1n ser canjeados por dinero, ni tampoco se podr\u00e1 solicitar el cambio de premio por otro diferente al establecido en las presentes bases y condiciones, de modo tal que no ser\u00e1 negociable ni transferible.<\/p>\n<p><span style=\"color: #0000ff;\"><strong>Del jurado:<\/strong>\u00a0<\/span>el jurado ser\u00e1 de car\u00e1cter mixto y estar\u00e1 conformado por:<\/p>\n<ul>\n<li>2 representantes del Ministerio de Gobierno.<\/li>\n<li>1 representante del Ministerio de Educaci\u00f3n<\/li>\n<li>1 representante del Centro de Excombatientes del Atl\u00e1ntico Sur.<\/li>\n<li>1 representante de la Agrupaci\u00f3n dos de Abril.<\/li>\n<li>1 representante de Familiares de Ca\u00eddos en Malvinas.<\/li>\n<li>1 periodista<\/li>\n<li>1 representante de Cultura de la Provincia<\/li>\n<\/ul>\n<p>En la evaluaci\u00f3n de los trabajos, el jurado tendr\u00e1 en cuenta la vinculaci\u00f3n del trabajo con el tema, la originalidad de la idea, la claridad y s\u00edntesis visual. Se elegir\u00e1n 5 trabajos por categor\u00eda del 8 de Julio al 23 de Julio y posteriormente se difundir\u00e1n por medio de la p\u00e1gina de Facebook del Ministerio de Gobierno desde el d\u00eda 26 de julio de 2021, donde la comunidad sanjuanina podr\u00e1 votar y elegir al ganador hasta el d\u00eda 31 de julio a las 13:00 hs.<\/p>\n<p>El Ministerio de Gobierno comunicar\u00e1 a los ganadores el resultado del concurso mediante notificaci\u00f3n fehaciente y por escrito y publicar\u00e1n estos resultados en sus respectivas redes sociales, como as\u00ed tambi\u00e9n en cualquier otro medio de comunicaci\u00f3n que estime pertinente. Cualquier aspecto no previsto en las presentes Bases y Condiciones ser\u00e1 resuelto por los jurados representantes cuya decisi\u00f3n ser\u00e1 irrecurrible.<\/p>\n<p><span style=\"color: #0000ff;\"><strong>Del acto de entrega de premios:<\/strong><\/span>\u00a0la fecha y el lugar del acto de entrega de premios ser\u00e1n oportunamente publicados en las redes sociales del organizador. Los participantes que resulten ganadores de premios y menciones ser\u00e1n notificados fehacientemente con antelaci\u00f3n al acto de entrega de premios e invitados a participar. El<\/p>\n<p>Ministerio de Gobierno no se har\u00e1 cargo de los costos asociados al traslado de los ganadores para la recepci\u00f3n de los premios u obsequios adicionales en dicho acto. En el caso que los ganadores no estuvieren presentes, el Ministerio de Gobierno les har\u00e1 llegar los premios.<\/p>\n<p><span style=\"color: #0000ff;\"><strong>Generales:<\/strong><\/span>\u00a0los padres y\/o tutores de los participantes ganadores, as\u00ed como tambi\u00e9n las Instituciones Educativas a las que \u00e9stos pertenezcan, autorizan expresamente al Ministerio de Gobierno a difundir sus nombres, im\u00e1genes y datos personales en los medios y formas que se consideren convenientes, sin derecho a compensaci\u00f3n alguna. Con la sola participaci\u00f3n en el Concurso, los padres y\/o tutores de los ni\u00f1os cuyos trabajos fueran seleccionados, ceden al organizador los eventuales derechos de propiedad intelectual, que pudieran corresponderles por la reproducci\u00f3n y difusi\u00f3n de las obras. Los trabajos distinguidos o premiados pasar\u00e1n a ser propiedad del Ministerio de Gobierno, reserv\u00e1ndose el derecho de exhibir alguno o todos los dibujos. Ministerio de Gobierno no se responsabiliza por la preservaci\u00f3n de los otros dibujos que, un mes despu\u00e9s de la actuaci\u00f3n del jurado, no hubiesen sido retirados por los interesados. El env\u00edo de los trabajos implica la total aceptaci\u00f3n de la finalidad, bases y condiciones del concurso; as\u00ed como tambi\u00e9n de las modificaciones que pudieran realizar los promotores de la iniciativa, as\u00ed como tambi\u00e9n de las decisiones que pudieran adoptarse sobre cualquier cuesti\u00f3n no prevista en estas bases y condiciones. Ministerio de Gobierno se reserva el derecho de variar alguno o algunos de los puntos. Cualquier situaci\u00f3n, conflicto o controversia derivado de la interpretaci\u00f3n de estas bases y condiciones ser\u00e1 dirimida por el Organizador del Concurso, es decir Ministerio de Gobierno. Sus decisiones ser\u00e1n inapelables. Cuando circunstancias imprevistas de fuerza mayor lo justifiquen, Ministerio de Gobierno podr\u00e1 suspender o dar por finalizado el Concurso. Asimismo, podr\u00e1 abstenerse de publicar los trabajos a\u00fan si resultaran premiados, situaci\u00f3n en la que los autores no tendr\u00e1n derecho a reclamo alguno.<\/p>\n<p><span style=\"color: #0000ff;\"><strong>Importante<\/strong><\/span><\/p>\n<p>Las bases y condiciones del concurso tambi\u00e9n pueden ser consultadas en las p\u00e1ginas web del organizador: gobierno.sanjuan.gob.ar<\/p>\n<\/div>\n<div class=\"clr\">Publicado el Viernes, 10 de Junio de 2022<\/div>\n","protected":false},"excerpt":{"rendered":"<p>En la segunda edici\u00f3n el Concurso de Dibujo Infantil \u00abMalvinas en nuestros corazones\u00bb tiene como finalidad fomentar la creatividad de<\/p>\n","protected":false},"author":3,"featured_media":5184,"comment_status":"closed","ping_status":"closed","sticky":false,"template":"","format":"standard","meta":{"_acf_changed":false,"_seopress_robots_primary_cat":"none","_seopress_titles_title":"","_seopress_titles_desc":"","_seopress_robots_index":"","colormag_page_container_layout":"default_layout","colormag_page_sidebar_layout":"default_layout","footnotes":""},"categories":[8],"tags":[],"class_list":["post-49769","post","type-post","status-publish","format-standard","has-post-thumbnail","hentry","category-concursos"],"acf":[],"_links":{"self":[{"href":"https:\/\/vocesparalelas.com.ar\/sitio\/wp-json\/wp\/v2\/posts\/49769","targetHints":{"allow":["GET"]}}],"collection":[{"href":"https:\/\/vocesparalelas.com.ar\/sitio\/wp-json\/wp\/v2\/posts"}],"about":[{"href":"https:\/\/vocesparalelas.com.ar\/sitio\/wp-json\/wp\/v2\/types\/post"}],"author":[{"embeddable":true,"href":"https:\/\/vocesparalelas.com.ar\/sitio\/wp-json\/wp\/v2\/users\/3"}],"replies":[{"embeddable":true,"href":"https:\/\/vocesparalelas.com.ar\/sitio\/wp-json\/wp\/v2\/comments?post=49769"}],"version-history":[{"count":1,"href":"https:\/\/vocesparalelas.com.ar\/sitio\/wp-json\/wp\/v2\/posts\/49769\/revisions"}],"predecessor-version":[{"id":49771,"href":"https:\/\/vocesparalelas.com.ar\/sitio\/wp-json\/wp\/v2\/posts\/49769\/revisions\/49771"}],"wp:featuredmedia":[{"embeddable":true,"href":"https:\/\/vocesparalelas.com.ar\/sitio\/wp-json\/wp\/v2\/media\/5184"}],"wp:attachment":[{"href":"https:\/\/vocesparalelas.com.ar\/sitio\/wp-json\/wp\/v2\/media?parent=49769"}],"wp:term":[{"taxonomy":"category","embeddable":true,"href":"https:\/\/vocesparalelas.com.ar\/sitio\/wp-json\/wp\/v2\/categories?post=49769"},{"taxonomy":"post_tag","embeddable":true,"href":"https:\/\/vocesparalelas.com.ar\/sitio\/wp-json\/wp\/v2\/tags?post=49769"}],"curies":[{"name":"wp","href":"https:\/\/api.w.org\/{rel}","templated":true}]}}