{"id":49765,"date":"2022-06-10T20:00:18","date_gmt":"2022-06-10T23:00:18","guid":{"rendered":"https:\/\/vocesparalelas.com.ar\/sitio\/?p=49765"},"modified":"2022-06-10T20:24:38","modified_gmt":"2022-06-10T23:24:38","slug":"desayuno-de-trabajo-en-el-marco-del-dia-del-periodista","status":"publish","type":"post","link":"https:\/\/vocesparalelas.com.ar\/sitio\/desayuno-de-trabajo-en-el-marco-del-dia-del-periodista\/","title":{"rendered":"Desayuno de trabajo en el marco del D\u00eda del Periodista"},"content":{"rendered":"<p>El gobernador de San Juan, Dr. Sergio U\u00f1ac, comparti\u00f3 el Viernes, 10 de Junio, un desayuno con los Periodistas San Juan, en dependencias de la Casa de Gobierno, oportunidad en la que periodistas de diversos medios de comunicaci\u00f3n entablaron con el mandatario un di\u00e1logo que abord\u00f3 temas de la actualidad, tanto a nivel provincial como nacional.<\/p>\n<p>En la reuni\u00f3n participaron, adem\u00e1s, el subsecretario de la Unidad Gobernaci\u00f3n, Luis Rueda; el subsecretario de Informaci\u00f3n P\u00fablica, Osvaldo Lima y la subsecretaria de Medios y Contenidos Institucionales, Lic. Eugenia Putelli.<\/p>\n<p>En el comienzo, el Dr. Sergio U\u00f1ac expres\u00f3 su intenci\u00f3n de escuchar a los periodistas y agreg\u00f3 que \u201ca esta provincia la construimos entre todos, no es declamativo. Est\u00e9 quien est\u00e9 representando las instituciones, San Juan no debe perder este rumbo\u201d.<\/p>\n<p>\u201cA San Juan hay que mirarlo como un todo social, no como una sumatoria de partes, para que primen los intereses colectivos por sobre los individuales; esta tiene que ser la mirada\u201d, fue otro de los conceptos vertidos por el gobernador durante el desayuno.<\/p>\n<p>Adem\u00e1s, junto a los comunicadores sociales abordaron temas del \u00e1mbito nacional, como la crisis energ\u00e9tica por la que atraviesa el pa\u00eds y la situaci\u00f3n econ\u00f3mica y social de los argentinos, entre otros.<\/p>\n<p>En el \u00e1mbito local, el intercambio de opiniones rond\u00f3 en torno al aumento del 40 % otorgado recientemente a empleados estatales.<\/p>\n<p>En otro tramo de la reuni\u00f3n, remarc\u00f3 la necesidad del mundo de estar informados y comunicados y de la injerencia de las redes sociales dentro de este proceso.<\/p>\n<p>Finalmente, el gobernador agradeci\u00f3 a los Periodistas por su trabajo y destac\u00f3 su forma equilibrada de comunicar.<\/p>\n<p>Publicado el Viernes, 10 Junio de 2022<\/p>\n","protected":false},"excerpt":{"rendered":"<p>El gobernador de San Juan, Dr. Sergio U\u00f1ac, comparti\u00f3 el Viernes, 10 de Junio, un desayuno con los Periodistas San<\/p>\n","protected":false},"author":3,"featured_media":49767,"comment_status":"closed","ping_status":"closed","sticky":false,"template":"","format":"standard","meta":{"_acf_changed":false,"_seopress_robots_primary_cat":"none","_seopress_titles_title":"","_seopress_titles_desc":"","_seopress_robots_index":"","colormag_page_container_layout":"default_layout","colormag_page_sidebar_layout":"default_layout","footnotes":""},"categories":[1],"tags":[],"class_list":["post-49765","post","type-post","status-publish","format-standard","has-post-thumbnail","hentry","category-destacadas"],"acf":[],"_links":{"self":[{"href":"https:\/\/vocesparalelas.com.ar\/sitio\/wp-json\/wp\/v2\/posts\/49765","targetHints":{"allow":["GET"]}}],"collection":[{"href":"https:\/\/vocesparalelas.com.ar\/sitio\/wp-json\/wp\/v2\/posts"}],"about":[{"href":"https:\/\/vocesparalelas.com.ar\/sitio\/wp-json\/wp\/v2\/types\/post"}],"author":[{"embeddable":true,"href":"https:\/\/vocesparalelas.com.ar\/sitio\/wp-json\/wp\/v2\/users\/3"}],"replies":[{"embeddable":true,"href":"https:\/\/vocesparalelas.com.ar\/sitio\/wp-json\/wp\/v2\/comments?post=49765"}],"version-history":[{"count":1,"href":"https:\/\/vocesparalelas.com.ar\/sitio\/wp-json\/wp\/v2\/posts\/49765\/revisions"}],"predecessor-version":[{"id":49768,"href":"https:\/\/vocesparalelas.com.ar\/sitio\/wp-json\/wp\/v2\/posts\/49765\/revisions\/49768"}],"wp:featuredmedia":[{"embeddable":true,"href":"https:\/\/vocesparalelas.com.ar\/sitio\/wp-json\/wp\/v2\/media\/49767"}],"wp:attachment":[{"href":"https:\/\/vocesparalelas.com.ar\/sitio\/wp-json\/wp\/v2\/media?parent=49765"}],"wp:term":[{"taxonomy":"category","embeddable":true,"href":"https:\/\/vocesparalelas.com.ar\/sitio\/wp-json\/wp\/v2\/categories?post=49765"},{"taxonomy":"post_tag","embeddable":true,"href":"https:\/\/vocesparalelas.com.ar\/sitio\/wp-json\/wp\/v2\/tags?post=49765"}],"curies":[{"name":"wp","href":"https:\/\/api.w.org\/{rel}","templated":true}]}}