{"id":49756,"date":"2022-06-10T19:27:32","date_gmt":"2022-06-10T22:27:32","guid":{"rendered":"https:\/\/vocesparalelas.com.ar\/sitio\/?p=49756"},"modified":"2022-06-16T00:35:07","modified_gmt":"2022-06-16T03:35:07","slug":"entregan-la-distinciones-ciudadano-ilustre-y-personalidad-destacada-en-sesion-especial-de-la-camara-de-diputados-de-san-jun","status":"publish","type":"post","link":"https:\/\/vocesparalelas.com.ar\/sitio\/entregan-la-distinciones-ciudadano-ilustre-y-personalidad-destacada-en-sesion-especial-de-la-camara-de-diputados-de-san-jun\/","title":{"rendered":"Entregan la Distinciones \u201cCiudadano Ilustre\u201d\u00a0y \u00abPersonalidad Destacada\u00bb en Sesi\u00f3n Especial de la C\u00e1mara de Diputados de San Jun"},"content":{"rendered":"<p>La Primera Sesi\u00f3n Especial se desarrolla el Mi\u00e9rcoles, 15 de Junio, en cumplimiento de los art\u00edculos 6 y 7 de la Ley N\u00ba 68-F que establecen que la C\u00e1mara de Diputados entrega distinciones de \u201cCiudadano Ilustre\u201d y \u201cPersonalidad Destacada\u201d de la provincia de San Juan, en la semana de la Fundaci\u00f3n dela Ciudad de San Juan que comprende el 13 de Junio de 2022.<\/p>\n<p>Este reconocimiento se realiza a personas que han prestado servicios de gran importancia a la Provincia, a personalidades consagradas al estudio, profesi\u00f3n u oficio y en aportes elevados en beneficio de San Juan.<\/p>\n<p>De acuerdo a lo establecido por la normativa, el t\u00edtulo de \u201cCiudadano\/a Ilustre de la Provincia de San Juan\u201d, s\u00f3lo podr\u00e1n ser otorgados un m\u00e1ximo de tres distinciones anuales y consistir\u00e1n en una medalla alusiva en cuyo reverso llevar\u00e1 impreso el Escudo Oficial de la Provincia de San Juan, y un Diploma de Honor que lo acredite con copia de la norma legal pertinente.<\/p>\n<p>Asimismo, podr\u00e1n ser honradas con esta distinci\u00f3n las personalidades nacidas en San Juan o que hayan residido en ella durante diez a\u00f1os y que se hayan destacado por su obra o por su trayectoria en forma sobresaliente, cumplida en el campo de la pol\u00edtica, de la ciencia, de la cultura, del deporte o en defensa de los derechos sostenidos en la Constituci\u00f3n Provincial.<\/p>\n<p><strong><span style=\"color: #800080;\">Distinci\u00f3n \u201cCiudadano Ilustre\u201d\u00a0<\/span><\/strong><\/p>\n<ul>\n<li>Oscar Alcober<\/li>\n<li>Eduardo Pe\u00f1afort<\/li>\n<li>Juan Carlos Bataller<\/li>\n<\/ul>\n<p>Con respecto al art\u00edculo 7\u00ba, podr\u00e1n ser otorgadas un m\u00e1ximo de cinco distinciones de \u00abPersonalidad Destacada de la Provincia de San Juan\u00bb, por servicios de gran importancia prestados a la Provincia en el campo de su actividad pol\u00edtica, cient\u00edfica, sindical, empresarial, religiosa, period\u00edstica o cultural y que presume la inventiva, la abnegaci\u00f3n o la trayectoria distinguida del honrado. Para este caso se entrega un Diploma de Honor y copia de la norma legal pertinente.<\/p>\n<p><span style=\"color: #800080;\"><strong>Distinci\u00f3n \u00abPersonalidad Destacada\u00bb<\/strong><\/span><\/p>\n<ul>\n<li>Roberto Ruiz<\/li>\n<li>Pedro Rizo<\/li>\n<li>Nelly Brond de Taja<\/li>\n<li>Mario Pra Baldi<\/li>\n<\/ul>\n<p>Publicado el Viernes, 10 de Junio de 2022<\/p>\n","protected":false},"excerpt":{"rendered":"<p>La Primera Sesi\u00f3n Especial se desarrolla el Mi\u00e9rcoles, 15 de Junio, en cumplimiento de los art\u00edculos 6 y 7 de<\/p>\n","protected":false},"author":3,"featured_media":37951,"comment_status":"closed","ping_status":"closed","sticky":false,"template":"","format":"standard","meta":{"_acf_changed":false,"_seopress_robots_primary_cat":"none","_seopress_titles_title":"","_seopress_titles_desc":"","_seopress_robots_index":"","colormag_page_container_layout":"default_layout","colormag_page_sidebar_layout":"default_layout","footnotes":""},"categories":[1],"tags":[],"class_list":["post-49756","post","type-post","status-publish","format-standard","has-post-thumbnail","hentry","category-destacadas"],"acf":[],"_links":{"self":[{"href":"https:\/\/vocesparalelas.com.ar\/sitio\/wp-json\/wp\/v2\/posts\/49756","targetHints":{"allow":["GET"]}}],"collection":[{"href":"https:\/\/vocesparalelas.com.ar\/sitio\/wp-json\/wp\/v2\/posts"}],"about":[{"href":"https:\/\/vocesparalelas.com.ar\/sitio\/wp-json\/wp\/v2\/types\/post"}],"author":[{"embeddable":true,"href":"https:\/\/vocesparalelas.com.ar\/sitio\/wp-json\/wp\/v2\/users\/3"}],"replies":[{"embeddable":true,"href":"https:\/\/vocesparalelas.com.ar\/sitio\/wp-json\/wp\/v2\/comments?post=49756"}],"version-history":[{"count":1,"href":"https:\/\/vocesparalelas.com.ar\/sitio\/wp-json\/wp\/v2\/posts\/49756\/revisions"}],"predecessor-version":[{"id":49758,"href":"https:\/\/vocesparalelas.com.ar\/sitio\/wp-json\/wp\/v2\/posts\/49756\/revisions\/49758"}],"wp:featuredmedia":[{"embeddable":true,"href":"https:\/\/vocesparalelas.com.ar\/sitio\/wp-json\/wp\/v2\/media\/37951"}],"wp:attachment":[{"href":"https:\/\/vocesparalelas.com.ar\/sitio\/wp-json\/wp\/v2\/media?parent=49756"}],"wp:term":[{"taxonomy":"category","embeddable":true,"href":"https:\/\/vocesparalelas.com.ar\/sitio\/wp-json\/wp\/v2\/categories?post=49756"},{"taxonomy":"post_tag","embeddable":true,"href":"https:\/\/vocesparalelas.com.ar\/sitio\/wp-json\/wp\/v2\/tags?post=49756"}],"curies":[{"name":"wp","href":"https:\/\/api.w.org\/{rel}","templated":true}]}}