{"id":49650,"date":"2022-06-28T19:42:24","date_gmt":"2022-06-28T22:42:24","guid":{"rendered":"https:\/\/vocesparalelas.com.ar\/sitio\/?p=49650"},"modified":"2022-06-29T00:37:57","modified_gmt":"2022-06-29T03:37:57","slug":"parte-diario-junio-2022-sobre-el-coronavirus-en-san-juan","status":"publish","type":"post","link":"https:\/\/vocesparalelas.com.ar\/sitio\/parte-diario-junio-2022-sobre-el-coronavirus-en-san-juan\/","title":{"rendered":"Parte Diario Junio 2022 sobre el coronavirus en San Juan"},"content":{"rendered":"<p>El Ministerio de Salud P\u00fablica del Gobierno de San Juan informa el parte diario sobre el coronavirus en San Juan.<\/p>\n<hr \/>\n<p><strong><span style=\"color: #ff0000;\">Parte N\u00b0 756<\/span><\/strong><\/p>\n<p>El Ministerio de Salud P\u00fablica da a conocer los n\u00fameros de coronavirus registrados en la provincia correspondientes a la semana epidemiol\u00f3gica N\u00ba25 (19 al 25 de junio).<\/p>\n<p>En la semana se registraron cinco decesos a causa de COVID-19.<\/p>\n<p>Los fallecidos son: un hombre de 69 a\u00f1os, oriundo de Pocito, quien permanec\u00eda internado en el Hospital Dr. Marcial Quiroga; un hombre de 67 a\u00f1os, de Rivadavia, internado en el Hospital Dr. Marcial Quiroga; un hombre de 82 a\u00f1os, de Chimbas, internado en el Hospital Dr. Marcial Quiroga; un hombre de 65 a\u00f1os, de Santa Luc\u00eda, internado en el Hospital Privado y un hombre de 77 a\u00f1os, de Caucete, internado en el Hospital Dr. Marcial Quiroga.<\/p>\n<p>El Gobierno de San Juan transmite sus condolencias a los familiares, allegados y amigos y los acompa\u00f1a en este doloroso momento.<\/p>\n<p>Asimismo se da a conocer que durante la semana epidemiol\u00f3gica se registraron los siguientes n\u00fameros oficiales de casos de coronavirus en San Juan:<\/p>\n<div class=\"itemFullText\">\n<div class=\"itemFullText\">\n<div class=\"itemFullText\">\n<ul>\n<li>Nuevos casos: 509<\/li>\n<li>Total confirmados: 149.438<\/li>\n<li>Personas fallecidas (acumulado): 1.331<\/li>\n<li>Recuperados: 147.670<\/li>\n<li>Test negativos: 1.379<\/li>\n<\/ul>\n<\/div>\n<\/div>\n<p><span style=\"color: #ff0000;\"><strong>Parte de internados<\/strong><\/span><\/p>\n<p>Se encuentran internados 13 pacientes en total.<\/p>\n<p>7 pacientes internados en el \u00e1rea COVID-19 en Cl\u00ednica M\u00e9dica. 3 pacientes en internados en Terapia Intensiva, ning\u00fan paciente est\u00e1 recibiendo asistencia respiratoria mec\u00e1nica.<\/p>\n<p>Se encuentran internados dos pacientes pedi\u00e1tricos y una paciente embarazada\/pu\u00e9rpera.<\/p>\n<\/div>\n<hr \/>\n<p><strong><span style=\"color: #ff0000;\">Parte N\u00b0 755<\/span><\/strong><\/p>\n<p>El Ministerio de Salud P\u00fablica da a conocer los n\u00fameros de coronavirus registrados en la provincia correspondientes a la semana epidemiol\u00f3gica N\u00ba24 (12 al 18 de junio).<\/p>\n<p>En la semana no se registraron decesos a causa de COVID-19.<\/p>\n<div class=\"itemFullText\">\n<div class=\"itemFullText\">\n<div class=\"itemFullText\">\n<ul>\n<li>Nuevos casos: 527<\/li>\n<li>Total confirmados: 148.929<\/li>\n<li>Personas fallecidas (acumulado): 1.326<\/li>\n<li>Recuperados: 147.186<\/li>\n<li>Test negativos: 1.228<\/li>\n<\/ul>\n<\/div>\n<\/div>\n<p><strong><span style=\"color: #ff0000;\">Parte de internados<\/span><\/strong><\/p>\n<p>Se encuentran internados pacientes 8 en el \u00e1rea de COVID-19, 5 de los cuales permanecen en terapia intensiva. Uno de ellos recibe asistencia respiratoria mec\u00e1nica.<\/p>\n<p>En el \u00e1rea COVID-19 no hay pacientes pedi\u00e1tricos ni embarazadas\/pu\u00e9rperas internados.<\/p>\n<\/div>\n<hr \/>\n<p><strong><span style=\"color: #ff0000;\">Parte N\u00b0 754<\/span><\/strong><\/p>\n<p>El Ministerio de Salud P\u00fablica da a conocer los n\u00fameros de coronavirus registrados en la provincia correspondientes a la semana epidemiol\u00f3gica N\u00ba23 (5 al 11 de junio).<\/p>\n<p>En la semana se registraron tres decesos a causa de COVID-19.<\/p>\n<p>Los fallecidos son un hombre de 72 a\u00f1os, oriundo de Rivadavia, quien permanec\u00eda internado en el Hospital Dr. Marcial Quiroga; un hombre de 46 a\u00f1os, de Capital, internado en el Hospital Dr. Marcial Quiroga y una mujer de 80 a\u00f1os, de Chimbas, internada en la Cl\u00ednica El Casta\u00f1o.<\/p>\n<div class=\"itemFullText\">\n<div class=\"itemFullText\">\n<div class=\"itemFullText\">\n<ul>\n<li>Nuevos casos: 1.021<\/li>\n<li>Total confirmados: 148.402<\/li>\n<li>Personas fallecidas (acumulado): 1.326<\/li>\n<li>Recuperados: 146.552<\/li>\n<li>Test negativos: 1.672<\/li>\n<\/ul>\n<\/div>\n<\/div>\n<p><strong><span style=\"color: #ff0000;\">Parte de internados<\/span><\/strong><\/p>\n<p>Se encuentran internados pacientes 12 en el \u00e1rea de COVID-19, seis de los cuales permanecen en terapia intensiva. Uno de ellos recibe asistencia respiratoria mec\u00e1nica.<\/p>\n<p>En el \u00e1rea COVID-19 no hay pacientes pedi\u00e1tricos ni embarazadas\/pu\u00e9rperas internados.<\/p>\n<\/div>\n<hr \/>\n<p><strong><span style=\"color: #ff0000;\">Parte N\u00b0 753<\/span><\/strong><\/p>\n<div class=\"itemFullText\">\n<p>El Ministerio de Salud P\u00fablica da a conocer los n\u00fameros de coronavirus registrados en la provincia correspondientes a la semana epidemiol\u00f3gica N\u00ba22 (29 de mayo al 4 de junio).<\/p>\n<p>En la semana se registraron tres decesos a causa de COVID-19.<\/p>\n<p>Los fallecidos son un hombre de 80 a\u00f1os, oriundo de Santa Luc\u00eda, quien permanec\u00eda internado en el Hospital Dr. Marcial Quiroga; un hombre de 77 a\u00f1os, de Rawson, internado en el Hospital Dr. Marcial Quiroga y un hombre de 59 a\u00f1os, de Pocito, internado en el Hospital Dr. Marcial Quiroga.<\/p>\n<div class=\"itemFullText\">\n<div class=\"itemFullText\">\n<div class=\"itemFullText\">\n<ul>\n<li>Nuevos casos: 1.048<\/li>\n<li>Total confirmados: 147.381<\/li>\n<li>Personas fallecidas (acumulado): 1.323<\/li>\n<li>Recuperados: 145.311<\/li>\n<li>Test negativos: 1.566<\/li>\n<\/ul>\n<\/div>\n<\/div>\n<p><strong><span style=\"color: #ff0000;\">Parte de internados<\/span><\/strong><\/p>\n<p>Se encuentran internados 8 pacientes en el \u00e1rea de COVID-19, ninguno de los cuales permanece en terapia intensiva. No hay pacientes recibiendo asistencia respiratoria mec\u00e1nica.<\/p>\n<p>En el \u00e1rea COVID-19 hay un paciente pedi\u00e1trico; no hay embarazadas\/pu\u00e9rperas internados.<\/p>\n<\/div>\n<\/div>\n<div class=\"clr\"><\/div>\n<div class=\"itemContentFooter\"><\/div>\n","protected":false},"excerpt":{"rendered":"<p>El Ministerio de Salud P\u00fablica del Gobierno de San Juan informa el parte diario sobre el coronavirus en San Juan.<\/p>\n","protected":false},"author":3,"featured_media":29906,"comment_status":"closed","ping_status":"closed","sticky":false,"template":"","format":"standard","meta":{"_acf_changed":false,"_seopress_robots_primary_cat":"none","_seopress_titles_title":"","_seopress_titles_desc":"","_seopress_robots_index":"","colormag_page_container_layout":"default_layout","colormag_page_sidebar_layout":"default_layout","footnotes":""},"categories":[1],"tags":[],"class_list":["post-49650","post","type-post","status-publish","format-standard","has-post-thumbnail","hentry","category-destacadas"],"acf":[],"_links":{"self":[{"href":"https:\/\/vocesparalelas.com.ar\/sitio\/wp-json\/wp\/v2\/posts\/49650","targetHints":{"allow":["GET"]}}],"collection":[{"href":"https:\/\/vocesparalelas.com.ar\/sitio\/wp-json\/wp\/v2\/posts"}],"about":[{"href":"https:\/\/vocesparalelas.com.ar\/sitio\/wp-json\/wp\/v2\/types\/post"}],"author":[{"embeddable":true,"href":"https:\/\/vocesparalelas.com.ar\/sitio\/wp-json\/wp\/v2\/users\/3"}],"replies":[{"embeddable":true,"href":"https:\/\/vocesparalelas.com.ar\/sitio\/wp-json\/wp\/v2\/comments?post=49650"}],"version-history":[{"count":5,"href":"https:\/\/vocesparalelas.com.ar\/sitio\/wp-json\/wp\/v2\/posts\/49650\/revisions"}],"predecessor-version":[{"id":50277,"href":"https:\/\/vocesparalelas.com.ar\/sitio\/wp-json\/wp\/v2\/posts\/49650\/revisions\/50277"}],"wp:featuredmedia":[{"embeddable":true,"href":"https:\/\/vocesparalelas.com.ar\/sitio\/wp-json\/wp\/v2\/media\/29906"}],"wp:attachment":[{"href":"https:\/\/vocesparalelas.com.ar\/sitio\/wp-json\/wp\/v2\/media?parent=49650"}],"wp:term":[{"taxonomy":"category","embeddable":true,"href":"https:\/\/vocesparalelas.com.ar\/sitio\/wp-json\/wp\/v2\/categories?post=49650"},{"taxonomy":"post_tag","embeddable":true,"href":"https:\/\/vocesparalelas.com.ar\/sitio\/wp-json\/wp\/v2\/tags?post=49650"}],"curies":[{"name":"wp","href":"https:\/\/api.w.org\/{rel}","templated":true}]}}