{"id":49592,"date":"2022-06-06T23:54:11","date_gmt":"2022-06-07T02:54:11","guid":{"rendered":"https:\/\/vocesparalelas.com.ar\/sitio\/?p=49592"},"modified":"2022-06-06T23:54:11","modified_gmt":"2022-06-07T02:54:11","slug":"resultados-de-la-mesa-de-dialogo-con-los-docentes-autoconvocados-de-san-juan","status":"publish","type":"post","link":"https:\/\/vocesparalelas.com.ar\/sitio\/resultados-de-la-mesa-de-dialogo-con-los-docentes-autoconvocados-de-san-juan\/","title":{"rendered":"Resultados de la Mesa de Di\u00e1logo con los Docentes Autoconvocados de San Juan"},"content":{"rendered":"<p>En la Mesa de di\u00e1logo docente, con la participaci\u00f3n de las ministros de Educaci\u00f3n, Prof. Cecilia Trincado y de Hacienda y Finanzas, CPN Marisa L\u00f3pez, los representantes de los gremios docentes UDAP, UDA y AMET y las referentes de docentes autoconvocados se abordaron los siguientes temas que fueron tratados oportunamente en paritarias:<\/p>\n<ul>\n<li>Acortamiento de los tramos establecidos en el acuerdo paritario.<\/li>\n<li>Mejoramiento de los radios 4; 5; 6 y 7.<\/li>\n<li>Continuar la revisi\u00f3n integral del decreto 155\/2011, estableci\u00e9ndose un plazo para ello y retroactivo al mes de Junio.<\/li>\n<li>Por su parte, el Gobierno se compromete a no descontar ni aplicar sanciones por los d\u00edas 2, 3 y 6 de Junio no trabajados, si se retoma el normal dictado de clases a partir del Martes, 7 de Junio de 2022.<\/li>\n<\/ul>\n<p>En el marco del di\u00e1logo, los docentes autoconvocados consultan con sus colegas representados lo conversado con gremios y Gobierno de San Juan.<\/p>\n<p>Los representantes de los autoconvocados se comprometen a brindar una respuesta el d\u00eda Mi\u00e9rcoles, 8 de Junio, a las 12 hs.<\/p>\n<p>Una vez recibida la propuesta, la misma ser\u00e1 analizada y se brindar\u00e1 la respuesta pertinente por el Gobierno de San Juan.<\/p>\n<p>&nbsp;<\/p>\n<p>&nbsp;<\/p>\n","protected":false},"excerpt":{"rendered":"<p>En la Mesa de di\u00e1logo docente, con la participaci\u00f3n de las ministros de Educaci\u00f3n, Prof. Cecilia Trincado y de Hacienda<\/p>\n","protected":false},"author":3,"featured_media":49594,"comment_status":"closed","ping_status":"closed","sticky":false,"template":"","format":"standard","meta":{"_acf_changed":false,"_seopress_robots_primary_cat":"none","_seopress_titles_title":"","_seopress_titles_desc":"","_seopress_robots_index":"","colormag_page_container_layout":"default_layout","colormag_page_sidebar_layout":"default_layout","footnotes":""},"categories":[1],"tags":[],"class_list":["post-49592","post","type-post","status-publish","format-standard","has-post-thumbnail","hentry","category-destacadas"],"acf":[],"_links":{"self":[{"href":"https:\/\/vocesparalelas.com.ar\/sitio\/wp-json\/wp\/v2\/posts\/49592","targetHints":{"allow":["GET"]}}],"collection":[{"href":"https:\/\/vocesparalelas.com.ar\/sitio\/wp-json\/wp\/v2\/posts"}],"about":[{"href":"https:\/\/vocesparalelas.com.ar\/sitio\/wp-json\/wp\/v2\/types\/post"}],"author":[{"embeddable":true,"href":"https:\/\/vocesparalelas.com.ar\/sitio\/wp-json\/wp\/v2\/users\/3"}],"replies":[{"embeddable":true,"href":"https:\/\/vocesparalelas.com.ar\/sitio\/wp-json\/wp\/v2\/comments?post=49592"}],"version-history":[{"count":1,"href":"https:\/\/vocesparalelas.com.ar\/sitio\/wp-json\/wp\/v2\/posts\/49592\/revisions"}],"predecessor-version":[{"id":49595,"href":"https:\/\/vocesparalelas.com.ar\/sitio\/wp-json\/wp\/v2\/posts\/49592\/revisions\/49595"}],"wp:featuredmedia":[{"embeddable":true,"href":"https:\/\/vocesparalelas.com.ar\/sitio\/wp-json\/wp\/v2\/media\/49594"}],"wp:attachment":[{"href":"https:\/\/vocesparalelas.com.ar\/sitio\/wp-json\/wp\/v2\/media?parent=49592"}],"wp:term":[{"taxonomy":"category","embeddable":true,"href":"https:\/\/vocesparalelas.com.ar\/sitio\/wp-json\/wp\/v2\/categories?post=49592"},{"taxonomy":"post_tag","embeddable":true,"href":"https:\/\/vocesparalelas.com.ar\/sitio\/wp-json\/wp\/v2\/tags?post=49592"}],"curies":[{"name":"wp","href":"https:\/\/api.w.org\/{rel}","templated":true}]}}