{"id":49589,"date":"2022-06-06T23:11:00","date_gmt":"2022-06-07T02:11:00","guid":{"rendered":"https:\/\/vocesparalelas.com.ar\/sitio\/?p=49589"},"modified":"2022-06-06T23:11:05","modified_gmt":"2022-06-07T02:11:05","slug":"comercios-de-san-juan-ofrecen-descuentos-en-junio-mes-del-padre","status":"publish","type":"post","link":"https:\/\/vocesparalelas.com.ar\/sitio\/comercios-de-san-juan-ofrecen-descuentos-en-junio-mes-del-padre\/","title":{"rendered":"Comercios de San Juan ofrecen descuentos en Junio \u00abMes del Padre\u00bb"},"content":{"rendered":"<div class=\"itemFullText\">\n<p>El Ministerio de Producci\u00f3n y Desarrollo Econ\u00f3mico a trav\u00e9s de la Secretar\u00eda de Industria, Comercio y Servicios ofrecen importantes descuentos de comerciantes sanjuaninos con motivo de celebrar el D\u00eda del Padre.<\/p>\n<p>Dentro del programa Eleg\u00ed Bien, Compr\u00e1 Mejor se desarrollar\u00e1 el Mes del Padre desde el Lunes, 6 al Jueves, 30 de Junio. Cada local adherido cuenta con una urna, donde los clientes depositan su cup\u00f3n y pueden participar de un sorteo a realizarse el 8 de Julio.<\/p>\n<p><span style=\"color: #339966;\"><strong>Los premios para los clientes ganadores son los siguientes:<\/strong><\/span><\/p>\n<ul>\n<li>1\u00b0 y 2\u00b0 Premio: Una estada de dos (2) noches de alojamiento para dos personas desayuno incluido, en Rodeo Iglesia.<\/li>\n<\/ul>\n<ul>\n<li>3\u00b0 Premio: Una estada de dos (2) noches de alojamiento para dos personas desayuno incluido, en Calingasta.<\/li>\n<li>4\u00ba al 13\u00ba Premio: 10 (diez) canastas con productos Origen San Juan.<\/li>\n<\/ul>\n<p>Por otro lado, los comercios adheridos tambi\u00e9n pueden participar del sorteo por estos premios:<\/p>\n<ul>\n<li>1\u00b0 y 2\u00b0 Premio: Una Notebook.<\/li>\n<li>3\u00b0 y 4\u00b0 Premio: Una Impresora.<\/li>\n<\/ul>\n<p><span style=\"color: #339966;\"><strong>Listado de comercios adheridos<\/strong><\/span><\/p>\n<ul>\n<li>La Reina \u2013 Panader\u00eda \u2013 Ignacio de La Roza 1337 oeste, Capital.<\/li>\n<li>Gourmad \u2013 Panader\u00eda \u2013 Avenida C\u00f3rdoba 682 oeste, Capital.<\/li>\n<li>El Bail\u00f3n \u2013 Panader\u00eda \u2013 25 de Mayo 82 este, Capital.<\/li>\n<li>Confiter\u00eda El \u00c1guila \u2013 Panader\u00eda \u2013 Entre R\u00edos 382, Capital.<\/li>\n<li>La Colonial \u2013 Panader\u00eda \u2013 General Acha y Larra\u00edn, Capital.<\/li>\n<li>La Colonial \u2013 Panader\u00eda \u2013 Avenida Rawson y Juan Jufr\u00e9, Capital.<\/li>\n<li>T\u00e9 Encuento Sin TACC \u2013 Panader\u00eda \u2013 Avenida Alem 1182 norte, Capital.<\/li>\n<li>Iberia \u2013 Panader\u00eda &#8211; Ameghino 62 norte, Capital.<\/li>\n<li>Monet \u2013 Panader\u00eda &#8211; Laprida 632 este, Capital.<\/li>\n<li>Cerro Blanco \u2013 Panader\u00eda &#8211; 21 de Septiembre y Monse\u00f1or Gallardo, Villa B. Nievas, Zonda.<\/li>\n<li>Descorcha2 \u2013 Vinoteca \u2013 Calle Meglioli 528 sur, Capital.<\/li>\n<li>Vino y Arte \u2013 Vinoteca \u2013 Avenida Libertador 227 oeste, Capital.<\/li>\n<li>Almac\u00e9n de Bebidas Fabi\u00e1n Albarrac\u00edn \u2013 Vinoteca \u2013 Juan Jufr\u00e9 150 este, Capital.<\/li>\n<li>Ugarte, vinos para amigos \u2013 Vinoteca \u2013 Nueva Espa\u00f1a 446 Sur. B\u00b0 Santo Tom\u00e1s, Santa Luc\u00eda.<\/li>\n<li>Vitis, casa de bebidas \u2013 Vinoteca \u2013 Avenida Ignacio De La Roza 981 oeste, Capital.<\/li>\n<li>Un bar a tu gusto \u2013 Distribuidora y Vinoteca \u2013 Mendoza 2343 sur, Rawson.<\/li>\n<li>Club de vinos Corcho Negro \u2013 Vinoteca &#8211; Aberastain 178 sur, Capital.<\/li>\n<li>Cava de Vinos y Bebidas \u2013 Vinoteca \u2013 9 de Julio esquina Del Bono Sur. Local 1, Capital.<\/li>\n<li>La Vieja Casona \u2013 Vinoteca &#8211; Abraham Tapia 1300 sur, Rawson.<\/li>\n<li>Go Bar San Juan \u2013 Vinoteca \u2013 Ameghino 230 sur, Capital.<\/li>\n<li>Go Bar San Juan \u2013 Vinoteca \u2013 Avenida Libertador 3629 oeste, Rivadavia.<\/li>\n<li>Chateu \u2013 Vinoteca \u2013 Ameghino 472 sur, Capital.<\/li>\n<li>Chateu \u2013 Vinoteca \u2013 Balaguer 72 sur Entre Libertador y Laprida, Santa Luc\u00eda.<\/li>\n<li>American Bar \u2013 Vinoteca \u2013 Avenida Libertador 3136 oeste, Rivadavia.<\/li>\n<li>Distribuidora Coll \u2013 Vinoteca \u2013 Sargento Cabral 2202 oeste, Capital.<\/li>\n<li>Ritual del Vino \u2013 Vinoteca \u2013 General Acha 113 norte, Capital.<\/li>\n<li>El Tr\u00e9bol \u2013 Vinoteca &#8211; Avenida Ignacio De La Roza 1946 oeste, Capital.<\/li>\n<li>Emma \u2013 Av\u00edcola \u2013 Brasil 2317 oeste, Capital.<\/li>\n<li>Mundo Pollo \u2013 Av\u00edcola \u2013 Salta 411 sur, Capital.<\/li>\n<li>Sayde\u00e9 \u2013 Av\u00edcola \u2013 Villa Krause, Rawson.<\/li>\n<li>Sayde\u00e9 \u2013 Av\u00edcola \u2013 Avenida Nazario Benav\u00eddez 1139 oeste, Chimbas.<\/li>\n<li>Soles \u2013 Av\u00edcola &#8211; Sargento Cabral 1163 este, Capital.<\/li>\n<li>Embutidos Papotti \u2013 Chacinados \u2013 Juan Jufr\u00e9 113 este, Capital.<\/li>\n<li>Embutidos Papotti \u2013 Chacinados \u2013 9 de Julio esquina Avenida Cirvunvalaci\u00f3n, local 3, Rivadavia.<\/li>\n<li>F\u00e1brica de Embutidos Palones \u2013 Chacinados \u2013 Salta 431, San Juan.<\/li>\n<li>La casa del Chacinado \u2013 Chacinados \u2013 Manuel Belgrano 438 este, Capital.<\/li>\n<li>S\u00faper N\u00e1poli \u2013 Supermercado &#8211; Rivadavia 175, Capital.<\/li>\n<li>S\u00faper Obrero \u2013 Supermercado \u2013 Avenida Benavidez y Reastreador Calivar, Chimbas.<\/li>\n<li>Autoservicio Av\u00edcola Myriam \u2013 Supermercado &#8211; Avenida Libertador San Mart\u00edn 2324 &#8211; O &#8211; \u00a0Capital.<\/li>\n<li>Supermercado Olivera \u2013 Supermercado \u2013 Albard\u00f3n.<\/li>\n<li>Supermercado Bonetti \u2013 Supermercado \u2013 J\u00e1chal.<\/li>\n<li>Mi Super \u2013 Supermercado \u2013 Angaco.<\/li>\n<li>Supermercado Integral Santa Rosa \u2013 Supermercado \u2013 25 de Mayo.<\/li>\n<li>Supermercado Leiva \u2013 Supermercado \u2013 Pocito.<\/li>\n<li>Santa Isabel \u2013 Supermercado \u2013 Capital.<\/li>\n<li>Autoservicio Anilu SRL \u2013 Supermercado \u2013 Iglesia.<\/li>\n<li>Zega Autoservicio \u2013 Supermercado \u2013 9 de Julio.<\/li>\n<li>Autoservicio Micaela \u2013 Supermercado \u2013 Ullum.<\/li>\n<li>Casa Antonia \u2013 Supermercado \u2013 San Mart\u00edn.<\/li>\n<li>Do\u00f1a Susana \u2013 Supermercado \u2013 Angaco.<\/li>\n<li>Distribuidora Gerardo \u2013 Supermercado \u2013 Rodeo, Iglesia.<\/li>\n<li>Mini Market Kassia \u2013 Supermercado \u2013 Albard\u00f3n.<\/li>\n<li>Super B\u00faho \u2013 Supermercado \u2013 Rivadavia.<\/li>\n<li>S\u00faper Bethel \u2013 Supermercado \u2013 9 de Julio.<\/li>\n<li>Salvador Gonz\u00e1lez \u2013 Supermercado &#8211; Jos\u00e9 Ignacio De La Roza Oeste, Capital.<\/li>\n<li>Merco S\u00faper \u2013 Supermercado &#8211; 25 de Mayo 1645 Oeste, Capital.<\/li>\n<li>Liber &#8211; Supermercado &#8211; Avenida Libertador 2711 Oeste, Capital.<\/li>\n<li>Super Market &#8211; Supermercado &#8211; Esteban Echeverr\u00eda 975 Sur, Capital.<\/li>\n<li>Don Pocholo \u2013 Supermercado \u2013 Calingasta.<\/li>\n<li>G\u00f3mez Antonio e hijos \u2013 Rotiser\u00eda \u2013 General Acha 447 sur, Capital.<\/li>\n<li>Paellas Gabriel \u2013 Rotiser\u00eda \u2013 Avenida Mendoza 1824 sur, Rawson.<\/li>\n<li>Paellas Manolo \u2013 Rotiser\u00eda \u2013 General Acha 447 sur, Capital.<\/li>\n<li>La Cantina del Espa\u00f1ol \u2013 Rotiser\u00eda \u2013 Rivadavia 32 este, Capital.<\/li>\n<li>Robles Pinturer\u00edas SRL \u2013 Ferreter\u00eda &#8211; 9 de Julio 1099 este, Capital.<\/li>\n<li>Robles Pinturer\u00edas SRL \u2013 Ferreter\u00eda &#8211; Mendoza 734 sur, Capital.<\/li>\n<li>Los Santori \u2013 Pastas &#8211; Sargento Cabral 2144 Oeste, Capital.<\/li>\n<li>La Pasta \u2013 Pastas \u2013 Nuche 1591 oeste, Capital.<\/li>\n<li>La Cuyanita \u2013 Pastas \u2013Sarmiento 249 norte, Capital.<\/li>\n<li>La Cuyanita \u2013 Pastas \u2013Avenida Jos\u00e9 Ignacio de la Roza 1414 oeste, Capital.<\/li>\n<li>La Porte\u00f1a \u2013 Pastas \u2013 Ameghino 33 norte, Capital.<\/li>\n<li>La Ernestina \u2013 Pastas \u2013 Chile 122 oeste, Capital.<\/li>\n<li>Reggio \u2013 Pastas \u2013 General Paz 2149 este, Santa Luc\u00eda.<\/li>\n<li>San Genaro \u2013 Pastas \u2013 Avenida Ignacio de la Roza 2027 oeste \u2013 Rivadavia.<\/li>\n<li>M&amp;M Ginestar \u2013 Pastas \u2013 Avenida C\u00f3rdoba esquina Segundino Navarro, Capital.<\/li>\n<li>De la Pepa \u2013 Indumentaria &#8211; Peatonal Rivadavia 138 este, Capital.<\/li>\n<li>Milagros Gelvez \u2013 Indumentaria &#8211; Espa\u00f1a 2002 sur, Rawson.<\/li>\n<li>Egos \u2013 indumentaria \u2013 Boulevard Sarmiento 143 oeste, Rawson.<\/li>\n<li>Apa \u2013 Indumentaria &#8211; Galer\u00eda Laprida Local 9, Capital.<\/li>\n<li>Madness \u2013 Indumentaria \u2013 Galer\u00eda Central, Capital.<\/li>\n<li>Waiting \u2013 Indumentaria &#8211; Paseo Libertad San Juan Local 91, Capital.<\/li>\n<li>Kiwi \u2013 Indumentaria &#8211; Galer\u00eda Central Local 25, Capital.<\/li>\n<li>Extreme \u2013 Indumentaria &#8211; Paseo Libertad San Juan Local 640, Capital.<\/li>\n<li>Tifra \u2013 Indumentaria &#8211; Patio Alvear local 77 1\u00b0 piso, Capital.<\/li>\n<li>Maxi Brant \u2013 Indumentaria \u2013 Laprida 267 este, Capital.<\/li>\n<li>Maxi Brant \u2013 Indumentaria &#8211; Laprida 156 este, Capital.<\/li>\n<li>Maxi Brant \u2013 Indumentaria &#8211; Rivadavia 225 este, Capital.<\/li>\n<li>Maxi Brant \u2013 Indumentaria \u2013 Paseo Libertad Local 70, Capital.<\/li>\n<li>Maxi Brant \u2013 Indumentaria &#8211; Presidente Roca Sin N\u00famero \u2013 Barreal.<\/li>\n<li>Maxi Brant \u2013 Indumentaria &#8211; Diagonal Sarmiento 766, Caucete.<\/li>\n<li>Maxi Brant \u2013 Indumentaria &#8211; San Martin 620, J\u00e1chal.<\/li>\n<li>Maxi Brant \u2013 Indumentaria &#8211; Boulevard Sarmiento 419, Rawson.<\/li>\n<li>Maxi Brant \u2013 Indumentaria \u2013 Avenida Libertador San Martin 167, Capital.<\/li>\n<li>Maxi Brant \u2013 Indumentaria &#8211; Ingeniero Marco Zalazar 870 V\u00b0 Aberastain, Pocito.<\/li>\n<li>Maxi Brant \u2013 Indumentaria &#8211; 25 de Mayo S\/N esquina Barboza V\u00b0 Media Agua, Sarmiento.<\/li>\n<li>Sport Brant \u2013 Indumentaria &#8211; Tucum\u00e1n 261 Sur, Capital.<\/li>\n<li>\u00d3ptica Argentina \u2013 \u00f3ptica &#8211; Galer\u00eda Central Local 3, Capital.<\/li>\n<li>Bajo Cuerda \u2013 Instrumentos musicales \u2013 Avenida Ignacio de la Roza 161 este, Capital.<\/li>\n<li>Vita.Acces \u2013 Regaler\u00eda &#8211; General Acha 240 sur, Galer\u00eda Provincial Local 35, Capital.<\/li>\n<li>Surya \u2013 Regaler\u00eda &#8211; Arturo Ilia 4368 oeste, Rivadavia.<\/li>\n<li>Alto Capricho \u2013 Regaler\u00eda &#8211; Galer\u00eda Alto Rivadavia Local 13, Capital.<\/li>\n<li>Continente Calzados \u2013 Calzado \u2013 Rivadavia 120 este, Capital.<\/li>\n<li>Continente Calzados \u2013 Calzado &#8211; Santa Mar\u00eda de Oro 399, Caucete.<\/li>\n<li>Continente Calzados \u2013 Calzado &#8211; San Juan 441, J\u00e1chal.<\/li>\n<li>Continente Calzados \u2013 Calzado \u2013 Paseo Libertad San Juan Local 110, Capital.<\/li>\n<li>Continente Calzados \u2013 Calzado &#8211; Aberastain Sur, Pocito.<\/li>\n<li>Continente Calzados \u2013 Calzado &#8211; Boulevard Sarmiento 99 este, Rawson.<\/li>\n<li>Calzados Alberto \u2013 Calzados \u2013 General Acha 176 sur, Capital.<\/li>\n<li>Calzados Alberto \u2013 Calzados &#8211; Avenida Rioja 25 sur, Capital.<\/li>\n<li>Calzados Alberto \u2013 Calzados &#8211; Tucum\u00e1n entre Avenida Libertador y Laprida, Capital.<\/li>\n<li>Calzados Alberto \u2013 Calzados &#8211; Mendoza 386, Chimbas.<\/li>\n<li>Ringo \u2013 Electro y accesorios<\/li>\n<li>Laia \u2013 Perfumer\u00eda &#8211; Espa\u00f1a 2995 sur, Capital.<\/li>\n<li>De Paula \u2013 Accesorios \u2013 Galer\u00eda Laprida Local 11, Capital.<\/li>\n<li>Jos\u00e9 Luis Rivas \u2013 Accesorios &#8211; Galer\u00eda Central Local 8, Capital.<\/li>\n<li>Reci\u00e9n Pintado \u2013 Accesorios &#8211; Galer\u00eda Central Local 24, Capital.<\/li>\n<li>M y G \u2013 Joyer\u00eda &#8211; Tucum\u00e1n 215 sur, Capital.<\/li>\n<li>Montilla \u2013 Chocolater\u00eda &#8211; Avenida Libertador 1826, Capital.<\/li>\n<\/ul>\n<p><strong><span style=\"color: #339966;\">Para acceder a los descuentos hay que ingresar a la p\u00e1gina web:\u00a0<\/span><\/strong><\/p>\n<p><a href=\"http:\/\/www.elegibiencompramejor.gob.ar\/\">www.elegibiencompramejor.gob.ar<\/a>.<\/p>\n<p>Cada comercio sube sus cupones de descuento con beneficios exclusivos.<\/p>\n<\/div>\n<div class=\"clr\"><\/div>\n<div class=\"itemContentFooter\"><span class=\"itemDateModified\">Publicado el Lunes, 06 Junio 2022<\/span><\/div>\n","protected":false},"excerpt":{"rendered":"<p>El Ministerio de Producci\u00f3n y Desarrollo Econ\u00f3mico a trav\u00e9s de la Secretar\u00eda de Industria, Comercio y Servicios ofrecen importantes descuentos<\/p>\n","protected":false},"author":3,"featured_media":1815,"comment_status":"closed","ping_status":"closed","sticky":false,"template":"","format":"standard","meta":{"_acf_changed":false,"_seopress_robots_primary_cat":"none","_seopress_titles_title":"","_seopress_titles_desc":"","_seopress_robots_index":"","colormag_page_container_layout":"default_layout","colormag_page_sidebar_layout":"default_layout","footnotes":""},"categories":[1],"tags":[],"class_list":["post-49589","post","type-post","status-publish","format-standard","has-post-thumbnail","hentry","category-destacadas"],"acf":[],"_links":{"self":[{"href":"https:\/\/vocesparalelas.com.ar\/sitio\/wp-json\/wp\/v2\/posts\/49589","targetHints":{"allow":["GET"]}}],"collection":[{"href":"https:\/\/vocesparalelas.com.ar\/sitio\/wp-json\/wp\/v2\/posts"}],"about":[{"href":"https:\/\/vocesparalelas.com.ar\/sitio\/wp-json\/wp\/v2\/types\/post"}],"author":[{"embeddable":true,"href":"https:\/\/vocesparalelas.com.ar\/sitio\/wp-json\/wp\/v2\/users\/3"}],"replies":[{"embeddable":true,"href":"https:\/\/vocesparalelas.com.ar\/sitio\/wp-json\/wp\/v2\/comments?post=49589"}],"version-history":[{"count":1,"href":"https:\/\/vocesparalelas.com.ar\/sitio\/wp-json\/wp\/v2\/posts\/49589\/revisions"}],"predecessor-version":[{"id":49591,"href":"https:\/\/vocesparalelas.com.ar\/sitio\/wp-json\/wp\/v2\/posts\/49589\/revisions\/49591"}],"wp:featuredmedia":[{"embeddable":true,"href":"https:\/\/vocesparalelas.com.ar\/sitio\/wp-json\/wp\/v2\/media\/1815"}],"wp:attachment":[{"href":"https:\/\/vocesparalelas.com.ar\/sitio\/wp-json\/wp\/v2\/media?parent=49589"}],"wp:term":[{"taxonomy":"category","embeddable":true,"href":"https:\/\/vocesparalelas.com.ar\/sitio\/wp-json\/wp\/v2\/categories?post=49589"},{"taxonomy":"post_tag","embeddable":true,"href":"https:\/\/vocesparalelas.com.ar\/sitio\/wp-json\/wp\/v2\/tags?post=49589"}],"curies":[{"name":"wp","href":"https:\/\/api.w.org\/{rel}","templated":true}]}}