{"id":49584,"date":"2022-06-06T22:58:51","date_gmt":"2022-06-07T01:58:51","guid":{"rendered":"https:\/\/vocesparalelas.com.ar\/sitio\/?p=49584"},"modified":"2022-06-06T22:58:51","modified_gmt":"2022-06-07T01:58:51","slug":"se-lanza-la-mesa-provincial-por-la-identidad-en-san-juan","status":"publish","type":"post","link":"https:\/\/vocesparalelas.com.ar\/sitio\/se-lanza-la-mesa-provincial-por-la-identidad-en-san-juan\/","title":{"rendered":"Se lanza la Mesa Provincial por la Identidad en San Juan"},"content":{"rendered":"<div class=\"itemFullText\">\n<p>El gobernador de San Juan, Dr. Sergio U\u00f1ac recibi\u00f3 al subsecretario de Coordinaci\u00f3n Pol\u00edtica e Institucional de Jefatura de Gabinete, Sebasti\u00e1n Ben\u00edtez Molas, con quien dialog\u00f3 sobre la articulaci\u00f3n de los distintos programas que desarrollan en forma conjunta Provincia y Naci\u00f3n, as\u00ed como del lanzamiento de la Mesa Provincial por la Identidad.<\/p>\n<p>Estuvieron presentes adem\u00e1s en el encuentro Natalia Mainoldi, directora del Consejo Consultivo del Consejo Nacional de Pol\u00edticas Sociales; la coordinadora del Sistema de Identificaci\u00f3n Nacional Tributario y Social, Florencia Espinosa; el subsecretario de Gobierno Abierto y Pa\u00eds Digital, C\u00e9sar Gazzo y el integrante de la Direcci\u00f3n de Relaciones Internacionales del Consejo Nacional de Pol\u00edticas Sociales, Mat\u00edas Sotomayor.<\/p>\n<p>Al t\u00e9rmino del encuentro, Molas explic\u00f3 que la visita tuvo como objeto que \u201carticular nuestra red federal y actualizar las gestiones tanto de la Provincia como de Naci\u00f3n. A la vez, buscamos mejorar la fluidez de Naci\u00f3n y los datos que estamos teniendo para trabajar todos los programas nacionales que llegan a la Provincia\u00bb.<\/p>\n<p>El funcionario nacional agreg\u00f3 que el gobernador inst\u00f3 a los participantes de la reuni\u00f3n a \u00abcontinuar trabajando en forma articulada con el Gobierno provincial para beneficio de todos los sanjuaninos\u00bb.<\/p>\n<p><span style=\"color: #99cc00;\"><strong>Se lanza la Mesa Provincial por la Identidad en la Provincia de San Juan<\/strong><\/span><\/p>\n<p>El programa Accionar Identidad apunta a acompa\u00f1ar y detectar aquellas personas que no tienen acceso a la identidad jur\u00eddica y que nunca fueron inscriptas con partida de nacimiento.<\/p>\n<p>La directora del Consejo Consultivo de Pol\u00edticas Sociales, Natalia Mainoldi, sostuvo que en el marco de la mencionada iniciativa la Naci\u00f3n \u00abviene trabajando desde el a\u00f1o pasado con el defensor del Pueblo, Pablo Garc\u00eda Nieto y este martes vamos lanzar la Mesa Provincial por la Identidad en la Provincia de San Juan. Est\u00e1 constituida por todo el gabinete, varios ministerios y el presidente de la Corte de la Justicia y tiene como objetivo profundizar las pol\u00edticas que venimos impulsando conjuntamente\u201d, dijo la funcionaria nacional.<\/p>\n<p>Mainoldi acot\u00f3 que \u201cel programa Accionar Identidad es para acompa\u00f1ar y detectar aquellas personas que no tienen acceso a la identidad jur\u00eddica que nunca fueron inscriptas con partida de nacimiento. Hacemos un trabajo interdisciplinario que es transversal a todas las \u00e1reas; buscamos a las personas activamente, les gestionamos el certificado de preidentificaci\u00f3n y las acompa\u00f1amos al acceso a su partida de nacimiento y su identidad\u201d.<\/p>\n<p>El acto de lanzamiento de la Mesa tendr\u00e1 lugar este martes a las 10 de la ma\u00f1ana, en la sede de la Defensor\u00eda del Pueblo.<\/p>\n<p><iframe loading=\"lazy\" title=\"Reuni\u00f3n con  funcionarios jefatura de gabinete de la Naci\u00f3n  y Consejo de pol\u00edticas Sociales\" width=\"800\" height=\"450\" src=\"https:\/\/www.youtube.com\/embed\/fa5mPmuRo9U?feature=oembed\" frameborder=\"0\" allow=\"accelerometer; autoplay; clipboard-write; encrypted-media; gyroscope; picture-in-picture\" allowfullscreen><\/iframe><\/p>\n<\/div>\n<div class=\"clr\"><\/div>\n<div class=\"itemContentFooter\"><span class=\"itemDateModified\">Publicado el Lunes, 06 Junio 2022<\/span><\/div>\n","protected":false},"excerpt":{"rendered":"<p>El gobernador de San Juan, Dr. Sergio U\u00f1ac recibi\u00f3 al subsecretario de Coordinaci\u00f3n Pol\u00edtica e Institucional de Jefatura de Gabinete,<\/p>\n","protected":false},"author":3,"featured_media":49586,"comment_status":"closed","ping_status":"closed","sticky":false,"template":"","format":"video","meta":{"_acf_changed":false,"_seopress_robots_primary_cat":"none","_seopress_titles_title":"","_seopress_titles_desc":"","_seopress_robots_index":"","colormag_page_container_layout":"default_layout","colormag_page_sidebar_layout":"default_layout","footnotes":""},"categories":[1,7],"tags":[],"class_list":["post-49584","post","type-post","status-publish","format-video","has-post-thumbnail","hentry","category-destacadas","category-videos","post_format-post-format-video"],"acf":[],"_links":{"self":[{"href":"https:\/\/vocesparalelas.com.ar\/sitio\/wp-json\/wp\/v2\/posts\/49584","targetHints":{"allow":["GET"]}}],"collection":[{"href":"https:\/\/vocesparalelas.com.ar\/sitio\/wp-json\/wp\/v2\/posts"}],"about":[{"href":"https:\/\/vocesparalelas.com.ar\/sitio\/wp-json\/wp\/v2\/types\/post"}],"author":[{"embeddable":true,"href":"https:\/\/vocesparalelas.com.ar\/sitio\/wp-json\/wp\/v2\/users\/3"}],"replies":[{"embeddable":true,"href":"https:\/\/vocesparalelas.com.ar\/sitio\/wp-json\/wp\/v2\/comments?post=49584"}],"version-history":[{"count":1,"href":"https:\/\/vocesparalelas.com.ar\/sitio\/wp-json\/wp\/v2\/posts\/49584\/revisions"}],"predecessor-version":[{"id":49587,"href":"https:\/\/vocesparalelas.com.ar\/sitio\/wp-json\/wp\/v2\/posts\/49584\/revisions\/49587"}],"wp:featuredmedia":[{"embeddable":true,"href":"https:\/\/vocesparalelas.com.ar\/sitio\/wp-json\/wp\/v2\/media\/49586"}],"wp:attachment":[{"href":"https:\/\/vocesparalelas.com.ar\/sitio\/wp-json\/wp\/v2\/media?parent=49584"}],"wp:term":[{"taxonomy":"category","embeddable":true,"href":"https:\/\/vocesparalelas.com.ar\/sitio\/wp-json\/wp\/v2\/categories?post=49584"},{"taxonomy":"post_tag","embeddable":true,"href":"https:\/\/vocesparalelas.com.ar\/sitio\/wp-json\/wp\/v2\/tags?post=49584"}],"curies":[{"name":"wp","href":"https:\/\/api.w.org\/{rel}","templated":true}]}}