{"id":49580,"date":"2022-06-06T22:52:18","date_gmt":"2022-06-07T01:52:18","guid":{"rendered":"https:\/\/vocesparalelas.com.ar\/sitio\/?p=49580"},"modified":"2022-06-06T22:52:18","modified_gmt":"2022-06-07T01:52:18","slug":"dia-de-la-ingenieria-argentina-2","status":"publish","type":"post","link":"https:\/\/vocesparalelas.com.ar\/sitio\/dia-de-la-ingenieria-argentina-2\/","title":{"rendered":"D\u00eda de la Ingenier\u00eda Argentina"},"content":{"rendered":"<p>El Decano de la Facultad de Ingenier\u00eda de la Universidad Nacional de San Juan, Esp. Ing. Oscar Mario Fern\u00e1ndez y su equipo de Decanato saludan a los estudiantes y profesionales de la Ingenier\u00eda formados en esta casa y a quienes se desempe\u00f1an en nuestra comunidad, contribuyendo con sus estudios, investigaciones, tareas de transferencia y trabajo cotidiano al desarrollo estrat\u00e9gico de nuestra regi\u00f3n, a trav\u00e9s de la evoluci\u00f3n tecnol\u00f3gica, productiva, cient\u00edfica y sustentable de nuestras comunidades.<\/p>\n<p>En el marco de un a\u00f1o en que se trabaja ardua y comprometidamente en todas las facultades de Ingenier\u00eda del pa\u00eds en pos de la incorporaci\u00f3n de los nuevos est\u00e1ndares de ense\u00f1anza de la Ingenier\u00eda, del aprendizaje centrado en competencias, enfocado en los estudiantes y con una pr\u00e1ctica orientada a proyectos tendientes a la aplicaci\u00f3n permanente de los nuevos conocimientos, m\u00e1s que nunca debemos reconocer la labor invaluable de las y los ingenieros argentinos.<\/p>\n<p>El 6 de Junio se conmemora el D\u00eda de la Ingenier\u00eda Argentina debido a que en esa fecha del a\u00f1o 1870, egres\u00f3 del Departamento de Ciencias Exactas de la Universidad de Buenos Aires la primera cohorte de ingenieros de la Argentina. Entre los once primeros profesionales recibidos en esa casa de altos estudios se encontraba el ingeniero civil, Luis Augusto Huergo. La efem\u00e9ride recuerda especialmente su nombre debido a la importancia que tuvo su actuaci\u00f3n en la construcci\u00f3n de obras emblem\u00e1ticas para el pa\u00eds.<\/p>\n<p>Desde que se recibiera en 1870 el primer ingeniero argentino, Luis Augusto Huergo, tuvo que pasar casi medio siglo para que se graduara en 1918 una mujer, Elisa Beatriz Bachofen, la primera ingeniera de Argentina y Latinoam\u00e9rica.<\/p>\n<p>A pesar de que en la Universidad de Buenos Aires no exist\u00edan reglamentaciones expl\u00edcitas que prohibieran el ingreso a las mujeres, la sociedad y la estructura acad\u00e9mica hegemonizada por varones interpuso obst\u00e1culos que las encorsetaban en determinados estudios y actividades. Bachofen rompi\u00f3 con ese estereotipo de g\u00e9nero y opt\u00f3 por emprender un camino distinto en el \u00e1mbito profesional. De esta forma, no s\u00f3lo se destac\u00f3 en su profesi\u00f3n sino que colabor\u00f3 con el desarrollo sustentable de una sociedad m\u00e1s libre y con menos inequidad.<\/p>\n<p>La Facultad de Ingenier\u00eda, a trav\u00e9s de su equipo de Decanato, saluda a profesionales y estudiantes de Ingenier\u00eda de esta instituci\u00f3n y del pa\u00eds, y felicita por su labor fundamental para el desarrollo de nuestra regi\u00f3n.<\/p>\n<p><img loading=\"lazy\" decoding=\"async\" class=\"alignnone size-full wp-image-49582\" src=\"https:\/\/vocesparalelas.com.ar\/sitio\/wp-content\/uploads\/2022\/06\/FI-INGENIEROS.jpg\" alt=\"\" width=\"800\" height=\"600\" srcset=\"https:\/\/vocesparalelas.com.ar\/sitio\/wp-content\/uploads\/2022\/06\/FI-INGENIEROS.jpg 800w, https:\/\/vocesparalelas.com.ar\/sitio\/wp-content\/uploads\/2022\/06\/FI-INGENIEROS-300x225.jpg 300w, https:\/\/vocesparalelas.com.ar\/sitio\/wp-content\/uploads\/2022\/06\/FI-INGENIEROS-768x576.jpg 768w\" sizes=\"auto, (max-width: 800px) 100vw, 800px\" \/><\/p>\n<p>Publicado el Lunes, 06 de Junio de 2022<\/p>\n<p>&nbsp;<\/p>\n<p>&nbsp;<\/p>\n","protected":false},"excerpt":{"rendered":"<p>El Decano de la Facultad de Ingenier\u00eda de la Universidad Nacional de San Juan, Esp. Ing. Oscar Mario Fern\u00e1ndez y<\/p>\n","protected":false},"author":3,"featured_media":23028,"comment_status":"closed","ping_status":"closed","sticky":false,"template":"","format":"standard","meta":{"_acf_changed":false,"_seopress_robots_primary_cat":"none","_seopress_titles_title":"","_seopress_titles_desc":"","_seopress_robots_index":"","colormag_page_container_layout":"default_layout","colormag_page_sidebar_layout":"default_layout","footnotes":""},"categories":[1],"tags":[],"class_list":["post-49580","post","type-post","status-publish","format-standard","has-post-thumbnail","hentry","category-destacadas"],"acf":[],"_links":{"self":[{"href":"https:\/\/vocesparalelas.com.ar\/sitio\/wp-json\/wp\/v2\/posts\/49580","targetHints":{"allow":["GET"]}}],"collection":[{"href":"https:\/\/vocesparalelas.com.ar\/sitio\/wp-json\/wp\/v2\/posts"}],"about":[{"href":"https:\/\/vocesparalelas.com.ar\/sitio\/wp-json\/wp\/v2\/types\/post"}],"author":[{"embeddable":true,"href":"https:\/\/vocesparalelas.com.ar\/sitio\/wp-json\/wp\/v2\/users\/3"}],"replies":[{"embeddable":true,"href":"https:\/\/vocesparalelas.com.ar\/sitio\/wp-json\/wp\/v2\/comments?post=49580"}],"version-history":[{"count":1,"href":"https:\/\/vocesparalelas.com.ar\/sitio\/wp-json\/wp\/v2\/posts\/49580\/revisions"}],"predecessor-version":[{"id":49583,"href":"https:\/\/vocesparalelas.com.ar\/sitio\/wp-json\/wp\/v2\/posts\/49580\/revisions\/49583"}],"wp:featuredmedia":[{"embeddable":true,"href":"https:\/\/vocesparalelas.com.ar\/sitio\/wp-json\/wp\/v2\/media\/23028"}],"wp:attachment":[{"href":"https:\/\/vocesparalelas.com.ar\/sitio\/wp-json\/wp\/v2\/media?parent=49580"}],"wp:term":[{"taxonomy":"category","embeddable":true,"href":"https:\/\/vocesparalelas.com.ar\/sitio\/wp-json\/wp\/v2\/categories?post=49580"},{"taxonomy":"post_tag","embeddable":true,"href":"https:\/\/vocesparalelas.com.ar\/sitio\/wp-json\/wp\/v2\/tags?post=49580"}],"curies":[{"name":"wp","href":"https:\/\/api.w.org\/{rel}","templated":true}]}}